{"id":362307,"date":"2025-09-03T03:32:21","date_gmt":"2025-09-03T03:32:21","guid":{"rendered":"https:\/\/www.europesays.com\/fr\/362307\/"},"modified":"2025-09-03T03:32:21","modified_gmt":"2025-09-03T03:32:21","slug":"bordeaux-saumur-sur-quelle-chaine-et-comment-regarder-le-match","status":"publish","type":"post","link":"https:\/\/www.europesays.com\/fr\/362307\/","title":{"rendered":"Bordeaux-Saumur : sur quelle cha\u00eene et comment regarder le match ?"},"content":{"rendered":"<p><img decoding=\"async\" src=\"https:\/\/www.europesays.com\/fr\/wp-content\/uploads\/2025\/08\/671_4f675f2a275942bc173ef80e3b72ea2d.jpg\" alt=\"Bordeaux-Saumur : sur quelle cha\u00eene et comment regarder le match ?\" class=\"img-responsive mt-3\"\/><\/p>\n<p class=\"text-center mb-3\" style=\"font-size: 14px\">\u00a9 Iconsport<\/p>\n<p>      <strong>T\u00e9l\u00e9vis\u00e9 sur TV7, avant-match et D\u00e9brief \u00e0 Chaud sur WebGirondins<\/strong><\/p>\n<p style=\"text-align: justify;\">Pour cette rencontre qui se joue avec du public, vous pouvez assister \u00e0 cette opposition depuis le stade Atlantique de Bordeaux.<\/p>\n<p style=\"text-align: justify;\">Sud-Ouest et TV7 sont diffuseurs officiels des Girondins de Bordeaux en National 2 cette saison.<\/p>\n<p style=\"text-align: justify;\">Vous pourrez donc regarder ce match en direct sur la cha\u00eene locale TV7. La cha\u00eene est accessible sur le site Sud-Ouest et sur le canal 33 de la TNT.<\/p>\n<p style=\"text-align: justify;\">Voici comment la trouver sur les diff\u00e9rentes box Internet : SFR (canal 491), Orange (Canal 355), Bbox (canal 334), free (canal 901).<\/p>\n<p style=\"text-align: justify;\">Le match est aussi disponible sur la cha\u00eene YouTube de TV7<\/p>\n<p style=\"text-align: justify;\">De plus, nous vous proposons un avant-match sur WebGirondins \u00e0 17h20, et un live texte sur d\u00e8s 17h45, suivi du D\u00e9brief \u00e0 Chaud du match d\u00e8s 20h en direct sur <strong><a href=\"https:\/\/www.youtube.com\/@WebGirondins33\" target=\"_blank\" rel=\"noopener\">notre cha\u00eene YouTube<\/a><\/strong> avec les r\u00e9actions en live d\u00e8s le coup de sifflet final.<\/p>\n<p style=\"text-align: justify;\">\u00a0<\/p>\n<p style=\"text-align: justify;\">&gt; \u00c0 lire : <strong><a href=\"https:\/\/www.webgirondins.com\/actualite-mercato-girondins-avranches-insiste-pour-yanis-merdji-130267\" target=\"_blank\" rel=\"noopener\">Avranches insiste pour recruter Yanis Merdji<\/a><\/strong><\/p>\n<p style=\"text-align: justify;\">Notre podcast court \u00e0 \u00e9couter :<\/p>\n<p>\u00a0<\/p>\n","protected":false},"excerpt":{"rendered":"\u00a9 Iconsport T\u00e9l\u00e9vis\u00e9 sur TV7, avant-match et D\u00e9brief \u00e0 Chaud sur WebGirondins Pour cette rencontre qui se joue&hellip;\n","protected":false},"author":2,"featured_media":333091,"comment_status":"","ping_status":"","sticky":false,"template":"","format":"standard","meta":{"footnotes":""},"categories":[2817],"tags":[1111,11,2865,1997,3839,20,1777,674,2823,1011,27,1987,10433,3465,955,3238,12,2219,32699,3837,10432,25,3242,3982,3470,395,2858],"class_list":{"0":"post-362307","1":"post","2":"type-post","3":"status-publish","4":"format-standard","5":"has-post-thumbnail","7":"category-bordeaux","8":"tag-actu","9":"tag-actualites","10":"tag-atlantique","11":"tag-bordeaux","12":"tag-chaine","13":"tag-comment","14":"tag-eu","15":"tag-europe","16":"tag-face","17":"tag-fr","18":"tag-france","19":"tag-girondins","20":"tag-jouent","21":"tag-journee","22":"tag-match","23":"tag-national","24":"tag-news","25":"tag-nouvelle-aquitaine","26":"tag-olympique","27":"tag-quelle","28":"tag-regarder","29":"tag-republique-francaise","30":"tag-saison","31":"tag-samedi","32":"tag-saumur","33":"tag-septembre","34":"tag-stade"},"share_on_mastodon":{"url":"https:\/\/pubeurope.com\/@fr\/115138261394966102","error":""},"_links":{"self":[{"href":"https:\/\/www.europesays.com\/fr\/wp-json\/wp\/v2\/posts\/362307","targetHints":{"allow":["GET"]}}],"collection":[{"href":"https:\/\/www.europesays.com\/fr\/wp-json\/wp\/v2\/posts"}],"about":[{"href":"https:\/\/www.europesays.com\/fr\/wp-json\/wp\/v2\/types\/post"}],"author":[{"embeddable":true,"href":"https:\/\/www.europesays.com\/fr\/wp-json\/wp\/v2\/users\/2"}],"replies":[{"embeddable":true,"href":"https:\/\/www.europesays.com\/fr\/wp-json\/wp\/v2\/comments?post=362307"}],"version-history":[{"count":0,"href":"https:\/\/www.europesays.com\/fr\/wp-json\/wp\/v2\/posts\/362307\/revisions"}],"wp:featuredmedia":[{"embeddable":true,"href":"https:\/\/www.europesays.com\/fr\/wp-json\/wp\/v2\/media\/333091"}],"wp:attachment":[{"href":"https:\/\/www.europesays.com\/fr\/wp-json\/wp\/v2\/media?parent=362307"}],"wp:term":[{"taxonomy":"category","embeddable":true,"href":"https:\/\/www.europesays.com\/fr\/wp-json\/wp\/v2\/categories?post=362307"},{"taxonomy":"post_tag","embeddable":true,"href":"https:\/\/www.europesays.com\/fr\/wp-json\/wp\/v2\/tags?post=362307"}],"curies":[{"name":"wp","href":"https:\/\/api.w.org\/{rel}","templated":true}]}}