{"id":362308,"date":"2025-09-03T03:33:10","date_gmt":"2025-09-03T03:33:10","guid":{"rendered":"https:\/\/www.europesays.com\/fr\/362308\/"},"modified":"2025-09-03T03:33:10","modified_gmt":"2025-09-03T03:33:10","slug":"lunion-lhomme-orchestre-wax-me-en-concert-a-lestanquet-samedi","status":"publish","type":"post","link":"https:\/\/www.europesays.com\/fr\/362308\/","title":{"rendered":"L&rsquo;Union. L\u2019homme-orchestre \u00ab\u00a0Wax-Me\u00a0\u00bb en concert \u00e0 L\u2019Estanquet samedi"},"content":{"rendered":"<p>\n                                                                    l&rsquo;essentiel<br \/>\n                                                                Samedi 6 septembre \u00e0 20 h 30, L\u2019Estanquet de l\u2019Olivier accueillera Cyril, v\u00e9ritable homme-orchestre, venu livrer un concert de son \u00ab\u00a0tout seul tour\u00a0\u00bb.\n                            <\/p>\n<p>Alors que l\u2019\u00e9t\u00e9 s\u2019\u00e9tiole, l\u2019ambiance des vacances reste toujours vivace au caf\u00e9 culturel de L\u2019Estanquet. Pour honorer sa deuxi\u00e8me rentr\u00e9e scolaire, cette ancienne mairie-\u00e9cole accueillera un concert atypique ce samedi soir. L\u2019artiste \u00ab\u00a0Wax Me\u00a0\u00bb &#8211; de son vrai pr\u00e9nom Cyril &#8211; viendra proposer une animation musicale in\u00e9dite. Ce touche-\u00e0-tout de la musique, aussi \u00e0 l\u2019aise avec une guitare s\u00e8che qu\u2019\u00e9lectrique, un ukul\u00e9l\u00e9, un clavier, un tapeloops et quelques samples, propose des concerts intimistes et entra\u00eenants.<\/p>\n<p>Ce Toulousain a d\u00e9laiss\u00e9 les formations de groupes pour se lancer dans une exp\u00e9rience solo. Mais pour que le public puisse se plonger \u00e0 oreilles ouvertes dans son univers immersif, il s\u2019appuie sur l\u2019\u00e9lectro pour concevoir des samples en live et accompagner ses compos. Cyril est passionn\u00e9 de pop. Il en fait son ferment pour proposer un catalogue \u00e0 la fois moderne et vintage. La bo\u00eete \u00e0 rythme replonge le spectateur dans les ann\u00e9es 70. Il y associe des touches acidul\u00e9es, un brin psych\u00e9 pour proposer ses propres compos. Mais il ne s\u2019arr\u00eate pas l\u00e0. Il compl\u00e8te son programme en offrant des reprises de grands standards pop, \u00e0 la sauce anglo-saxone, avec du Lennon, du McCartney, du Bowie.<\/p>\n<p>Sa voix \u00e0 la fois grave et claire colle parfaitement au style. Il rythme ses morceaux en sifflant \u00e0 merveille les m\u00e9lodies que tout le monde conna\u00eet. Ce concert est propos\u00e9 gratuitement aux clients du caf\u00e9 municipal. Le public d\u00e9couvrira un moment musical intimiste et envo\u00fbtant samedi 6 septembre de 20 h 30 \u00e0 22 h 30.<\/p>\n<p>Il ne faudra attendre que 6 jours avant le prochain concert propos\u00e9 \u00e0 L\u2019Estanquet. Le groupe Overnap viendra s\u2019y produire le vendredi 12 septembre \u00e0 21 heures.<\/p>\n","protected":false},"excerpt":{"rendered":"l&rsquo;essentiel Samedi 6 septembre \u00e0 20 h 30, L\u2019Estanquet de l\u2019Olivier accueillera Cyril, v\u00e9ritable homme-orchestre, venu livrer un&hellip;\n","protected":false},"author":2,"featured_media":362309,"comment_status":"","ping_status":"","sticky":false,"template":"","format":"standard","meta":{"footnotes":""},"categories":[2816],"tags":[1111,11,1777,674,1011,27,12,2680,25,2312],"class_list":{"0":"post-362308","1":"post","2":"type-post","3":"status-publish","4":"format-standard","5":"has-post-thumbnail","7":"category-toulouse","8":"tag-actu","9":"tag-actualites","10":"tag-eu","11":"tag-europe","12":"tag-fr","13":"tag-france","14":"tag-news","15":"tag-occitanie","16":"tag-republique-francaise","17":"tag-toulouse"},"share_on_mastodon":{"url":"https:\/\/pubeurope.com\/@fr\/115138265397277615","error":""},"_links":{"self":[{"href":"https:\/\/www.europesays.com\/fr\/wp-json\/wp\/v2\/posts\/362308","targetHints":{"allow":["GET"]}}],"collection":[{"href":"https:\/\/www.europesays.com\/fr\/wp-json\/wp\/v2\/posts"}],"about":[{"href":"https:\/\/www.europesays.com\/fr\/wp-json\/wp\/v2\/types\/post"}],"author":[{"embeddable":true,"href":"https:\/\/www.europesays.com\/fr\/wp-json\/wp\/v2\/users\/2"}],"replies":[{"embeddable":true,"href":"https:\/\/www.europesays.com\/fr\/wp-json\/wp\/v2\/comments?post=362308"}],"version-history":[{"count":0,"href":"https:\/\/www.europesays.com\/fr\/wp-json\/wp\/v2\/posts\/362308\/revisions"}],"wp:featuredmedia":[{"embeddable":true,"href":"https:\/\/www.europesays.com\/fr\/wp-json\/wp\/v2\/media\/362309"}],"wp:attachment":[{"href":"https:\/\/www.europesays.com\/fr\/wp-json\/wp\/v2\/media?parent=362308"}],"wp:term":[{"taxonomy":"category","embeddable":true,"href":"https:\/\/www.europesays.com\/fr\/wp-json\/wp\/v2\/categories?post=362308"},{"taxonomy":"post_tag","embeddable":true,"href":"https:\/\/www.europesays.com\/fr\/wp-json\/wp\/v2\/tags?post=362308"}],"curies":[{"name":"wp","href":"https:\/\/api.w.org\/{rel}","templated":true}]}}