{"id":362310,"date":"2025-09-03T03:34:13","date_gmt":"2025-09-03T03:34:13","guid":{"rendered":"https:\/\/www.europesays.com\/fr\/362310\/"},"modified":"2025-09-03T03:34:13","modified_gmt":"2025-09-03T03:34:13","slug":"le-retour-de-lete-a-toulouse-et-en-occitanie-ce-mercredi-les-temperatures-remontent","status":"publish","type":"post","link":"https:\/\/www.europesays.com\/fr\/362310\/","title":{"rendered":"Le retour de l&rsquo;\u00e9t\u00e9 \u00e0 Toulouse et en Occitanie ce mercredi : les temp\u00e9ratures remontent"},"content":{"rendered":"<p>            Par<br \/>\n        <strong><br \/>\n            <a href=\"https:\/\/actu.fr\/auteur\/david-saint-sernin\" title=\"Consulter tous les articles de David Saint-Sernin\" rel=\"nofollow noopener\" target=\"_blank\">David Saint-Sernin<\/a><br \/>\n        <\/strong><\/p>\n<p>        Publi\u00e9 le<\/p>\n<p>            3 sept. 2025 \u00e0 5h06        <\/p>\n<p>Si l\u2019\u00e9t\u00e9 m\u00e9t\u00e9orologique s\u2019est arr\u00eat\u00e9 le 1er septembre, mercredi 3 septembre 2025 sera une journ\u00e9e franchement estivale. Voici les pr\u00e9visions de <strong>M\u00e9t\u00e9o France.<\/strong><\/p>\n<p>Beau et doux le matin\u00a0<\/p>\n<p class=\" wall-content\">La matin\u00e9e va d\u00e9buter sous un franc soleil quelque soit votre point de chute en Occitanie. Avec d\u00e9j\u00e0 des temp\u00e9ratures tr\u00e8s tr\u00e8s douces. Il fera 22\u00b0 \u00e0 Toulouse le matin et pr\u00e8s de 24\u00b0 \u00e0 N\u00eemes et Perpignan. En milieu urbain, c\u2019est \u00e0 Rodez qu\u2019il fera le plus frais avec 19\u00b0.<\/p>\n<p>    <img   decoding=\"async\" loading=\"lazy\" src=\"https:\/\/www.europesays.com\/fr\/wp-content\/uploads\/2025\/09\/capture-decran-2025-09-02-133749-960x640.png\" alt=\"La m\u00e9t\u00e9o de votre mercredi matin \u00e0 Toulouse et en Occitanie\" width=\"960\" height=\"640\"\/><br \/>\n    La m\u00e9t\u00e9o de votre mercredi matin \u00e0 Toulouse et en Occitanie (\u00a9M\u00e9t\u00e9o France)Chaleur l\u2019apr\u00e8s-midi<\/p>\n<p class=\" wall-content\">L\u2019apr\u00e8s-midi, la m\u00e9t\u00e9o restera au beau. Avce des temp\u00e9ratures qui grimperont pour fr\u00f4ler les 30 degr\u00e9s dans le Gers et le Tarn. Il fera 28\u00b0 \u00e0 Toulouse.\u00a0<\/p>\n<p>    <img   decoding=\"async\" loading=\"lazy\" src=\"https:\/\/www.europesays.com\/fr\/wp-content\/uploads\/2025\/09\/capture-decran-2025-09-02-133756-960x640.png\" alt=\"La m\u00e9t\u00e9o de votre mercredi apr\u00e8s-midi \u00e0 Toulouse et en Occitanie\" width=\"960\" height=\"640\"\/><br \/>\n    La m\u00e9t\u00e9o de votre mercredi apr\u00e8s-midi \u00e0 Toulouse et en Occitanie (\u00a9M\u00e9t\u00e9o France)<\/p>\n<p class=\" wall-content\">Personnalisez votre actualit\u00e9 en ajoutant vos villes et m\u00e9dias en favori avec <a href=\"https:\/\/moncompte.actu.fr\" title=\"D\u00e9couvez Mon Actu\" rel=\"nofollow noopener\" data-trk=\"{&quot;cta&quot;:{&quot;action&quot;:&quot;https:\\\/\\\/moncompte.actu.fr&quot;,&quot;category&quot;:&quot;mon compte&quot;,&quot;from&quot;:&quot;article footer&quot;,&quot;name&quot;:&quot;Mon actu&quot;,&quot;type&quot;:&quot;cta&quot;}}\" target=\"_blank\">Mon Actu<\/a>.<\/p>\n","protected":false},"excerpt":{"rendered":"Par David Saint-Sernin Publi\u00e9 le 3 sept. 2025 \u00e0 5h06 Si l\u2019\u00e9t\u00e9 m\u00e9t\u00e9orologique s\u2019est arr\u00eat\u00e9 le 1er septembre,&hellip;\n","protected":false},"author":2,"featured_media":362311,"comment_status":"","ping_status":"","sticky":false,"template":"","format":"standard","meta":{"footnotes":""},"categories":[2816],"tags":[1111,11,1777,674,1011,27,12,2680,25,104,2312],"class_list":{"0":"post-362310","1":"post","2":"type-post","3":"status-publish","4":"format-standard","5":"has-post-thumbnail","7":"category-toulouse","8":"tag-actu","9":"tag-actualites","10":"tag-eu","11":"tag-europe","12":"tag-fr","13":"tag-france","14":"tag-news","15":"tag-occitanie","16":"tag-republique-francaise","17":"tag-societe","18":"tag-toulouse"},"share_on_mastodon":{"url":"https:\/\/pubeurope.com\/@fr\/115138269299395071","error":""},"_links":{"self":[{"href":"https:\/\/www.europesays.com\/fr\/wp-json\/wp\/v2\/posts\/362310","targetHints":{"allow":["GET"]}}],"collection":[{"href":"https:\/\/www.europesays.com\/fr\/wp-json\/wp\/v2\/posts"}],"about":[{"href":"https:\/\/www.europesays.com\/fr\/wp-json\/wp\/v2\/types\/post"}],"author":[{"embeddable":true,"href":"https:\/\/www.europesays.com\/fr\/wp-json\/wp\/v2\/users\/2"}],"replies":[{"embeddable":true,"href":"https:\/\/www.europesays.com\/fr\/wp-json\/wp\/v2\/comments?post=362310"}],"version-history":[{"count":0,"href":"https:\/\/www.europesays.com\/fr\/wp-json\/wp\/v2\/posts\/362310\/revisions"}],"wp:featuredmedia":[{"embeddable":true,"href":"https:\/\/www.europesays.com\/fr\/wp-json\/wp\/v2\/media\/362311"}],"wp:attachment":[{"href":"https:\/\/www.europesays.com\/fr\/wp-json\/wp\/v2\/media?parent=362310"}],"wp:term":[{"taxonomy":"category","embeddable":true,"href":"https:\/\/www.europesays.com\/fr\/wp-json\/wp\/v2\/categories?post=362310"},{"taxonomy":"post_tag","embeddable":true,"href":"https:\/\/www.europesays.com\/fr\/wp-json\/wp\/v2\/tags?post=362310"}],"curies":[{"name":"wp","href":"https:\/\/api.w.org\/{rel}","templated":true}]}}