{"id":362312,"date":"2025-09-03T03:36:36","date_gmt":"2025-09-03T03:36:36","guid":{"rendered":"https:\/\/www.europesays.com\/fr\/362312\/"},"modified":"2025-09-03T03:36:36","modified_gmt":"2025-09-03T03:36:36","slug":"le-restaurant-ephemere-de-street-food-a-emporter-a-lille","status":"publish","type":"post","link":"https:\/\/www.europesays.com\/fr\/362312\/","title":{"rendered":"le restaurant \u00e9ph\u00e8m\u00e8re de street food \u00e0 emporter \u00e0 Lille"},"content":{"rendered":"<p>Tu connais s\u00fbrement <strong>Mesa<\/strong>, ce rooftop \u00e9l\u00e9gant perch\u00e9 au-dessus de Lille qui a su s\u00e9duire les amateurs de cuisine du monde et de soir\u00e9es styl\u00e9es. Cette fois, Mesa descend dans la rue avec un <strong>concept \u00e9ph\u00e9m\u00e8re<\/strong>, accessible \u00e0 tous : <strong>Fragment by Mesa<\/strong>, un<strong> restaurant street food \u00e0 emporter<\/strong> uniquement, en plein c\u0153ur du <strong>Vieux-Lille<\/strong>.<\/p>\n<blockquote class=\"instagram-media\" data-instgrm-captioned=\"\" data-instgrm-permalink=\"https:\/\/www.instagram.com\/reel\/DOGqjEcDCSB\/?utm_source=ig_embed&amp;utm_campaign=loading\" data-instgrm-version=\"14\" style=\" background:#FFF; border:0; border-radius:3px; box-shadow:0 0 1px 0 rgba(0,0,0,0.5),0 1px 10px 0 rgba(0,0,0,0.15); margin: 1px; max-width:540px; min-width:326px; padding:0; width:99.375%; width:-webkit-calc(100% - 2px); width:calc(100% - 2px);\"\/>\n<p><strong>Un spot street food ouvert d\u00e8s 8h30 \u00e0 Lille<\/strong><\/p>\n<p>Fragment by Mesa ouvre ses portes d\u00e8s <strong>8h30 du mardi au vendredi<\/strong> et <strong>9h30 le samedi<\/strong>, parfait pour une pause caf\u00e9 matinale ou un petit-d\u00e9j gourmand. Que tu sois de passage dans le <strong>Vieux-Lille<\/strong> ou que tu travailles dans le quartier, tu peux profiter d\u2019une offre <strong>\u00e0 emporter<\/strong>, rapide et qualitative. Sandwichs, p\u00e2tisseries, boissons chaudes ou fra\u00eeches : c\u2019est l\u2019endroit id\u00e9al pour grignoter sur le pouce.<\/p>\n<p><strong>Menu gourmand sign\u00e9 Mesa : sandwichs du monde, p\u00e2tisseries et jus detox<\/strong><\/p>\n<p>Le menu de <strong>Fragment by Mesa<\/strong> met \u00e0 l\u2019honneur une cuisine simple et accessible toujours twister avec des saveurs du monde, des produits locaux avec une touche maison :<\/p>\n<ul class=\"wp-block-list\">\n<li><strong>Sandwichs du monde<\/strong> : cubain, mexicain, italien\u2026 pr\u00e9par\u00e9s avec des <strong>produits bruts et locaux<\/strong><strong><br \/><\/strong><\/li>\n<li><strong>Sauces fum\u00e9es maison<\/strong>, twist\u00e9es \u00e0 la signature Mesa<\/li>\n<li><strong>P\u00e2tisseries maison<\/strong> : cookies XXL, beignets fourr\u00e9s, gourmandise assur\u00e9e<\/li>\n<li><strong>Boissons chaudes et fra\u00eeches<\/strong>, y compris des <strong>jus d\u00e9tox maison<\/strong>, pour rester trendy toute la journ\u00e9e<\/li>\n<\/ul>\n<p><img fetchpriority=\"high\" decoding=\"async\" width=\"640\" height=\"521\" data-id=\"123329\" src=\"https:\/\/www.europesays.com\/fr\/wp-content\/uploads\/2025\/09\/capture-decran-2025-09-02-a-12.22.13-moyenne.jpeg\" alt=\"screenshot\" class=\"wp-image-123329\"  \/>American Beef Dog<\/p>\n<p><img loading=\"lazy\" decoding=\"async\" width=\"640\" height=\"538\" data-id=\"123327\" src=\"https:\/\/www.europesays.com\/fr\/wp-content\/uploads\/2025\/09\/capture-decran-2025-09-02-a-12.22.20-moyenne.jpeg\" alt=\"screenshot\" class=\"wp-image-123327\"  \/>Paris Truffe<\/p>\n<p><img loading=\"lazy\" decoding=\"async\" width=\"640\" height=\"533\" data-id=\"123328\" src=\"https:\/\/www.europesays.com\/fr\/wp-content\/uploads\/2025\/09\/capture-decran-2025-09-02-a-12.22.27-moyenne.jpeg\" alt=\"screenshot\" class=\"wp-image-123328\"  \/>Les Pouilles<\/p>\n<p>Chaque bouch\u00e9e refl\u00e8te le style de Mesa, mais en version <strong>street food<\/strong>, simple et directe.<\/p>\n<p><strong>Une adresse \u00e9ph\u00e9m\u00e8re qui fait parler d\u2019elle \u00e0 Lille<\/strong><\/p>\n<p>Le spot se trouve au <strong>37 rue Basse<\/strong>, dans l\u2019ancien local de Laqu\u00e9quetterie, en plein c\u0153ur du <strong>Vieux-Lille<\/strong>. Fragment by Mesa est l\u00e0 <strong>pour quelques semaines seulement<\/strong>, le temps du mois septembre, avant de dispara\u00eetre\u2026 et peut-\u00eatre de r\u00e9appara\u00eetre ailleurs. Si tu cherches une <strong>nouvelle adresse street food \u00e0 Lille<\/strong><strong> \u00e0 emporter<\/strong>, ou juste un lieu pour savourer <strong>sandwichs du monde, p\u00e2tisseries maison et boissons fra\u00eeches<\/strong>, Fragment by Mesa est pour toi.<\/p>\n<p><strong>Infos pratiques<\/strong><\/p>\n<ul class=\"wp-block-list\">\n<li>37 rue Basse, Lille<\/li>\n<li>Mardi au vendredi : 8h30-17h30 \/ samedi : 9h30-18h \/ dimanche : ferm\u00e9<\/li>\n<li>\u00c0 emporter uniquement<\/li>\n<\/ul>\n<p><strong>Envie de suivre tout ce qui se passe de mieux \u00e0 Lille ? \u00c7a se passe sur Instagram !<\/strong><\/p>\n<p>Adresses et sorties incontournables, anecdotes, histoires\u2026 Tu trouveras tr\u00e8s certainement ton bonheur sur cette page. En plus, on est qu\u2019entre gens bien et il ne manque que toi. <a href=\"https:\/\/www.instagram.com\/lille_addict\/\" rel=\"nofollow noopener\" target=\"_blank\">\u00c7a se passe ici<\/a><strong>.<\/strong><\/p>\n<p>\t\t\t\t<script async src=\"\/\/www.instagram.com\/embed.js\"><\/script><\/p>\n","protected":false},"excerpt":{"rendered":"Tu connais s\u00fbrement Mesa, ce rooftop \u00e9l\u00e9gant perch\u00e9 au-dessus de Lille qui a su s\u00e9duire les amateurs de&hellip;\n","protected":false},"author":2,"featured_media":290402,"comment_status":"","ping_status":"","sticky":false,"template":"","format":"standard","meta":{"footnotes":""},"categories":[2815],"tags":[1111,11,1777,674,1011,27,811,1307,12,25],"class_list":{"0":"post-362312","1":"post","2":"type-post","3":"status-publish","4":"format-standard","5":"has-post-thumbnail","7":"category-lille","8":"tag-actu","9":"tag-actualites","10":"tag-eu","11":"tag-europe","12":"tag-fr","13":"tag-france","14":"tag-hauts-de-france","15":"tag-lille","16":"tag-news","17":"tag-republique-francaise"},"share_on_mastodon":{"url":"https:\/\/pubeurope.com\/@fr\/115138277293405999","error":""},"_links":{"self":[{"href":"https:\/\/www.europesays.com\/fr\/wp-json\/wp\/v2\/posts\/362312","targetHints":{"allow":["GET"]}}],"collection":[{"href":"https:\/\/www.europesays.com\/fr\/wp-json\/wp\/v2\/posts"}],"about":[{"href":"https:\/\/www.europesays.com\/fr\/wp-json\/wp\/v2\/types\/post"}],"author":[{"embeddable":true,"href":"https:\/\/www.europesays.com\/fr\/wp-json\/wp\/v2\/users\/2"}],"replies":[{"embeddable":true,"href":"https:\/\/www.europesays.com\/fr\/wp-json\/wp\/v2\/comments?post=362312"}],"version-history":[{"count":0,"href":"https:\/\/www.europesays.com\/fr\/wp-json\/wp\/v2\/posts\/362312\/revisions"}],"wp:featuredmedia":[{"embeddable":true,"href":"https:\/\/www.europesays.com\/fr\/wp-json\/wp\/v2\/media\/290402"}],"wp:attachment":[{"href":"https:\/\/www.europesays.com\/fr\/wp-json\/wp\/v2\/media?parent=362312"}],"wp:term":[{"taxonomy":"category","embeddable":true,"href":"https:\/\/www.europesays.com\/fr\/wp-json\/wp\/v2\/categories?post=362312"},{"taxonomy":"post_tag","embeddable":true,"href":"https:\/\/www.europesays.com\/fr\/wp-json\/wp\/v2\/tags?post=362312"}],"curies":[{"name":"wp","href":"https:\/\/api.w.org\/{rel}","templated":true}]}}