{"id":362313,"date":"2025-09-03T03:37:18","date_gmt":"2025-09-03T03:37:18","guid":{"rendered":"https:\/\/www.europesays.com\/fr\/362313\/"},"modified":"2025-09-03T03:37:18","modified_gmt":"2025-09-03T03:37:18","slug":"la-surveillance-des-plages-des-catalans-et-corbieres-prolongees","status":"publish","type":"post","link":"https:\/\/www.europesays.com\/fr\/362313\/","title":{"rendered":"La surveillance des plages des Catalans et Corbi\u00e8res prolong\u00e9es"},"content":{"rendered":"<p>Apr\u00e8s les orages, place \u00e0 l\u2019\u00e9t\u00e9 indien. La Ville de Marseille annonce mardi 2 septembre la prolongation de deux dispositifs estivaux. Apr\u00e8s le d\u00e9ploiement cet \u00e9t\u00e9 de quatre bassins mobiles dans les quartiers pour initier les enfants \u00e0 la natation, le bassin du \u201cTrain des sables\u201d sur les plages du Prado restera ouvert jusqu\u2019aux vacances d\u2019automne, tandis que la saison baln\u00e9aire se prolongera sur les plages des Catalans et de Corbi\u00e8res jusqu\u2019au 14 septembre.<\/p>\n<p>Plages des Catalans et Corbi\u00e8res : une exp\u00e9rimentation avant une extension ?<\/p>\n<p>\u00ab Dans une volont\u00e9 d\u2019adapter l\u2019offre aux usages et \u00e0 la fr\u00e9quentation tardive des plages, la Ville de Marseille lance une phase de test de prolongement de la saison baln\u00e9aire sur la plage des Catalans et la plage de Corbi\u00e8res. La surveillance y sera maintenue jusqu\u2019au 14 septembre 2025, au-del\u00e0 de la p\u00e9riode habituelle, afin d\u2019\u00e9valuer la faisabilit\u00e9 d\u2019une extension plus large du dispositif dans les prochaines ann\u00e9es \u00bb, explique la municipalit\u00e9.<\/p>\n<p>Concernant le maintien du bassin mobile du \u201cTrain des sables\u201d jusqu\u2019aux vacances d\u2019automne 2025, la mairie affirme que l\u2019objectif d\u2019ensemble est de former cette ann\u00e9e dans le cadre du programme \u00ab Savoir Nager Estival \u00bb 3\u00a0400 enfants contre 1\u00a0467 en 2024. \u00ab\u00a0Entre le 8 septembre et le 17 octobre, 300 enfants de maternelle pourront suivre des stages de 8 s\u00e9ances. D\u00e9j\u00e0 9 classes se sont inscrites, confirmant l\u2019int\u00e9r\u00eat des enseignants pour ce dispositif \u00e9ducatif et sportif\u00a0\u00bb, souligne la mairie.<\/p>\n<p><a data-no-instant=\"1\" href=\"https:\/\/www.maregionsud.fr\/actualites\/detail\/pour-la-rentree-scolaire-ca-se-pass-avec-la-region-sud\" rel=\"noopener nofollow\" class=\"a2t-link\" target=\"_blank\" aria-label=\"CampagneRentree2025_banniere_728x90_SANTE\"><img loading=\"lazy\" decoding=\"async\" src=\"data:image\/svg+xml,%3Csvg%20xmlns=\" http:=\"\" alt=\"\" width=\"728\" height=\"90\" style=\"display: inline-block;\" data-lazy-src=\"https:\/\/www.europesays.com\/fr\/wp-content\/uploads\/2025\/09\/campagnerentree2025_banniere_728x90_sante.gif\"\/><\/a><\/p>\n<p class=\"has-background\" style=\"background-color:#f3f5f7\">Liens utiles :<\/p>\n<p>&gt; <strong><a href=\"https:\/\/gomet.net\/plage-de-bonneveine-ce-qu-il-faut-savoir\/\" target=\"_blank\" rel=\"noreferrer noopener nofollow\">Plage de Bonneveine : ce qu\u2019il faut savoir<\/a><br \/><\/strong>&gt;<strong> <a href=\"https:\/\/gomet.net\/expo-le-littoral-sud-de-marseille-en-plein-air\/\" target=\"_blank\" rel=\"noreferrer noopener nofollow\">Le littoral sud de Marseille se d\u00e9voile en exposition \u00e0 l\u2019Escale Bor\u00e9ly<\/a><br \/><a href=\"https:\/\/gomet.net\/plage-du-prophete-le-mille-feuille-de-posidonie\/\" rel=\"nofollow noopener\" target=\"_blank\"><\/strong>&gt;<strong> <a href=\"https:\/\/gomet.net\/plage-du-prophete-le-mille-feuille-de-posidonie\/\" target=\"_blank\" rel=\"noreferrer noopener nofollow\">Plage du Proph\u00e8te\u00a0: le mille-feuille de posidonie, un chantier in\u00e9dit<\/a><\/strong><\/p>\n","protected":false},"excerpt":{"rendered":"Apr\u00e8s les orages, place \u00e0 l\u2019\u00e9t\u00e9 indien. La Ville de Marseille annonce mardi 2 septembre la prolongation de&hellip;\n","protected":false},"author":2,"featured_media":362314,"comment_status":"","ping_status":"","sticky":false,"template":"","format":"standard","meta":{"footnotes":""},"categories":[2814],"tags":[1111,11,1777,674,1011,27,884,12,882,25],"class_list":{"0":"post-362313","1":"post","2":"type-post","3":"status-publish","4":"format-standard","5":"has-post-thumbnail","7":"category-marseille","8":"tag-actu","9":"tag-actualites","10":"tag-eu","11":"tag-europe","12":"tag-fr","13":"tag-france","14":"tag-marseille","15":"tag-news","16":"tag-provence-alpes-cote-dazur","17":"tag-republique-francaise"},"share_on_mastodon":{"url":"https:\/\/pubeurope.com\/@fr\/115138281080006474","error":""},"_links":{"self":[{"href":"https:\/\/www.europesays.com\/fr\/wp-json\/wp\/v2\/posts\/362313","targetHints":{"allow":["GET"]}}],"collection":[{"href":"https:\/\/www.europesays.com\/fr\/wp-json\/wp\/v2\/posts"}],"about":[{"href":"https:\/\/www.europesays.com\/fr\/wp-json\/wp\/v2\/types\/post"}],"author":[{"embeddable":true,"href":"https:\/\/www.europesays.com\/fr\/wp-json\/wp\/v2\/users\/2"}],"replies":[{"embeddable":true,"href":"https:\/\/www.europesays.com\/fr\/wp-json\/wp\/v2\/comments?post=362313"}],"version-history":[{"count":0,"href":"https:\/\/www.europesays.com\/fr\/wp-json\/wp\/v2\/posts\/362313\/revisions"}],"wp:featuredmedia":[{"embeddable":true,"href":"https:\/\/www.europesays.com\/fr\/wp-json\/wp\/v2\/media\/362314"}],"wp:attachment":[{"href":"https:\/\/www.europesays.com\/fr\/wp-json\/wp\/v2\/media?parent=362313"}],"wp:term":[{"taxonomy":"category","embeddable":true,"href":"https:\/\/www.europesays.com\/fr\/wp-json\/wp\/v2\/categories?post=362313"},{"taxonomy":"post_tag","embeddable":true,"href":"https:\/\/www.europesays.com\/fr\/wp-json\/wp\/v2\/tags?post=362313"}],"curies":[{"name":"wp","href":"https:\/\/api.w.org\/{rel}","templated":true}]}}