{"id":362315,"date":"2025-09-03T03:38:11","date_gmt":"2025-09-03T03:38:11","guid":{"rendered":"https:\/\/www.europesays.com\/fr\/362315\/"},"modified":"2025-09-03T03:38:11","modified_gmt":"2025-09-03T03:38:11","slug":"instable-violent-sous-controle-judiciaire-sans-suivi-psychiatrique-qui-est-celui-qui-voulait-terminer-son-periple-meurtrier-en-mourant","status":"publish","type":"post","link":"https:\/\/www.europesays.com\/fr\/362315\/","title":{"rendered":"instable, violent, sous contr\u00f4le judiciaire, sans suivi psychiatrique&#8230; qui est celui qui voulait \u00ab\u00a0terminer son p\u00e9riple meurtrier en mourant\u00a0\u00bb"},"content":{"rendered":"<p class=\"article__intro\">Abdelakader D., l&rsquo;assaillant, \u00e9tait connu par le renseignement territorial pour son comportement instable et violent. Il avait d\u00e9j\u00e0 \u00e9t\u00e9 rep\u00e9r\u00e9 par les services de l&rsquo;\u00c9tat pour des propos antis\u00e9mites. Selon les premi\u00e8res informations, l&rsquo;attaque au couteau \u00e0 Marseille aurait \u00e9t\u00e9 d\u00e9clench\u00e9e par un diff\u00e9rend priv\u00e9.<\/p>\n<p>\n      La Quotidienne Soci\u00e9t\u00e9\n    <\/p>\n<p>\n      De la vie quotidienne aux grands enjeux, recevez tous les jours les sujets qui font la soci\u00e9t\u00e9 locale, comme la justice, l\u2019\u00e9ducation, la sant\u00e9 et la famille.\n    <\/p>\n<p>    France T\u00e9l\u00e9visions utilise votre adresse e-mail afin de vous envoyer la newsletter \u00ab\u00a0La Quotidienne Soci\u00e9t\u00e9\u00a0\u00bb. Vous pouvez vous d\u00e9sinscrire \u00e0 tout moment via le lien en bas de cette newsletter. <a target=\"_blank\" href=\"https:\/\/www.francetelevisions.fr\/groupe\/confidentialite\/politique-de-confidentialite\/politique-de-confidentialite-de-france-televisions-6503\" rel=\"nofollow noopener\">Notre politique de confidentialit\u00e9<\/a><\/p>\n<p>Ce mardi 2 septembre, vers 15H00, un homme a bless\u00e9 cinq personnes \u00e0 l&rsquo;arme blanche, rue des Petites Maries et sur le cours Belsunce, dans le 1er arrondissement de Marseille. <a href=\"https:\/\/france3-regions.franceinfo.fr\/provence-alpes-cote-d-azur\/bouches-du-rhone\/marseille\/coups-de-feu-terrasses-bondees-une-personne-touchee-une-importante-intervention-de-police-en-cours-dans-le-centre-ville-de-marseille-3210200.html\" data-tooltip-url=\"https:\/\/france3-regions.franceinfo.fr\/provence-alpes-cote-d-azur\/bouches-du-rhone\/marseille\/coups-de-feu-terrasses-bondees-une-personne-touchee-une-importante-intervention-de-police-en-cours-dans-le-centre-ville-de-marseille-3210200.html\" rel=\"nofollow noopener\" target=\"_blank\">L&rsquo;assaillant a ensuite \u00e9t\u00e9 abattu<\/a> par une patrouille de police. France 3 Provence-Alpes fait le point sur le profil de l&rsquo;assaillant d&rsquo;apr\u00e8s les premiers \u00e9l\u00e9ments.<\/p>\n<p>Connu pour son instabilit\u00e9, des violences et des propos antis\u00e9mites<\/p>\n<p>L&rsquo;agresseur, Abdelkader D., de nationalit\u00e9 tunisienne,\u00a0 \u00e2g\u00e9 de 35 ans, \u00e9tait connu des services de renseignement territorial pour son comportement instable \u00e0 potentialit\u00e9 violente, selon une source confirm\u00e9e \u00e0 France 3 Provence-Alpes. Interpell\u00e9, plac\u00e9 plusieurs fois en garde \u00e0 vue pour des faits de violences et sous contr\u00f4le judiciaire, il ne b\u00e9n\u00e9ficiait pas d&rsquo;un suivi psychiatrique.<\/p>\n<p>Le ministre de l&rsquo;Int\u00e9rieur, Bruno Retailleau, venu \u00e0 Marseille ce mardi soir quelques heures apr\u00e8s\u00a0 l&rsquo;attaque, explique que le pr\u00e9fet de l&rsquo;H\u00e9rault \u00ab\u00a0avait activ\u00e9 un article 40\u00a0\u00bb contre le suspect et donc alert\u00e9 le parquet : \u00ab\u00a0le 20 ou 22 ao\u00fbt dernier\u00a0\u00bb, Abdelkader D.a prof\u00e9r\u00e9 des paroles antis\u00e9mites devant une mosqu\u00e9e de S\u00e8te.<\/p>\n<p>\u00ab\u00a0Le motif de radicalisation semble \u00e9cart\u00e9\u00a0\u00bb<\/p>\n<p>Bruno Retailleau, dans son point presse r\u00e9alis\u00e9 au commissariat de l&rsquo;\u00c9v\u00each\u00e9, le soir apr\u00e8s l&rsquo;attaque, indique que le Parquet National antiterroriste (PNAT) ne s&rsquo;est pas saisi de l&rsquo;affaire pour l&rsquo;instant, et que le \u00ab\u00a0mobile de la radicalisation semble \u00e9cart\u00e9.\u00a0\u00bb<\/p>\n<p>D&rsquo;apr\u00e8s les premiers \u00e9l\u00e9ments de l&rsquo;enqu\u00eate, l&rsquo;homme, de nationalit\u00e9 tunisienne et en situation r\u00e9guli\u00e8re sur le territoire fran\u00e7ais avec un titre de s\u00e9jour valable jusqu&rsquo;en 2032, avait \u00e9t\u00e9 expuls\u00e9 d&rsquo;un h\u00f4tel du cours Belsunce pour des impay\u00e9s quelques jours plus t\u00f4t, avant d&rsquo;y revenir ce mardi en d\u00e9but d&rsquo;apr\u00e8s-midi pour s&rsquo;attaquer au g\u00e9rant. Le procureur de Marseille, Nicolas Bessone, rajoute que l&rsquo;assaillant a prononc\u00e9 \u00ab\u00a0un certain nombre de paroles\u00a0\u00bb au moment des faits, que les enqu\u00eateurs sont en train de recouper.<\/p>\n<p>\u00ab\u00a0L&rsquo;individu voulait terminer son p\u00e9riple meurtrier en mourant\u00a0\u00bb<\/p>\n<p>Selon le ministre de l&rsquo;Int\u00e9rieur, qui s&rsquo;est entretenu avec les policiers aux fronti\u00e8res ( PAF) qui sont intervenus pour neutraliser l&rsquo;assaillant, les agents lui ont confi\u00e9 que le suspect voulait \u00ab\u00a0voulait terminer son p\u00e9riple meurtrier en mourant\u00a0\u00bb. Dans une vid\u00e9o, tourn\u00e9e par un t\u00e9moin, et que nous avons d\u00e9cid\u00e9 de couper avant les tirs mortels, l&rsquo;homme, agit\u00e9, est mis en joue par plusieurs policiers.<\/p>\n<p>    dur\u00e9e de la vid\u00e9o : 00h00mn25s<\/p>\n<p>        <img decoding=\"async\" width=\"640\" height=\"426\" class=\"article-image not-lazy\" src=\"https:\/\/france3-regions.franceinfo.fr\/assets\/img\/logos\/fallbackFr3_16_9.webp\" alt=\"\" fetchpriority=\"high\"\/><\/p>\n<p>              Voir la video\u00a0(25 secondes).\u00a0<br \/>\n                  25 sec<\/p>\n<p>\n          Ce mardi 2 septembre, cours Belsunce \u00e0 Marseille, un homme a \u00e9t\u00e9 abattu apr\u00e8s avoir menac\u00e9 des policiers et bless\u00e9 cinq personnes au couteau.<\/p>\n<p>        \u2022<\/p>\n<p>              \u00a9France T\u00e9l\u00e9visions\n      <\/p>\n<p>D&rsquo;apr\u00e8s le procureur, le suspect \u00e9tait porteur de deux couteaux et d&rsquo;une matraque. C&rsquo;est avec ces armes qu&rsquo;il a d&rsquo;abord poignard\u00e9 son ancien colocataire dans la chambre d&rsquo;h\u00f4tel qu&rsquo;il occupait auparavant, avant de s&rsquo;attaquer au g\u00e9rant de l&rsquo;\u00e9tablissement et \u00e0 son fils, puis de descendre dans la rue pour s&rsquo;attaquer au propri\u00e9taire d&rsquo;un \u00ab\u00a0snack\u00a0\u00bb, et \u00e0 d&rsquo;autres personnes pr\u00e9sentes cours Belsunce.\u00a0Parmi ses cinq victimes, une est en \u00e9tat d&rsquo;urgence absolue non stabilis\u00e9.\u00a0<\/p>\n","protected":false},"excerpt":{"rendered":"Abdelakader D., l&rsquo;assaillant, \u00e9tait connu par le renseignement territorial pour son comportement instable et violent. Il avait d\u00e9j\u00e0&hellip;\n","protected":false},"author":2,"featured_media":362316,"comment_status":"","ping_status":"","sticky":false,"template":"","format":"standard","meta":{"footnotes":""},"categories":[2814],"tags":[1111,11,1777,674,1011,27,884,12,882,25],"class_list":{"0":"post-362315","1":"post","2":"type-post","3":"status-publish","4":"format-standard","5":"has-post-thumbnail","7":"category-marseille","8":"tag-actu","9":"tag-actualites","10":"tag-eu","11":"tag-europe","12":"tag-fr","13":"tag-france","14":"tag-marseille","15":"tag-news","16":"tag-provence-alpes-cote-dazur","17":"tag-republique-francaise"},"share_on_mastodon":{"url":"https:\/\/pubeurope.com\/@fr\/115138285131084240","error":""},"_links":{"self":[{"href":"https:\/\/www.europesays.com\/fr\/wp-json\/wp\/v2\/posts\/362315","targetHints":{"allow":["GET"]}}],"collection":[{"href":"https:\/\/www.europesays.com\/fr\/wp-json\/wp\/v2\/posts"}],"about":[{"href":"https:\/\/www.europesays.com\/fr\/wp-json\/wp\/v2\/types\/post"}],"author":[{"embeddable":true,"href":"https:\/\/www.europesays.com\/fr\/wp-json\/wp\/v2\/users\/2"}],"replies":[{"embeddable":true,"href":"https:\/\/www.europesays.com\/fr\/wp-json\/wp\/v2\/comments?post=362315"}],"version-history":[{"count":0,"href":"https:\/\/www.europesays.com\/fr\/wp-json\/wp\/v2\/posts\/362315\/revisions"}],"wp:featuredmedia":[{"embeddable":true,"href":"https:\/\/www.europesays.com\/fr\/wp-json\/wp\/v2\/media\/362316"}],"wp:attachment":[{"href":"https:\/\/www.europesays.com\/fr\/wp-json\/wp\/v2\/media?parent=362315"}],"wp:term":[{"taxonomy":"category","embeddable":true,"href":"https:\/\/www.europesays.com\/fr\/wp-json\/wp\/v2\/categories?post=362315"},{"taxonomy":"post_tag","embeddable":true,"href":"https:\/\/www.europesays.com\/fr\/wp-json\/wp\/v2\/tags?post=362315"}],"curies":[{"name":"wp","href":"https:\/\/api.w.org\/{rel}","templated":true}]}}