{"id":362317,"date":"2025-09-03T03:39:15","date_gmt":"2025-09-03T03:39:15","guid":{"rendered":"https:\/\/www.europesays.com\/fr\/362317\/"},"modified":"2025-09-03T03:39:15","modified_gmt":"2025-09-03T03:39:15","slug":"il-faut-arreter-de-bunkeriser-la-presquile","status":"publish","type":"post","link":"https:\/\/www.europesays.com\/fr\/362317\/","title":{"rendered":"Il faut arr\u00eater de bunkeriser la Presqu&rsquo;\u00eele"},"content":{"rendered":"<p>            Par<br \/>\n        <strong><br \/>\n            <a href=\"https:\/\/actu.fr\/auteur\/theo-zuili\" title=\"Consulter tous les articles de Th\u00e9o Zuili\" target=\"_blank\" rel=\"noopener\">Th\u00e9o Zuili<\/a><br \/>\n        <\/strong><\/p>\n<p>        Publi\u00e9 le<\/p>\n<p>            2 sept. 2025 \u00e0 18h01        <\/p>\n<p>Jeune trentenaire, <a href=\"https:\/\/actu.fr\/auvergne-rhone-alpes\/lyon_69123\/pierre-oliver-maire-du-2e-gregory-doucet-matraque-les-familles-de-lyon_60115304.html\" target=\"_blank\" rel=\"noopener\">Pierre Oliver<\/a> termine son premier mandat de maire du 2\u1d49 arrondissement. \u00c9lu en 2020, l\u2019\u00e9dile LR proche de <a href=\"https:\/\/actu.fr\/tag\/laurent-wauquiez\" target=\"_blank\" rel=\"noopener\">Laurent Wauquiez<\/a> s\u2019est rapidement impos\u00e9 comme <strong>l\u2019une des figures de la droite lyonnaise<\/strong> et de l\u2019opposition \u00e0 <a href=\"https:\/\/actu.fr\/tag\/gregory-doucet\" target=\"_blank\" rel=\"noopener\">Gr\u00e9gory Doucet<\/a>, maire \u00e9cologiste de <a href=\"https:\/\/actu.fr\/auvergne-rhone-alpes\/lyon_69123\" target=\"_blank\" rel=\"noopener\">Lyon<\/a>.<br \/>Fils d\u2019expatri\u00e9s, il a grandi plus de dix ans en Roumanie et pass\u00e9 son bac au Caire. Arriv\u00e9 en France en 2010, il adh\u00e8re \u00e0 l\u2019UMP \u00ab\u00a0d\u00e8s le lendemain\u00a0\u00bb et obtient une licence de droit et un master en gestion des collectivit\u00e9s. Il devient conseiller r\u00e9gional en 2021 et collaborateur de Nicolas d\u2019Aragon, \u00e9ph\u00e9m\u00e8re ministre d\u00e9l\u00e9gu\u00e9 \u00e0 la S\u00e9curit\u00e9 du quotidien.<br \/>Encore <strong>candidat \u00e0 la mairie de Lyon<\/strong> pour les \u00e9lections municipales malgr\u00e9 les signaux d\u2019une p<a href=\"https:\/\/actu.fr\/auvergne-rhone-alpes\/lyon_69123\/municipales-2026-a-lyon-jean-michel-aulas-et-pierre-oliver-a-deux-doigts-d-une-alliance_63094432.html\" target=\"_blank\" rel=\"noopener\">otentielle alliance dans un futur proche<\/a> derri\u00e8re <a href=\"https:\/\/actu.fr\/tag\/jean-michel-aulas\" target=\"_blank\" rel=\"noopener\">Jean-Michel Aulas<\/a>, Pierre Oliver candidate \u00e9galement \u00e0 sa succession \u00e0 la mairie du 2\u1d49 arrondissement. <br \/>Il r\u00e9pond aux questions d\u2019actu Lyon.<\/p>\n<p>Sans-abrisme en explosion, quelles solutions ?<\/p>\n<p class=\"ac-article-content__question wall-content\"><strong class=\"color-primary\">Actu : <\/strong>En 2020, vous \u00e9tiez le plus jeune maire de l\u2019agglom\u00e9ration. Qu\u2019est-ce qui a chang\u00e9 chez vous depuis ?<\/p>\n<p class=\" wall-content\"><strong class=\"color-primary\">Pierre Oliver : <\/strong>Je n&rsquo;ai encore que 33 ans, ce qui reste tr\u00e8s jeune pour un \u00e9lu. On apprend beaucoup au cours d&rsquo;un mandat comme celui-l\u00e0. On a l&rsquo;occasion de croiser des gens qui ont d&rsquo;immenses difficult\u00e9s financi\u00e8res et \u00e7a permet de mesurer l&rsquo;\u00e9nergie qu&rsquo;on doit d\u00e9ployer pour aider ces personnes.<\/p>\n<p>J&rsquo;ai tenu \u00e0 recevoir individuellement tous les demandeurs (pr\u00e8s de 300 par an, ndlr) de logements sociaux sur l&rsquo;arrondissement. C&rsquo;est quelque chose qui m&rsquo;a beaucoup touch\u00e9 au long de ce mandat. Quand on n&rsquo;est pas maire, \u00e0 moins qu&rsquo;on travaille dans des associations, on ne conna\u00eet pas ces r\u00e9alit\u00e9s.<\/p>\n<p class=\"ac-article-content__question wall-content\">Le 2\u1d49 arrondissement est justement touch\u00e9 par la probl\u00e9matique du sans-abrisme et les chiffres montrent une explosion du ph\u00e9nom\u00e8ne. Avez-vous des solutions \u00e0 ce sujet ?<\/p>\n<p class=\" wall-content\"><strong class=\"color-primary\">PO : <\/strong>Il est clair qu&rsquo;il faudrait construire plus de logements. C&rsquo;est une des grandes difficult\u00e9s du mandat Doucet\/Bernard : le logement \u00e9tait en crise \u00e0 cause d&rsquo;eux sur les trois premi\u00e8res ann\u00e9es, et \u00e0 cause du contexte international pendant les trois suivantes. On a eu une situation dramatique du logement pendant six ans, ce qui a fait augmenter le sans-abrisme.<\/p>\n<p>La deuxi\u00e8me raison n&rsquo;appartient pas aux \u00e9lus lyonnais, c&rsquo;est la crise migratoire. L&rsquo;une des solutions, c&rsquo;est d&rsquo;arr\u00eater de recevoir tout le monde en France, car nous ne sommes pas capables de les int\u00e9grer.<\/p>\n<p>Six ans d\u2019opposition, quel bilan ?<\/p>\n<p class=\"ac-article-content__question wall-content\">Quel regard portez-vous sur votre mandat ?<\/p>\n<p class=\" wall-content\"><strong class=\"color-primary\">PO : <\/strong>Mon combat a \u00e9t\u00e9 d&rsquo;aller taper \u00e0 toutes les portes pour obtenir un maximum de financements pour pouvoir porter un maximum de sujets pour Lyon. J&rsquo;ai obtenu la r\u00e9habilitation du commissariat de la rue de la Charit\u00e9 suite \u00e0 un rendez-vous avec G\u00e9rald Darmanin, la r\u00e9habilitation int\u00e9grale du lyc\u00e9e Juliette R\u00e9camier, o\u00f9 j&rsquo;ai obtenu 35 millions d&rsquo;euros de Laurent Wauquiez, pour un million d&rsquo;euros j&rsquo;ai obtenu aussi la r\u00e9habilitation de l&rsquo;orgue de l&rsquo;\u00e9glise Saint-Nizier&#8230; <\/p>\n<p>Gr\u00e9gory Doucet, lui, nous l&rsquo;a particuli\u00e8rement montr\u00e9 sur ce mandat : il n&rsquo;a aucun r\u00e9seau. De fait, c&rsquo;est plus difficile pour lui d&rsquo;obtenir des financements.<\/p>\n<p class=\"ac-article-content__question wall-content\">Depuis 2020, quelle a \u00e9t\u00e9 votre r\u00e9elle marge de man\u0153uvre en tant que maire d\u2019arrondissement ? Avez-vous eu les moyens d\u2019imposer des projets ou d&rsquo;en emp\u00eacher l&rsquo;application ?<\/p>\n<p class=\" wall-content\"><strong class=\"color-primary\">PO : <\/strong>C&rsquo;est partag\u00e9. On a obtenu gain de cause contre la fermeture de la rue Sala ou contre le t\u00e9l\u00e9ph\u00e9rique, mais on s&rsquo;est oppos\u00e9s sans succ\u00e8s \u00e0 l&rsquo;installation de l&rsquo;\u0153uvre place Bellecour ou \u00e0 la Zone \u00e0 trafic limit\u00e9. On a toujours essay\u00e9 de d\u00e9fendre l&rsquo;int\u00e9r\u00eat des habitants du 2\u1d49.<\/p>\n<p>On s&rsquo;est roul\u00e9s par terre pendant six ans pour obtenir des cam\u00e9ras, et sur les dix obtenues, il y en a deux pour surveiller l&rsquo;\u0153uvre d&rsquo;art de la place Bellecour&#8230; En 2026, si on reprend le pouvoir, on sait d\u00e9j\u00e0 l\u00e0 o\u00f9 on pourra s&rsquo;am\u00e9liorer.<\/p>\n<p>    <img   decoding=\"async\" loading=\"lazy\" src=\"https:\/\/www.europesays.com\/fr\/wp-content\/uploads\/2025\/09\/ztl-rue-de-la-rpeublique-lyon-960x640.jpg\" alt=\"L'entr\u00e9e de la ZTL rue de la R\u00e9publique \u00e0 Lyon.\" width=\"960\" height=\"640\"\/><br \/>\n    L\u2019entr\u00e9e de la ZTL rue de la R\u00e9publique \u00e0 Lyon. (\u00a9Nicolas Zaugra\/ actu Lyon)<\/p>\n<p>Votre r\u00e9gion, votre actu !<\/p>\n<p>Recevez chaque jour les infos qui comptent pour vous.<\/p>\n<p>\t<a href=\"https:\/\/actu.fr\/newsletter\" class=\"ac-btn ac-btn--corner ac-btn--medium ac-btn--blue800\" target=\"_blank\" rel=\"noopener\">S&rsquo;incrire<\/a><\/p>\n<p class=\"ac-article-content__question wall-content\">Est-ce que vous \u00eates aussi force de proposition ? Avez-vous pu mener \u00e0 bien votre vision pour le 2\u1d49 arrondissement ?<\/p>\n<p class=\" wall-content\"><strong class=\"color-primary\">PO : <\/strong>J&rsquo;ai un exemple qui a \u00e9t\u00e9 tr\u00e8s long, je le dis humblement : c&rsquo;est la cour de l&rsquo;\u00e9cole Lamartine, place des Jacobins. On avait eu des enfants qui avaient r\u00e9ussi \u00e0 s&rsquo;\u00e9chapper, car les grillages n&rsquo;\u00e9taient pas adapt\u00e9s&#8230; On avait une cour minuscule&#8230; \u00e7a a \u00e9t\u00e9 un combat, car on les a relanc\u00e9s tous les mois pendant trois ans pour obtenir cette r\u00e9alisation. Si nous n&rsquo;avions pas \u00e9t\u00e9 l\u00e0, \u00e7a n&rsquo;aurait jamais eu lieu.<\/p>\n<p>On ne gagne pas sur tout, mais on a des avanc\u00e9es. \u00c7a d\u00e9pend souvent du pragmatisme des \u00e9lus qu&rsquo;on avait en face de tous : c&rsquo;\u00e9tait bien plus simple de discuter avec des \u00e9lus PS que des \u00e9lus \u00e9colos, souvent tr\u00e8s born\u00e9s, qui avaient des difficult\u00e9s \u00e0 concevoir qu&rsquo;un projet vienne d&rsquo;un autre bord politique.<\/p>\n<p>Crise commerciale en Presqu\u2019\u00eele : un avis tranch\u00e9<\/p>\n<p class=\"ac-article-content__question wall-content\">Rue Victor-Hugo, la politique de pr\u00e9emption des commerces mise en place par les \u00e9cologistes est-elle satisfaisante ?<\/p>\n<p class=\" wall-content\"><strong class=\"color-primary\">PO : <\/strong>Il n&rsquo;y a pas eu de pr\u00e9emption, seulement deux locaux pr\u00e9empt\u00e9s sur le mandat, \u00e0 la Guilloti\u00e8re. Avec un grand succ\u00e8s, il faut le reconna\u00eetre, \u00e7a a tout chang\u00e9 \u00e0 la Guilloti\u00e8re (il ironise, ndlr). L\u00e0-dessus, on est rentr\u00e9s dans un faux d\u00e9bat. Comme pour la v\u00e9g\u00e9talisation de la place Bellecour, il faut arr\u00eater de mentir aux gens. La r\u00e9alit\u00e9, c&rsquo;est que la mairie de Lyon n&rsquo;a absolument pas les capacit\u00e9s financi\u00e8res de devenir ma\u00eetre de la politique commerciale.<\/p>\n<p>La rue Victor-Hugo a le probl\u00e8me de toutes les rues pi\u00e9tonnes : la logique, c&rsquo;est d&rsquo;avoir des fast-foods, des sandwicheries, des boutiques qu&rsquo;on pourrait trouver dans tous les centres commerciaux de la plan\u00e8te. Mais on n&rsquo;a pas de commerce ind\u00e9pendant et on en n&rsquo;aura jamais. M\u00eame si on pr\u00e9emptait pour installer un commerce de quartier, il ne fonctionnerait pas. Les gens viennent du m\u00e9tro A, d\u00e9ambulent et consomment tr\u00e8s peu. Le panier moyen est autour de 2\u20ac, ce n&rsquo;est pas avec \u00e7a qu&rsquo;on peut faire tourner des boutiques ind\u00e9pendantes ou de grandes marques.<\/p>\n<p>Il faut un \u00e9quilibre, c&rsquo;est logique d&rsquo;avoir des grands axes structurants pi\u00e9tons, mais c&rsquo;est dans les petites rues autour qu&rsquo;on trouve les commerces ind\u00e9pendants et les boutiques haut de gamme.<\/p>\n<p>    <img   decoding=\"async\" loading=\"lazy\" src=\"https:\/\/www.europesays.com\/fr\/wp-content\/uploads\/2025\/09\/pierre-oliver-aurore-berge-lyon-960x640.jpg\" alt=\"Pierre Oliver, maire LR du 2e arrondissement de Lyon et la ministre Aurore Berg\u00e9 d\u00e9ambulant rue Victor Hugo, mercredi 23 juillet 2025.\" width=\"960\" height=\"640\"\/><br \/>\n    Pierre Oliver, maire LR du 2e arrondissement de Lyon et la ministre Aurore Berg\u00e9 d\u00e9ambulant rue Victor Hugo, mercredi 23 juillet 2025. (\u00a9Nicolas Zaugra\/ actu Lyon)<\/p>\n<p class=\"ac-article-content__question wall-content\">Que proposez-vous pour redynamiser la Presqu\u2019\u00eele ?<\/p>\n<p class=\" wall-content\"><strong class=\"color-primary\">PO : <\/strong>Comment on \u00e9vite que le centre-ville se transforme en zone uniquement tertiaire ou h\u00f4teli\u00e8re ? Il faut permettre \u00e0 toutes les personnes qui habitent l&rsquo;ouest lyonnais de revenir en ville avec une politique de stationnement avantageuse.<\/p>\n<p>Il faut arr\u00eater de faire de la Presqu&rsquo;\u00eele un bunker, car en r\u00e9duisant toutes les voies, on emp\u00eache les gens de venir et le commerce meurt. Aujourd&rsquo;hui, ce qui est terrible, c&rsquo;est que les \u00e9cologistes qui d\u00e9fendent pr\u00e9tendument les commerces de proximit\u00e9 ont \u00e9t\u00e9 le plus grand tremplin \u00e0 Amazon et au Village des marques. Une famille qui habite \u00c9cully aujourd&rsquo;hui, un samedi midi, met moins de temps \u00e0 aller \u00e0 Villefontaine qu&rsquo;\u00e0 se garer en Presqu&rsquo;\u00eele. Et l\u00e0-bas, le parking est gratuit.<\/p>\n<p>Il faut permettre aux familles de vivre en ville. D&rsquo;abord, supprimer l&rsquo;encadrement des loyers, qui part d&rsquo;une bonne volont\u00e9, mais qui a eu l&rsquo;effet pervers de faire d\u00e9guerpir les investisseurs de Lyon. La moiti\u00e9, voire les deux tiers des nouveaux logements construits sont achet\u00e9s par des investisseurs, qui se sont tourn\u00e9s vers d&rsquo;autres march\u00e9s, plombant la construction et la commercialisation des programmes.<\/p>\n<p class=\"ac-article-content__question wall-content\">Comment construire en ville et dans quelles proportions ?<\/p>\n<p class=\" wall-content\"><strong class=\"color-primary\">PO : <\/strong>Il faut un Plan local d&rsquo;urbanisme plus permissif en ville pour permettre de construire : les \u00e9cologistes m\u00e8nent une strat\u00e9gie immobili\u00e8re qui consiste \u00e0 dire \u00ab\u00a0nous, on ne construit pas, on sauve la plan\u00e8te\u00a0\u00bb : \u00e0 cause de \u00e7a, ce sont les banlieues et souvent les deuxi\u00e8mes et troisi\u00e8mes couronnes largement urbanis\u00e9es qui continuent de voir leurs sols artificialis\u00e9s. Si on densifie en ville autour des arr\u00eats de m\u00e9tro et de tram, la strat\u00e9gie de mobilit\u00e9 et de lutte contre le r\u00e9chauffement climatique serait beaucoup plus pertinente. Et \u00e7a permettrait \u00e0 de nombreuses familles de se loger.<\/p>\n<p>Aujourd&rsquo;hui, on construit entre 1 500 et 2 000 logements par an dans l&rsquo;agglom\u00e9ration, l&rsquo;objectif serait d&rsquo;atteindre entre 7 000 et 8 000, comme pendant les quasi vingt ann\u00e9es du mandat de G\u00e9rard Collomb.<\/p>\n<p>Autoroute urbaine, piscine dans le Rh\u00f4ne, Perrache\u2026<\/p>\n<p class=\"ac-article-content__question wall-content\">L&rsquo;extr\u00eame droite, comme les \u00e9cologistes, veut \u00e0 terme d\u00e9manteler la M6-M7, et vous ?<\/p>\n<p class=\" wall-content\"><strong class=\"color-primary\">PO : <\/strong>Ils mentent. C&rsquo;est impossible tant que personne ne voudra faire un contournement de Lyon. Il faut arr\u00eater de prendre les gens pour des imb\u00e9ciles. Jamais l&rsquo;\u00c9tat ne laissera l&rsquo;axe nord-sud coup\u00e9 par des feux rouges !\u00a0Je pense que les seuls moyens de d\u00e9tourner la M6-M7, c&rsquo;est soit un p\u00e9riph\u00e9rique tel que l&rsquo;anneau des Sciences, soit un contournement plus large qui d\u00e9vie le trafic national du centre de Lyon.<\/p>\n<p class=\"ac-article-content__question wall-content\">La piscine dans la darse de Confluence est un projet qui a votre soutien ? Y a-t-il d&rsquo;autres actions des \u00e9cologistes que vous applaudissez comme celle-ci ?<\/p>\n<p class=\" wall-content\"><strong class=\"color-primary\">PO : <\/strong>C&rsquo;est une bonne nouvelle face \u00e0 la p\u00e9nurie. On le d\u00e9fendait avec la droite aux derni\u00e8res \u00e9lections municipales. J&rsquo;avais \u00e9t\u00e9 ravi \u00e0 l&rsquo;\u00e9poque de partager aux \u00e9cologistes nos travaux de recherche pour qu&rsquo;on puisse aboutir \u00e0 ce projet. Je pensais que \u00e7a allait aboutir sur ce mandat, mais \u00e7a s&rsquo;est transform\u00e9 en promesse \u00e9lectorale de Gr\u00e9gory Doucet.<\/p>\n<p>Quand on est dans l&rsquo;opposition, on a tendance \u00e0 nous entendre sur les sujets qui ne vont pas. Mais j&rsquo;ai un autre exemple : la r\u00e9glementation des trottinettes. C&rsquo;\u00e9tait l&rsquo;anarchie en 2020. Il faudrait prendre exemple pour limiter aussi la vitesse des V\u00e9lo&rsquo;v \u00e9lectriques sur les axes pi\u00e9tons.<\/p>\n<p>    <img   decoding=\"async\" loading=\"lazy\" src=\"https:\/\/www.europesays.com\/fr\/wp-content\/uploads\/2025\/09\/darse-confluence-lyon-baignade-piscine-saone-960x640.jpeg\" alt=\"Un bassin pour se baigner dans la Sa\u00f4ne \u00e0 Lyon sera am\u00e9nag\u00e9 \u00e0 Confluence pour 2027 : le d\u00e9tail des annonces de la Ville et la M\u00e9tropole.\" width=\"960\" height=\"640\"\/><br \/>\n    Un bassin pour se baigner dans la Sa\u00f4ne \u00e0 Lyon sera am\u00e9nag\u00e9 \u00e0 Confluence pour 2027. (\u00a9Th\u00e9o Zuili \/ actu Lyon)<\/p>\n<p class=\"ac-article-content__question wall-content\">Sur le projet de r\u00e9am\u00e9nagement de la verrue de Perrache, qu\u2019est-ce qui vous convainc et qu\u2019est-ce qui vous inqui\u00e8te ?<\/p>\n<p class=\" wall-content\"><strong class=\"color-primary\">PO : <\/strong>C&rsquo;est une tr\u00e8s bonne chose, je suis globalement favorable, le centre d&rsquo;\u00e9changes en avait grandement besoin. Je regrette juste qu&rsquo;il y ait autant d&rsquo;id\u00e9ologie pour si peu de pragmatisme. On n&rsquo;arrivera pas \u00e0 avoir un vrai centre de logistique en centre-ville : cette zone de logistique urbaine vient prendre la place du stationnement \u00e0 la gare. Dans leur logique, des v\u00e9los vont venir chercher la marchandise et la livrer en centre-ville : dans la vraie vie, \u00e7a n&rsquo;existe pas. \u00c7a a \u00e9t\u00e9 la mode, mais c&rsquo;est de la com&rsquo;.<\/p>\n<p>Au contraire, on aurait pu en faire un grand parking urbain qui permette \u00e0 chacun ensuite d&rsquo;utiliser les TCL ou la marche pour acc\u00e9der aux commerces de la Presqu&rsquo;\u00eele.<\/p>\n<p>Un roi des r\u00e9seaux sociaux, \u00e0 quel prix ?<\/p>\n<p class=\"ac-article-content__question wall-content\">Vous \u00eates patron de l&rsquo;opposition, vous apparaissez en vid\u00e9o, vous parlez aux jeunes et \u00e7a cartonne&#8230; C\u2019est une strat\u00e9gie qui vous rend visible, mais certains disent que \u00e7a fr\u00f4le la caricature. Comment vous l\u2019assumez ?<\/p>\n<p class=\" wall-content\"><strong class=\"color-primary\">PO : <\/strong>J&rsquo;ai voulu ouvrir l&rsquo;actualit\u00e9 \u00e0 une base plus large. Quand on voit qu&rsquo;un jeune sur deux s&rsquo;informe sur les r\u00e9seaux sociaux, c&rsquo;est important de pouvoir rendre l&rsquo;information accessible \u00e0 tous. Les audiences du conseil municipal sont ridicules compar\u00e9es au prix de la diffusion. Il faut s&rsquo;adapter aux codes et c&rsquo;est ce que j&rsquo;ai voulu faire en tant que pr\u00e9sident de l&rsquo;opposition en pointant les inepties de la mairie \u00e9colo, et il faut reconna\u00eetre qu&rsquo;ils nous ont donn\u00e9 de la mati\u00e8re.<\/p>\n<p>La difficult\u00e9, c&rsquo;est que quand on sort autant de contenu, il faut \u00eatre extr\u00eamement vigilant \u00e0 tout ce qu&rsquo;on raconte. Surtout qu&rsquo;en face de nous, la mairie et la m\u00e9tropole ont des arm\u00e9es mexicaines de gens pour contr\u00f4ler tout ce qu&rsquo;on dit et qui v\u00e9rifient tout.<\/p>\n<p class=\" wall-content\"><a href=\"https:\/\/www.instagram.com\/p\/DNr8vA_WPCh\/embed\" title=\"Ouvrir le lien sur Instagram\" target=\"_blank\" rel=\"noopener\">Visualiser le contenu sur Instagram<\/a><\/p>\n<p class=\"ac-article-content__question wall-content\">Justement, on vous reprend plusieurs fois pour la diffusion d&rsquo;informations sans v\u00e9rification&#8230; assumez-vous cette strat\u00e9gie ?<\/p>\n<p class=\" wall-content\"><strong class=\"color-primary\">PO : <\/strong>Il faut \u00eatre extr\u00eamement vigilant \u00e0 tout, et je vous l&rsquo;accorde, c&rsquo;est important. Sur les bancs qui g\u00eaneraient les secours rue de la R\u00e9publique, les personnalit\u00e9s que j&rsquo;ai contact\u00e9es n&rsquo;ont pas \u00e9t\u00e9 en mesure de m&rsquo;apporter la preuve que j&rsquo;avais tort. J&rsquo;ai h\u00e2te de recevoir la copie du rapport pour \u00eatre s\u00fbr que je me sois tromp\u00e9, et le cas \u00e9chant, je serais le premier \u00e0 dire que je me suis tromp\u00e9.<\/p>\n<p>\u00c7a arrive \u00e0 tout le monde. J&rsquo;ai le souvenir du maire de Lyon qui s&rsquo;\u00e9tait pr\u00e9cipit\u00e9 pour annoncer qu&rsquo;il allait v\u00e9g\u00e9taliser la place Bellecour, c&rsquo;\u00e9tait malheureusement un grossier mensonge. On doit tous faire attention. J&rsquo;ai eu l&rsquo;occasion de moi-m\u00eame me corriger : par exemple, sur le prix des billets des TCL, j&rsquo;ai retir\u00e9 l&rsquo;infographie. Quand je me trompe, je suis le premier \u00e0 faire le mea-culpa. C&rsquo;est rare que les politiques assument leurs erreurs, mais c&rsquo;est notre responsabilit\u00e9. Il ne faut pas oublier que l&rsquo;opposition n&rsquo;a pas toutes les informations. Moi, j&rsquo;ai un collaborateur, eux, ils ont 9 000 personnes chacun.<\/p>\n<p>Oliver proche d\u2019une alliance derri\u00e8re Aulas<\/p>\n<p class=\"ac-article-content__question wall-content\">Quelle est aujourd&rsquo;hui votre relation avec Laurent Wauquiez, vous accorde-t-il toujours son soutien ?<\/p>\n<p class=\" wall-content\"><strong class=\"color-primary\">PO : <\/strong>Plus que jamais. J&rsquo;inscris mon parcours dans celui de Laurent Wauquiez, c&rsquo;est gr\u00e2ce \u00e0 lui que je suis l\u00e0 aujourd&rsquo;hui. Pour les municipales 2026, on est en train de r\u00e9fl\u00e9chir \u00e0 la meilleure solution. On a ouvert des discussions avec Jean-Michel Aulas, l&rsquo;une des personnalit\u00e9s qui s&rsquo;est impos\u00e9e ces derniers mois, \u00e7a avance tr\u00e8s bien. La probabilit\u00e9 qu&rsquo;on parte ensemble est plus forte qu&rsquo;on parte divis\u00e9s.\u00a0<\/p>\n<p>    <img   decoding=\"async\" loading=\"lazy\" src=\"https:\/\/www.europesays.com\/fr\/wp-content\/uploads\/2025\/09\/jean-michel-aulas-pierre-oliver-candidat-municipales-2026-lyon-960x640.png\" alt=\"Le chef de file de l'opposition \u00e0 Gr\u00e9gory Doucet, Pierre Oliver (LR), annonce \u00eatre tout proche de se ranger derri\u00e8re la candidature de Jean-Michel Aulas lors des \u00e9lections municipales de 2026 \u00e0 Lyon.\" width=\"960\" height=\"640\"\/><br \/>\n    Le chef de file de l\u2019opposition \u00e0 Gr\u00e9gory Doucet, Pierre Oliver (LR), annonce \u00eatre tout proche de se ranger derri\u00e8re la candidature de Jean-Michel Aulas lors des \u00e9lections municipales de 2026 \u00e0 Lyon. (\u00a9Montage actu Lyon \/ Nicolas Zaugra \/ Th\u00e9o Zuili)<\/p>\n<p class=\"ac-article-content__question wall-content\">Vous avez pourtant \u00e9t\u00e9 secou\u00e9 par les \u00e9quipes Aulas, avec du harc\u00e8lement sur la voie publique et les r\u00e9seaux sociaux&#8230; leur strat\u00e9gie a donc march\u00e9 ?<\/p>\n<p class=\" wall-content\"><strong class=\"color-primary\">PO : <\/strong>Le plus dur pour moi, \u00e7a a \u00e9t\u00e9 les tacles de certains camarades LR. Certaines personnes de ma famille politique ont pr\u00e9f\u00e9r\u00e9 s&rsquo;attaquer \u00e0 moi plut\u00f4t que d\u00e9fendre un esprit de clan. Je pense que c&rsquo;est par opportunisme, il ne faut rien y voir de personnel. <\/p>\n<p>La difficult\u00e9, c&rsquo;est que j&rsquo;en ai \u00e9t\u00e9 affaibli dans la foul\u00e9e lors des n\u00e9gociations. Mais quoi qu&rsquo;il arrive \u00e0 la fin, le seul objectif est que nous soyons tous unis. Demain, je serai ravi de travailler avec Gilles Gascon, V\u00e9ronique Sarselli, B\u00e9atrice de Montille&#8230;<\/p>\n<p>L&rsquo;avantage, c&rsquo;est qu&rsquo;\u00e9changer avec Jean-Michel Aulas, c&rsquo;est agr\u00e9able : on partage un m\u00eame socle d&rsquo;id\u00e9e, on a une vision globalement identique sur Lyon, ce qui facilite de rapprochement. Laurent Wauquiez a \u00e9t\u00e9 au c\u0153ur des \u00e9changes.<\/p>\n<p>Je ne veux pas passer ma vie dans l&rsquo;opposition, je veux pouvoir agir concr\u00e8tement au service de nos concitoyens. Je pr\u00e9f\u00e8re largement \u00eatre num\u00e9ro 2 d&rsquo;une \u00e9quipe qui gagne que num\u00e9ro 1 d&rsquo;une \u00e9quipe qui perd.<\/p>\n<p class=\"ac-article-content__question wall-content\">Quel message envoyez-vous aux \u00e9lecteurs qui h\u00e9sitent entre le vote LR, le vote centriste ou RN ?<\/p>\n<p class=\" wall-content\"><strong class=\"color-primary\">PO : <\/strong>C&rsquo;est simple : aujourd&rsquo;hui, le RN ne gagnera pas \u00e0 Lyon, donc une voix pour le RN, c&rsquo;est une voix pour Gr\u00e9gory Doucet. Plus le RN sera fort, plus il sera r\u00e9\u00e9lu dans un fauteuil. Aujourd&rsquo;hui, le RN est le meilleur alli\u00e9 de Gr\u00e9gory Doucet dans les \u00e9lections municipales, c&rsquo;est une \u00e9vidence.<\/p>\n<p class=\" wall-content\">Personnalisez votre actualit\u00e9 en ajoutant vos villes et m\u00e9dias en favori avec <a href=\"https:\/\/moncompte.actu.fr\" title=\"D\u00e9couvez Mon Actu\" rel=\"nofollow noopener\" data-trk=\"{&quot;cta&quot;:{&quot;action&quot;:&quot;https:\\\/\\\/moncompte.actu.fr&quot;,&quot;category&quot;:&quot;mon compte&quot;,&quot;from&quot;:&quot;article footer&quot;,&quot;name&quot;:&quot;Mon actu&quot;,&quot;type&quot;:&quot;cta&quot;}}\" target=\"_blank\">Mon Actu<\/a>.<\/p>\n<p>                    <script async src=\"\/\/www.instagram.com\/embed.js\"><\/script><\/p>\n","protected":false},"excerpt":{"rendered":"Par Th\u00e9o Zuili Publi\u00e9 le 2 sept. 2025 \u00e0 18h01 Jeune trentenaire, Pierre Oliver termine son premier mandat&hellip;\n","protected":false},"author":2,"featured_media":362318,"comment_status":"","ping_status":"","sticky":false,"template":"","format":"standard","meta":{"footnotes":""},"categories":[1889],"tags":[1111,11,2430,4188,1777,674,1011,27,5226,5639,2428,3434,12,316,25],"class_list":{"0":"post-362317","1":"post","2":"type-post","3":"status-publish","4":"format-standard","5":"has-post-thumbnail","7":"category-lyon","8":"tag-actu","9":"tag-actualites","10":"tag-auvergne-rhone-alpes","11":"tag-elections-municipales","12":"tag-eu","13":"tag-europe","14":"tag-fr","15":"tag-france","16":"tag-gregory-doucet","17":"tag-laurent-wauquiez","18":"tag-lyon","19":"tag-municipales-2026","20":"tag-news","21":"tag-politique","22":"tag-republique-francaise"},"share_on_mastodon":{"url":"https:\/\/pubeurope.com\/@fr\/115138289206924291","error":""},"_links":{"self":[{"href":"https:\/\/www.europesays.com\/fr\/wp-json\/wp\/v2\/posts\/362317","targetHints":{"allow":["GET"]}}],"collection":[{"href":"https:\/\/www.europesays.com\/fr\/wp-json\/wp\/v2\/posts"}],"about":[{"href":"https:\/\/www.europesays.com\/fr\/wp-json\/wp\/v2\/types\/post"}],"author":[{"embeddable":true,"href":"https:\/\/www.europesays.com\/fr\/wp-json\/wp\/v2\/users\/2"}],"replies":[{"embeddable":true,"href":"https:\/\/www.europesays.com\/fr\/wp-json\/wp\/v2\/comments?post=362317"}],"version-history":[{"count":0,"href":"https:\/\/www.europesays.com\/fr\/wp-json\/wp\/v2\/posts\/362317\/revisions"}],"wp:featuredmedia":[{"embeddable":true,"href":"https:\/\/www.europesays.com\/fr\/wp-json\/wp\/v2\/media\/362318"}],"wp:attachment":[{"href":"https:\/\/www.europesays.com\/fr\/wp-json\/wp\/v2\/media?parent=362317"}],"wp:term":[{"taxonomy":"category","embeddable":true,"href":"https:\/\/www.europesays.com\/fr\/wp-json\/wp\/v2\/categories?post=362317"},{"taxonomy":"post_tag","embeddable":true,"href":"https:\/\/www.europesays.com\/fr\/wp-json\/wp\/v2\/tags?post=362317"}],"curies":[{"name":"wp","href":"https:\/\/api.w.org\/{rel}","templated":true}]}}