{"id":362319,"date":"2025-09-03T03:40:18","date_gmt":"2025-09-03T03:40:18","guid":{"rendered":"https:\/\/www.europesays.com\/fr\/362319\/"},"modified":"2025-09-03T03:40:18","modified_gmt":"2025-09-03T03:40:18","slug":"lyon-ce-concept-de-restaurant-chinois-ne-a-paris-ouvre-a-confluence-tout-savoir","status":"publish","type":"post","link":"https:\/\/www.europesays.com\/fr\/362319\/","title":{"rendered":"Lyon. Ce concept de restaurant chinois n\u00e9 \u00e0 Paris ouvre \u00e0 Confluence : tout savoir"},"content":{"rendered":"<p>            Par<br \/>\n        <strong><br \/>\n            <a href=\"https:\/\/actu.fr\/auteur\/redaction-lyon\" title=\"Consulter tous les articles de R\u00e9daction Lyon\" target=\"_blank\" rel=\"noopener\">R\u00e9daction Lyon<\/a><br \/>\n        <\/strong><\/p>\n<p>        Publi\u00e9 le<\/p>\n<p>            2 sept. 2025 \u00e0 18h04        <\/p>\n<p>Un nouveau restaurant chinois a ouvert au p\u00f4le de commerces et de loisirs de <a href=\"https:\/\/actu.fr\/tag\/confluence\" target=\"_blank\" rel=\"noopener\">Confluence<\/a>, mercredi 27 ao\u00fbt. Apr\u00e8s Paris, o\u00f9 les avis sont plut\u00f4t bons, <strong>TrantranZa\u00ef<\/strong> inaugure son premier \u00e9tablissement lyonnais, au niveau 2 du centre, \u00e0 proximit\u00e9 d\u2019Eclipso.<\/p>\n<p class=\" wall-content\">Sp\u00e9cialis\u00e9 dans les <strong>nouilles artisanales et les raviolis traditionnels<\/strong> du Sichuan, TrantranZa\u00ef invite les visiteurs \u00e0 une v\u00e9ritable immersion culinaire au c\u0153ur de la Chine dans le 2e arrondissement de <a href=\"https:\/\/actu.fr\/lyon\/\" target=\"_blank\" rel=\"noopener\">Lyon<\/a>.<\/p>\n<p>Le Shanghai des ann\u00e9es 30<\/p>\n<p class=\" wall-content\">\u00ab\u00a0Recettes maison, saveurs authentiques et \u00e9pices embl\u00e9matiques de la r\u00e9gion du Sichuan promettent une exp\u00e9rience culinaire audacieuse et raffin\u00e9e\u00a0\u00bb, se r\u00e9jouit le centre commercial.<\/p>\n<p>    <img   decoding=\"async\" loading=\"lazy\" src=\"https:\/\/www.europesays.com\/fr\/wp-content\/uploads\/2025\/09\/trantranzai-1264x1264-1-960x640.jpg\" alt=\"Trantranzai\u00a8propose une cuisine traditionnelle chinoise \u00e0 Confluence.\" width=\"960\" height=\"640\"\/><br \/>\n    TrantranZai\u00a8propose une cuisine traditionnelle chinoise \u00e0 Confluence. (\u00a9Document remis \u00e0 actu Lyon)<\/p>\n<p class=\" wall-content\">L\u2019ambiance de TrantranZa\u00ef a \u00e9t\u00e9 pens\u00e9e comme une v\u00e9ritable exp\u00e9rience sensorielle : \u00ab\u00a0Un lieu o\u00f9 l\u2019\u00e9l\u00e9gance du Shanghai des ann\u00e9es 1930 se m\u00eale \u00e0 un esprit contemporain, chaleureux et convivial.\u00a0\u00bb<\/p>\n<p>    <img   decoding=\"async\" loading=\"lazy\" src=\"https:\/\/www.europesays.com\/fr\/wp-content\/uploads\/2025\/09\/trantranzai-img-0345201-960x640.jpg\" alt=\"Le restaurant plonge les clients dans l'ambiance des ann\u00e9es 1930 \u00e0 Shanghai.\" width=\"960\" height=\"640\"\/><br \/>\n    Le restaurant plonge les clients dans l\u2019ambiance des ann\u00e9es 1930 \u00e0 Shanghai. (\u00a9Document remis \u00e0 actu Lyon)<\/p>\n<p class=\" wall-content\">Avec cette ouverture, le p\u00f4le de commerces et de loisirs Confluence souhaite r\u00e9affirmer son ambition : \u00ab\u00a0Faire de son espace restauration une destination incontournable pour tous les amateurs de cuisine du monde.\u00a0\u00bb<\/p>\n<p class=\" wall-content\">Personnalisez votre actualit\u00e9 en ajoutant vos villes et m\u00e9dias en favori avec <a href=\"https:\/\/moncompte.actu.fr\" title=\"D\u00e9couvez Mon Actu\" rel=\"nofollow noopener\" data-trk=\"{&quot;cta&quot;:{&quot;action&quot;:&quot;https:\\\/\\\/moncompte.actu.fr&quot;,&quot;category&quot;:&quot;mon compte&quot;,&quot;from&quot;:&quot;article footer&quot;,&quot;name&quot;:&quot;Mon actu&quot;,&quot;type&quot;:&quot;cta&quot;}}\" target=\"_blank\">Mon Actu<\/a>.<\/p>\n","protected":false},"excerpt":{"rendered":"Par R\u00e9daction Lyon Publi\u00e9 le 2 sept. 2025 \u00e0 18h04 Un nouveau restaurant chinois a ouvert au p\u00f4le&hellip;\n","protected":false},"author":2,"featured_media":362320,"comment_status":"","ping_status":"","sticky":false,"template":"","format":"standard","meta":{"footnotes":""},"categories":[1889],"tags":[1111,11,2430,3157,1777,674,1011,27,1305,2428,12,25,1340],"class_list":{"0":"post-362319","1":"post","2":"type-post","3":"status-publish","4":"format-standard","5":"has-post-thumbnail","7":"category-lyon","8":"tag-actu","9":"tag-actualites","10":"tag-auvergne-rhone-alpes","11":"tag-confluence","12":"tag-eu","13":"tag-europe","14":"tag-fr","15":"tag-france","16":"tag-lifestyle","17":"tag-lyon","18":"tag-news","19":"tag-republique-francaise","20":"tag-restaurant"},"share_on_mastodon":{"url":"https:\/\/pubeurope.com\/@fr\/115138292908153997","error":""},"_links":{"self":[{"href":"https:\/\/www.europesays.com\/fr\/wp-json\/wp\/v2\/posts\/362319","targetHints":{"allow":["GET"]}}],"collection":[{"href":"https:\/\/www.europesays.com\/fr\/wp-json\/wp\/v2\/posts"}],"about":[{"href":"https:\/\/www.europesays.com\/fr\/wp-json\/wp\/v2\/types\/post"}],"author":[{"embeddable":true,"href":"https:\/\/www.europesays.com\/fr\/wp-json\/wp\/v2\/users\/2"}],"replies":[{"embeddable":true,"href":"https:\/\/www.europesays.com\/fr\/wp-json\/wp\/v2\/comments?post=362319"}],"version-history":[{"count":0,"href":"https:\/\/www.europesays.com\/fr\/wp-json\/wp\/v2\/posts\/362319\/revisions"}],"wp:featuredmedia":[{"embeddable":true,"href":"https:\/\/www.europesays.com\/fr\/wp-json\/wp\/v2\/media\/362320"}],"wp:attachment":[{"href":"https:\/\/www.europesays.com\/fr\/wp-json\/wp\/v2\/media?parent=362319"}],"wp:term":[{"taxonomy":"category","embeddable":true,"href":"https:\/\/www.europesays.com\/fr\/wp-json\/wp\/v2\/categories?post=362319"},{"taxonomy":"post_tag","embeddable":true,"href":"https:\/\/www.europesays.com\/fr\/wp-json\/wp\/v2\/tags?post=362319"}],"curies":[{"name":"wp","href":"https:\/\/api.w.org\/{rel}","templated":true}]}}