{"id":362323,"date":"2025-09-03T03:43:24","date_gmt":"2025-09-03T03:43:24","guid":{"rendered":"https:\/\/www.europesays.com\/fr\/362323\/"},"modified":"2025-09-03T03:43:24","modified_gmt":"2025-09-03T03:43:24","slug":"deux-hommes-arretes-apres-un-vol","status":"publish","type":"post","link":"https:\/\/www.europesays.com\/fr\/362323\/","title":{"rendered":"deux hommes arr\u00eat\u00e9s apr\u00e8s un vol"},"content":{"rendered":"<p class=\"article__intro\">Les faits se sont d\u00e9roul\u00e9s ce samedi \u00e0 Paris. Les deux hommes ont vol\u00e9 de nombreux bijoux de luxe. Une enqu\u00eate a \u00e9t\u00e9 ouverte.<\/p>\n<p>\n      L\u2019actu des r\u00e9gions\n    <\/p>\n<p>\n      Chaque jour, un tour d\u2019horizon des principales infos de toutes les r\u00e9gions.\n    <\/p>\n<p>    France T\u00e9l\u00e9visions utilise votre adresse e-mail afin de vous envoyer la newsletter \u00ab\u00a0L\u2019actu des r\u00e9gions\u00a0\u00bb. Vous pouvez vous d\u00e9sinscrire \u00e0 tout moment via le lien en bas de cette newsletter. <a target=\"_blank\" href=\"https:\/\/www.francetelevisions.fr\/groupe\/confidentialite\/politique-de-confidentialite\/politique-de-confidentialite-de-france-televisions-6503\" rel=\"nofollow noopener\">Notre politique de confidentialit\u00e9<\/a><\/p>\n<p>Deux hommes ont \u00e9t\u00e9 interpell\u00e9s samedi \u00e0 Paris en possession de nombreux bijoux de luxe estim\u00e9s \u00e0 un montant total de pr\u00e8s de 10 millions d&rsquo;euros, a indiqu\u00e9 dimanche le parquet, confirmant une information du Parisien. Selon le journal, le butin a \u00e9t\u00e9 d\u00e9couvert dans le slip de l&rsquo;un d&rsquo;eux.<\/p>\n<p>Les deux hommes, dont l&rsquo;un est mineur, sont d&rsquo;origine tunisienne et ont \u00e9t\u00e9 interpell\u00e9s gare de Lyon, dans le 12e arrondissement de Paris, a pr\u00e9cis\u00e9 le parquet.<\/p>\n<p>Selon Le Parisien, les enqu\u00eateurs ont d\u00e9couvert une montre Rolex, un collier estim\u00e9 \u00e0 5 millions d&rsquo;euros, des boucles d&rsquo;oreilles \u00e9valu\u00e9es \u00e0 deux millions d&rsquo;euros ou encore une bague estim\u00e9e \u00e0 un million d&rsquo;euros, dans une chaussette cach\u00e9e dans le slip de l&rsquo;un d&rsquo;eux.<\/p>\n<p>Outre les bijoux, les deux hommes \u00e9taient en possession d&rsquo;une disqueuse, selon le parquet.<\/p>\n<p>Celle-ci se trouvait dans leur valise, d&rsquo;apr\u00e8s Le Parisien, qui pr\u00e9cise que les deux hommes, d\u00e9favorablement connus des services de police, ont \u00e9t\u00e9 contr\u00f4l\u00e9s samedi matin par des policiers lors d&rsquo;un contr\u00f4le de routine alors qu&rsquo;ils arrivaient de Lyon en TGV.<\/p>\n<p>Le parquet de Paris a expliqu\u00e9 \u00e0 l&rsquo;AFP avoir saisi la brigade de r\u00e9pression du banditisme (BRB) d&rsquo;une enqu\u00eate pour recel de vol en bande organis\u00e9e.<\/p>\n","protected":false},"excerpt":{"rendered":"Les faits se sont d\u00e9roul\u00e9s ce samedi \u00e0 Paris. Les deux hommes ont vol\u00e9 de nombreux bijoux de&hellip;\n","protected":false},"author":2,"featured_media":362324,"comment_status":"","ping_status":"","sticky":false,"template":"","format":"standard","meta":{"footnotes":""},"categories":[1888],"tags":[1111,1928,11,1927,1777,674,1011,27,12,1926,626,1925,25],"class_list":{"0":"post-362323","1":"post","2":"type-post","3":"status-publish","4":"format-standard","5":"has-post-thumbnail","7":"category-paris","8":"tag-actu","9":"tag-actu-paris","10":"tag-actualites","11":"tag-actualites-paris","12":"tag-eu","13":"tag-europe","14":"tag-fr","15":"tag-france","16":"tag-news","17":"tag-news-paris","18":"tag-paris","19":"tag-paris-news","20":"tag-republique-francaise"},"share_on_mastodon":{"url":"https:\/\/pubeurope.com\/@fr\/115138304723620779","error":""},"_links":{"self":[{"href":"https:\/\/www.europesays.com\/fr\/wp-json\/wp\/v2\/posts\/362323","targetHints":{"allow":["GET"]}}],"collection":[{"href":"https:\/\/www.europesays.com\/fr\/wp-json\/wp\/v2\/posts"}],"about":[{"href":"https:\/\/www.europesays.com\/fr\/wp-json\/wp\/v2\/types\/post"}],"author":[{"embeddable":true,"href":"https:\/\/www.europesays.com\/fr\/wp-json\/wp\/v2\/users\/2"}],"replies":[{"embeddable":true,"href":"https:\/\/www.europesays.com\/fr\/wp-json\/wp\/v2\/comments?post=362323"}],"version-history":[{"count":0,"href":"https:\/\/www.europesays.com\/fr\/wp-json\/wp\/v2\/posts\/362323\/revisions"}],"wp:featuredmedia":[{"embeddable":true,"href":"https:\/\/www.europesays.com\/fr\/wp-json\/wp\/v2\/media\/362324"}],"wp:attachment":[{"href":"https:\/\/www.europesays.com\/fr\/wp-json\/wp\/v2\/media?parent=362323"}],"wp:term":[{"taxonomy":"category","embeddable":true,"href":"https:\/\/www.europesays.com\/fr\/wp-json\/wp\/v2\/categories?post=362323"},{"taxonomy":"post_tag","embeddable":true,"href":"https:\/\/www.europesays.com\/fr\/wp-json\/wp\/v2\/tags?post=362323"}],"curies":[{"name":"wp","href":"https:\/\/api.w.org\/{rel}","templated":true}]}}