{"id":362325,"date":"2025-09-03T03:44:24","date_gmt":"2025-09-03T03:44:24","guid":{"rendered":"https:\/\/www.europesays.com\/fr\/362325\/"},"modified":"2025-09-03T03:44:24","modified_gmt":"2025-09-03T03:44:24","slug":"blesse-fabian-ruiz-forfait-avec-lespagne-et-renvoye-a-paris","status":"publish","type":"post","link":"https:\/\/www.europesays.com\/fr\/362325\/","title":{"rendered":"bless\u00e9, Fabian Ruiz forfait avec l&rsquo;Espagne et renvoy\u00e9 \u00e0 Paris"},"content":{"rendered":"<p class=\"mb-4 text-lg md:leading-8 break-words\">Le milieu international espagnol <a href=\"https:\/\/fr.news.yahoo.com\/sport\/bons-chiffres-jessaierai-dam%C3%A9liorer-encore-103239911.html\" data-ylk=\"slk:Fabian Ruiz;elm:context_link;itc:0;sec:content-canvas;outcm:mb_qualified_link;_E:mb_qualified_link;ct:story;\" class=\"link  yahoo-link\" target=\"_blank\" rel=\"noopener\">Fabian Ruiz<\/a>, souffrant d&rsquo;une blessure musculaire, a \u00e9t\u00e9 contraint de d\u00e9clarer forfait avec l&rsquo;Espagne pour le d\u00e9but de la campagne des \u00e9liminatoires de la Coupe du monde contre la Bulgarie et la Turquie, a annonc\u00e9 la F\u00e9d\u00e9ration espagnole de football (RFEF) lundi.<\/p>\n<p class=\"mb-4 text-lg md:leading-8 break-words\">Le joueur de 29 ans, un des cadres majeurs du <a href=\"https:\/\/rmcsport.bfmtv.com\/football\/clubs\/paris-saint-germain\/\" rel=\"nofollow noopener\" target=\"_blank\" data-ylk=\"slk:PSG;elm:context_link;itc:0;sec:content-canvas\" class=\"link \">PSG<\/a> de Luis Enrique, a d\u00fb quitter le centre d&rsquo;entra\u00eenement de la Roja apr\u00e8s avoir subi des examens m\u00e9dicaux qui ont r\u00e9v\u00e9l\u00e9 \u00ab\u00a0une g\u00eane musculaire \u00e0 la jambe gauche\u00a0\u00bb contract\u00e9e apr\u00e8s la victoire 6-3 du PSG contre Toulouse, samedi.<\/p>\n<p>Demb\u00e9l\u00e9 d\u00e9j\u00e0 touch\u00e9 musculairement<\/p>\n<p class=\"mb-4 text-lg md:leading-8 break-words\">Fabian Ruiz sort d&rsquo;une saison \u00e0 rallonge qui s&rsquo;est achev\u00e9e mi-juillet en finale du Mondial des clubs au terme d&rsquo;un exercice marqu\u00e9 par les titres de champions de France et d&rsquo;Europe.<\/p>\n<p class=\"mb-4 text-lg md:leading-8 break-words\">Il s&rsquo;agit du deuxi\u00e8me joueur parisien victime de soucis musculaires apr\u00e8s <a href=\"https:\/\/rmcsport.bfmtv.com\/football\/ousmane-dembele_DN-202210100814.html\" rel=\"nofollow noopener\" target=\"_blank\" data-ylk=\"slk:Ousmane Demb\u00e9l\u00e9;elm:context_link;itc:0;sec:content-canvas\" class=\"link \">Ousmane Demb\u00e9l\u00e9<\/a>, sorti \u00e0 la 70e minute du match de L1 ce week-end contre Toulouse. L&rsquo;attaquant fran\u00e7ais, convoqu\u00e9 avec les Bleus, n&rsquo;a pas \u00e9t\u00e9 renvoy\u00e9 vers son club mais ressent n\u00e9anmoins \u00ab\u00a0une g\u00eane \u00e0 l&rsquo;ischio gauche et suit un programme adapt\u00e9\u00a0\u00bb, selon l&rsquo;encadrement de l&rsquo;\u00e9quipe de France.<\/p>\n<p class=\"mb-4 text-lg md:leading-8 break-words\">La Roja d\u00e9butera jeudi \u00e0 Sofia sa campagne de qualification pour la Coupe du monde de l&rsquo;ann\u00e9e prochaine aux \u00c9tats-Unis, au Mexique et au Canada, avant d&rsquo;affronter la Turquie \u00e0 Konya le 7 septembre.<\/p>\n<p class=\"mb-4 text-lg md:leading-8 break-words\"><a href=\"https:\/\/rmcsport.bfmtv.com\/football\/ligue-1\/psg-blesse-fabian-ruiz-forfait-avec-l-espagne-et-renvoye-a-paris_AV-202509010773.html#xtor=AL-68\" rel=\"nofollow noopener\" target=\"_blank\" data-ylk=\"slk:Article original publi\u00e9 sur RMC Sport;elm:context_link;itc:0;sec:content-canvas\" class=\"link \">Article original publi\u00e9 sur RMC Sport<\/a><\/p>\n","protected":false},"excerpt":{"rendered":"Le milieu international espagnol Fabian Ruiz, souffrant d&rsquo;une blessure musculaire, a \u00e9t\u00e9 contraint de d\u00e9clarer forfait avec l&rsquo;Espagne&hellip;\n","protected":false},"author":2,"featured_media":362326,"comment_status":"","ping_status":"","sticky":false,"template":"","format":"standard","meta":{"footnotes":""},"categories":[1888],"tags":[1111,1928,11,1927,49743,12732,49742,1777,674,14700,1011,27,49744,14825,921,12,1926,626,1925,93,25,2312],"class_list":{"0":"post-362325","1":"post","2":"type-post","3":"status-publish","4":"format-standard","5":"has-post-thumbnail","7":"category-paris","8":"tag-actu","9":"tag-actu-paris","10":"tag-actualites","11":"tag-actualites-paris","12":"tag-blessure-musculaire","13":"tag-dembele","14":"tag-eliminatoires-de-la-coupe-du-monde","15":"tag-eu","16":"tag-europe","17":"tag-fabian-ruiz","18":"tag-fr","19":"tag-france","20":"tag-la-roja","21":"tag-la-turquie","22":"tag-luis-enrique","23":"tag-news","24":"tag-news-paris","25":"tag-paris","26":"tag-paris-news","27":"tag-psg","28":"tag-republique-francaise","29":"tag-toulouse"},"share_on_mastodon":{"url":"https:\/\/pubeurope.com\/@fr\/115138308583654332","error":""},"_links":{"self":[{"href":"https:\/\/www.europesays.com\/fr\/wp-json\/wp\/v2\/posts\/362325","targetHints":{"allow":["GET"]}}],"collection":[{"href":"https:\/\/www.europesays.com\/fr\/wp-json\/wp\/v2\/posts"}],"about":[{"href":"https:\/\/www.europesays.com\/fr\/wp-json\/wp\/v2\/types\/post"}],"author":[{"embeddable":true,"href":"https:\/\/www.europesays.com\/fr\/wp-json\/wp\/v2\/users\/2"}],"replies":[{"embeddable":true,"href":"https:\/\/www.europesays.com\/fr\/wp-json\/wp\/v2\/comments?post=362325"}],"version-history":[{"count":0,"href":"https:\/\/www.europesays.com\/fr\/wp-json\/wp\/v2\/posts\/362325\/revisions"}],"wp:featuredmedia":[{"embeddable":true,"href":"https:\/\/www.europesays.com\/fr\/wp-json\/wp\/v2\/media\/362326"}],"wp:attachment":[{"href":"https:\/\/www.europesays.com\/fr\/wp-json\/wp\/v2\/media?parent=362325"}],"wp:term":[{"taxonomy":"category","embeddable":true,"href":"https:\/\/www.europesays.com\/fr\/wp-json\/wp\/v2\/categories?post=362325"},{"taxonomy":"post_tag","embeddable":true,"href":"https:\/\/www.europesays.com\/fr\/wp-json\/wp\/v2\/tags?post=362325"}],"curies":[{"name":"wp","href":"https:\/\/api.w.org\/{rel}","templated":true}]}}