{"id":362329,"date":"2025-09-03T03:46:10","date_gmt":"2025-09-03T03:46:10","guid":{"rendered":"https:\/\/www.europesays.com\/fr\/362329\/"},"modified":"2025-09-03T03:46:10","modified_gmt":"2025-09-03T03:46:10","slug":"sarina-dans-leve-toi-essaion-de-paris-paris-75004","status":"publish","type":"post","link":"https:\/\/www.europesays.com\/fr\/362329\/","title":{"rendered":"SARINA DANS LEVE TOI &#8211; Essaion de Paris &#8211; PARIS, 75004"},"content":{"rendered":"<p class=\"lp-color-text-muted lp-f-ui-03 mb_4_nm mb_2_m\">\u00c9v\u00e9nement propos\u00e9 par notre partenaire Ticketmaster<\/p>\n<p>Sarina, chanteuse belge \u00e0 la vision singuli\u00e8re, c\u00e9l\u00e8bre les voix iconiques qui ont transcend\u00e9 les fronti\u00e8res du possible&#13;<br \/>\n&#13;<br \/>\nSarina est aveugle et depuis toute petite elle a peur d\u2019\u00eatre r\u00e9duite \u00e0 son handicap et mise dans une boite. C\u2019est sa grand-m\u00e8re qui lui donnera une premi\u00e8re cl\u00e9 pour en sortir : la musique. Au travers des titres mythiques d\u2019artistes qui ont elles aussi bris\u00e9 un plafond de verre, Sarina nous raconte sa vie de chanteuse.&#13;<br \/>\nDe Nina Simone \u00e0 Billie Eilish en passant par Josephine Baker ou encore la libanaise Fairouz, elle nous fait vibrer de sa voix cristalline et rend hommage \u00e0 celles qui ont chang\u00e9 le monde gr\u00e2ce \u00e0 leur musique. La force de son r\u00e9cit captivant nous fait voir des images, ressentir des \u00e9motions et voyager dans le temps et l\u2019espace.&#13;<br \/>\n&#13;<br \/>\nAuteur : Sarina &#13;<br \/>\n&#13;<br \/>\nMise en sc\u00e8ne : Sarina sous le regard bienveillant de Tania Garbarski et Charlie Dupont&#13;<br \/>\n&#13;<br \/>\nDirection Musicale :  Ilan Abou&#13;<br \/>\n&#13;<br \/>\nDistribution : Sarina (chant, piano et guitare)&#13;<br \/>\n&#13;<br \/>\nSc\u00e9nographie : Nitsan Cohn&#13;<br \/>\n&#13;<br \/>\nDur\u00e9e : 60 mn&#13;<br \/>\n&#13;<br \/>\n&#13;<br \/>\nExtraits de presse : &#13;<br \/>\n&#13;<br \/>\nDerri\u00e8re son piano ou \u00e0 la guitare, la p\u00e9tillante jeune femme retrace son parcours en s\u2019appuyant sur des figures f\u00e9minines fortes (Nina Simone, Jos\u00e9phine Baker, Anne &#13;<br \/>\nSylvestre, entre autres), dont elle reprend les chansons. T\u00e9l\u00e9rama&#13;<br \/>\n&#13;<br \/>\nSon nom ne vous est pas encore familier mais on prend le pari que le talent de Sarina, devrait bient\u00f4t d\u00e9passer les fronti\u00e8res de sa Belgique natale. \u2013 We Culte&#13;<br \/>\n&#13;<br \/>\nIl faut l\u2019avoir entendue interpr\u00e9ter Li Beiruth de FAIRUZ ou Non, tu n\u2019as pas de nom d\u2019Anne SYLVESTRE, pour comprendre l\u2019engouement que suscite SARINA. THEATRE AU VENT&#13;<br \/>\n&#13;<br \/>\nElle revisite \u00e0 sa mani\u00e8re et de fa\u00e7on tr\u00e8s d\u00e9licate les grands standards de ces chanteuses mythiques, au piano le plus souvent, parfois \u00e0  la  guitare,  toujours  avec un art  consomm\u00e9  et  une  voix magnifique. Le Figaro magazine&#13;<br \/>\n&#13;<br \/>\nCe spectacle musical est une pure merveille, sur le plan artistique, la mise en lumi\u00e8re et surtout sur le plan vocal. Vieille Carne&#13;<br \/>\n&#13;<br \/>\nElle raconte son histoire atypique, avec une sensibilit\u00e9 non d\u00e9nu\u00e9e d\u2019humour. LE Canard encha\u00een\u00e9&#13;<br \/>\n&#13;<br \/>\nElle est Jos\u00e9phine Baker, elle est Dolly Parton, elle est Fa\u00efrouz et n\u2019a aucun mal \u00e0 captiver un public en partage avec elle. Froggy\u2019s Delight&#13;<br \/>\n&#13;<br \/>\nVibrant hommage aux grandes voix f\u00e9minines du monde, Sarina d\u00e9montre que la musique peut tout.  D\u00e9couvrez ce que le chant a transform\u00e9 chez cette jeune artiste belge \u00e0 l\u2019\u00e9nergie d\u00e9vorante. THEATRES ET SPECTACLES&#13;<br \/>\n&#13;<br \/>\nElle est jute incroyable, Sarina. Dans ce tour de chant de tr\u00e8s tr\u00e8s haut niveau, elle \u00e9gr\u00e8ne les moments-clefs de sa vie qui en font aujourd\u2019hui&#8230; un conte de f\u00e9es ! Elle est solaire, a chass\u00e9 les vents contraires, les nuages noirs, de toutes fa\u00e7ons elle ne les voit pas. TATOUVU&#13;<br \/>\n&#13;<br \/>\nUn moment rare de sinc\u00e9rit\u00e9 artistique, dans lequel le spectateur est invit\u00e9 \u00e0 \u00e9couter, \u00e0 ressentir, et surtout \u00e0 voir autrement. Une mise en sc\u00e8ne audacieuse :  l\u2019obscurit\u00e9 pour mieux \u00e9clairer. Sud Radio&#13;<br \/>\n&#13;<br \/>\n&#13;<br \/>\nExtraits de presse : &#13;<br \/>\n&#13;<br \/>\nDerri\u00e8re son piano ou \u00e0 la guitare, la p\u00e9tillante jeune femme retrace son parcours en s\u2019appuyant sur des figures f\u00e9minines fortes (Nina Simone, Jos\u00e9phine Baker, Anne &#13;<br \/>\nSylvestre, entre autres), dont elle reprend les chansons. T\u00e9l\u00e9rama&#13;<br \/>\n&#13;<br \/>\nSon nom ne vous est pas encore familier mais on prend le pari que le talent de Sarina, devrait bient\u00f4t d\u00e9passer les fronti\u00e8res de sa Belgique natale. \u2013 We Culte&#13;<br \/>\n&#13;<br \/>\nIl faut l\u2019avoir entendue interpr\u00e9ter Li Beiruth de FAIRUZ ou Non, tu n\u2019as pas de nom d\u2019Anne SYLVESTRE, pour comprendre l\u2019engouement que suscite SARINA. THEATRE AU VENT&#13;<br \/>\n&#13;<br \/>\nElle revisite \u00e0 sa mani\u00e8re et de fa\u00e7on tr\u00e8s d\u00e9licate les grands standards de ces chanteuses mythiques, au piano le plus souvent, parfois \u00e0  la  guitare,  toujours  avec un art  consomm\u00e9  et  une  voix magnifique. Le Figaro magazine&#13;<br \/>\n&#13;<br \/>\nCe spectacle musical est une pure merveille, sur le plan artistique, la mise en lumi\u00e8re et surtout sur le plan vocal. Vieille Carne&#13;<br \/>\n&#13;<br \/>\nElle raconte son histoire atypique, avec une sensibilit\u00e9 non d\u00e9nu\u00e9e d\u2019humour. LE Canard encha\u00een\u00e9&#13;<br \/>\n&#13;<br \/>\nElle est Jos\u00e9phine Baker, elle est Dolly Parton, elle est Fa\u00efrouz et n\u2019a aucun mal \u00e0 captiver un public en partage avec elle. Froggy\u2019s Delight&#13;<br \/>\n&#13;<br \/>\nVibrant hommage aux grandes voix f\u00e9minines du monde, Sarina d\u00e9montre que la musique peut tout.  D\u00e9couvrez ce que le chant a transform\u00e9 chez cette jeune artiste belge \u00e0 l\u2019\u00e9nergie d\u00e9vorante. THEATRES ET SPECTACLES&#13;<br \/>\n&#13;<br \/>\nElle est jute incroyable, Sarina. Dans ce tour de chant de tr\u00e8s tr\u00e8s haut niveau, elle \u00e9gr\u00e8ne les moments-clefs de sa vie qui en font aujourd\u2019hui&#8230; un conte de f\u00e9es ! Elle est solaire, a chass\u00e9 les vents contraires, les nuages noirs, de toutes fa\u00e7ons elle ne les voit pas. TATOUVU&#13;<br \/>\n&#13;<br \/>\nUn moment rare de sinc\u00e9rit\u00e9 artistique, dans lequel le spectateur est invit\u00e9 \u00e0 \u00e9couter, \u00e0 ressentir, et surtout \u00e0 voir autrement. Une mise en sc\u00e8ne audacieuse :  l\u2019obscurit\u00e9 pour mieux \u00e9clairer. Sud Radio<\/p>\n<p>Signaler une erreur, une mise \u00e0 jour, un abus<\/p>\n","protected":false},"excerpt":{"rendered":"\u00c9v\u00e9nement propos\u00e9 par notre partenaire Ticketmaster Sarina, chanteuse belge \u00e0 la vision singuli\u00e8re, c\u00e9l\u00e8bre les voix iconiques qui&hellip;\n","protected":false},"author":2,"featured_media":362330,"comment_status":"","ping_status":"","sticky":false,"template":"","format":"standard","meta":{"footnotes":""},"categories":[1888],"tags":[11,1777,674,1011,27,12,626,25],"class_list":{"0":"post-362329","1":"post","2":"type-post","3":"status-publish","4":"format-standard","5":"has-post-thumbnail","7":"category-paris","8":"tag-actualites","9":"tag-eu","10":"tag-europe","11":"tag-fr","12":"tag-france","13":"tag-news","14":"tag-paris","15":"tag-republique-francaise"},"share_on_mastodon":{"url":"https:\/\/pubeurope.com\/@fr\/115138316504702482","error":""},"_links":{"self":[{"href":"https:\/\/www.europesays.com\/fr\/wp-json\/wp\/v2\/posts\/362329","targetHints":{"allow":["GET"]}}],"collection":[{"href":"https:\/\/www.europesays.com\/fr\/wp-json\/wp\/v2\/posts"}],"about":[{"href":"https:\/\/www.europesays.com\/fr\/wp-json\/wp\/v2\/types\/post"}],"author":[{"embeddable":true,"href":"https:\/\/www.europesays.com\/fr\/wp-json\/wp\/v2\/users\/2"}],"replies":[{"embeddable":true,"href":"https:\/\/www.europesays.com\/fr\/wp-json\/wp\/v2\/comments?post=362329"}],"version-history":[{"count":0,"href":"https:\/\/www.europesays.com\/fr\/wp-json\/wp\/v2\/posts\/362329\/revisions"}],"wp:featuredmedia":[{"embeddable":true,"href":"https:\/\/www.europesays.com\/fr\/wp-json\/wp\/v2\/media\/362330"}],"wp:attachment":[{"href":"https:\/\/www.europesays.com\/fr\/wp-json\/wp\/v2\/media?parent=362329"}],"wp:term":[{"taxonomy":"category","embeddable":true,"href":"https:\/\/www.europesays.com\/fr\/wp-json\/wp\/v2\/categories?post=362329"},{"taxonomy":"post_tag","embeddable":true,"href":"https:\/\/www.europesays.com\/fr\/wp-json\/wp\/v2\/tags?post=362329"}],"curies":[{"name":"wp","href":"https:\/\/api.w.org\/{rel}","templated":true}]}}