{"id":362333,"date":"2025-09-03T03:48:28","date_gmt":"2025-09-03T03:48:28","guid":{"rendered":"https:\/\/www.europesays.com\/fr\/362333\/"},"modified":"2025-09-03T03:48:28","modified_gmt":"2025-09-03T03:48:28","slug":"lue-propose-40-milliards-deuros-pour-repondre-aux-besoins-militaires-de-lukraine","status":"publish","type":"post","link":"https:\/\/www.europesays.com\/fr\/362333\/","title":{"rendered":"L&rsquo;UE propose 40 milliards d&rsquo;euros pour r\u00e9pondre aux besoins militaires de l&rsquo;Ukraine"},"content":{"rendered":"<p><strong>L\u2019UE a sugg\u00e9r\u00e9 la cr\u00e9ation d\u2019un fonds europ\u00e9en pour envoyer entre 20 et 40 milliards d\u2019euros d\u2019aide militaire \u00e0 l\u2019Ukraine, sur la base d\u2019une participation volontaire, afin d\u2019\u00e9viter tout veto de la part de la Hongrie.<\/strong><\/p>\n<p>Le mois dernier, le bras diplomatique de l\u2019UE a propos\u00e9 de mettre en place un programme europ\u00e9en pour envoyer 1,5 million de munitions \u00e0 l\u2019Ukraine. Le texte vu par Euractiv ne contenait aucun chiffre sur le montant financier n\u00e9cessaire pour mener \u00e0 bien ce travail.<\/p>\n<p>\u00c9tant donn\u00e9 le <a href=\"https:\/\/www.euractiv.com\/section\/global-europe\/news\/eu-seeks-to-convince-hungary-to-opt-out-ukraine-aid-amid-continued-veto\/\" rel=\"nofollow noopener\" target=\"_blank\">refus<\/a> constant de la Hongrie de participer \u00e0 tout projet visant \u00e0 soutenir l\u2019Ukraine, que cela soit militairement ou non, via les canaux de l\u2019UE, la proposition a \u00e9t\u00e9 r\u00e9\u00e9crite pour inclure les \u00ab \u00c9tats membres participants \u00bb.<\/p>\n<p>La derni\u00e8re version de la proposition vue par Euractiv indique que les pays sont encourag\u00e9s \u00e0 fournir un soutien militaire \u00e0 l\u2019Ukraine en 2025 avec une valeur provisoire d\u2019au moins 20 milliards d\u2019euros, et pouvant atteindre 40 milliards d\u2019euros en fonction des besoins ukrainiens<\/p>\n<p class=\"p1\">Dans un premier temps, les dirigeants devraient se mettre d\u2019accord sur une d\u00e9pense de cinq milliards d\u2019euros pour deux millions de munitions d\u2019artillerie de gros calibre en 2025, conform\u00e9ment \u00e0 ce que propose le texte.<\/p>\n<p>Chaque pays participerait en fonction de son poids \u00e9conomique, soit en esp\u00e8ces, soit directement en nature. L\u2019UE elle-m\u00eame comptabilisera comme sa contribution les 1,9 milliard d\u2019euros provenant des <a href=\"https:\/\/www.euractiv.com\/section\/defence\/news\/eu-plans-to-use-frozen-russian-assets-to-buy-from-ukraines-defence-industry\/\" rel=\"nofollow noopener\" target=\"_blank\">b\u00e9n\u00e9fices exceptionnels<\/a> qu\u2019elle a tir\u00e9s des avoirs russes gel\u00e9s, m\u00eame si ces fonds ont d\u00e9j\u00e0 \u00e9t\u00e9 engag\u00e9s et en partie d\u00e9bours\u00e9s.<\/p>\n<p>Les priorit\u00e9s devraient \u00eatre les munitions d\u2019artillerie de gros calibre, les syst\u00e8mes de d\u00e9fense a\u00e9rienne, les missiles, les drones, les avions de chasse, mais aussi tout soutien \u00e0 la r\u00e9g\u00e9n\u00e9ration des brigades, qui comprend g\u00e9n\u00e9ralement l\u2019entretien de l\u2019\u00e9quipement et un soutien non l\u00e9tal.<\/p>\n<p>Plus largement, la liste comprend les \u00ab contributions des \u00c9tats membres aux garanties de s\u00e9curit\u00e9 pour l\u2019Ukraine \u00bb, sans plus de d\u00e9tails. Et tout autre soutien militaire consid\u00e9r\u00e9 comme une priorit\u00e9 par Kiev sera pris en compte dans le cadre de ce programme, ajoute le texte.<\/p>\n<p>Le texte a \u00e9t\u00e9 communiqu\u00e9 aux \u00c9tats de l\u2019UE jeudi, avant la r\u00e9union des ministres des affaires \u00e9trang\u00e8res pr\u00e9vue lundi. Les dirigeants se r\u00e9uniront \u00e9galement en sommet la semaine prochaine, notamment pour discuter de l\u2019aide \u00e0 l\u2019Ukraine et du renforcement de leurs capacit\u00e9s de d\u00e9fense.<\/p>\n<p>Les pays ont jusqu\u2019au 30 avril pour manifester leur int\u00e9r\u00eat \u00e0 participer au programme.<\/p>\n<p>La semaine prochaine, l\u2019ex\u00e9cutif europ\u00e9en pr\u00e9voit de pr\u00e9senter les d\u00e9tails de <a href=\"https:\/\/www.euractiv.com\/section\/defence\/news\/von-der-leyens-rearm-europe-plan-and-the-holes-in-it\/\" rel=\"nofollow noopener\" target=\"_blank\">son plan<\/a> visant \u00e0 d\u00e9bloquer 800 milliards d\u2019euros pour l\u2019achat en commun d\u2019\u00e9quipements de d\u00e9fense europ\u00e9ens et pour stimuler la production industrielle.<\/p>\n<p>Son livre blanc sur l\u2019avenir de la d\u00e9fense europ\u00e9enne <a href=\"https:\/\/www.euractiv.com\/section\/defence\/news\/eu-commission-white-paper-sets-out-steps-for-single-market-for-defence\/\" rel=\"nofollow noopener\" target=\"_blank\">pr\u00e9sente<\/a> d\u00e9j\u00e0 <a href=\"https:\/\/www.euractiv.com\/section\/defence\/news\/eu-commission-white-paper-sets-out-steps-for-single-market-for-defence\/\" rel=\"nofollow noopener\" target=\"_blank\">des<\/a> mesures en faveur d\u2019un march\u00e9 unique pour le secteur et met en \u00e9vidence les lacunes critiques en mati\u00e8re de capacit\u00e9s, alors que l\u2019Europe est <a href=\"https:\/\/www.euractiv.com\/section\/defence\/news\/trump-asks-europe-again-for-more-defence-cash-leaves-nato-strategy-elusive\/\" rel=\"nofollow noopener\" target=\"_blank\">contrainte<\/a> par son alli\u00e9 traditionnel de longue date, les \u00c9tats-Unis, de prendre davantage de mesures pour sa d\u00e9fense.<\/p>\n<p>Malgr\u00e9 les pressions exerc\u00e9es par les \u00c9tats-Unis pour finir la guerre le plus rapidement possible, les Europ\u00e9ens ont r\u00e9guli\u00e8rement promis de continuer \u00e0 fournir des armes \u00e0 l\u2019Ukraine, afin qu\u2019elle avoir la main haute \u00e0 la table des n\u00e9gociations et qu\u2019elle reste en mesure de se d\u00e9fendre sur le long terme.<\/p>\n","protected":false},"excerpt":{"rendered":"L\u2019UE a sugg\u00e9r\u00e9 la cr\u00e9ation d\u2019un fonds europ\u00e9en pour envoyer entre 20 et 40 milliards d\u2019euros d\u2019aide militaire&hellip;\n","protected":false},"author":2,"featured_media":362334,"comment_status":"","ping_status":"","sticky":false,"template":"","format":"standard","meta":{"footnotes":""},"categories":[1590],"tags":[11,1777,674,12,220],"class_list":{"0":"post-362333","1":"post","2":"type-post","3":"status-publish","4":"format-standard","5":"has-post-thumbnail","7":"category-ukraine","8":"tag-actualites","9":"tag-eu","10":"tag-europe","11":"tag-news","12":"tag-ukraine"},"share_on_mastodon":{"url":"https:\/\/pubeurope.com\/@fr\/115138324343459715","error":""},"_links":{"self":[{"href":"https:\/\/www.europesays.com\/fr\/wp-json\/wp\/v2\/posts\/362333","targetHints":{"allow":["GET"]}}],"collection":[{"href":"https:\/\/www.europesays.com\/fr\/wp-json\/wp\/v2\/posts"}],"about":[{"href":"https:\/\/www.europesays.com\/fr\/wp-json\/wp\/v2\/types\/post"}],"author":[{"embeddable":true,"href":"https:\/\/www.europesays.com\/fr\/wp-json\/wp\/v2\/users\/2"}],"replies":[{"embeddable":true,"href":"https:\/\/www.europesays.com\/fr\/wp-json\/wp\/v2\/comments?post=362333"}],"version-history":[{"count":0,"href":"https:\/\/www.europesays.com\/fr\/wp-json\/wp\/v2\/posts\/362333\/revisions"}],"wp:featuredmedia":[{"embeddable":true,"href":"https:\/\/www.europesays.com\/fr\/wp-json\/wp\/v2\/media\/362334"}],"wp:attachment":[{"href":"https:\/\/www.europesays.com\/fr\/wp-json\/wp\/v2\/media?parent=362333"}],"wp:term":[{"taxonomy":"category","embeddable":true,"href":"https:\/\/www.europesays.com\/fr\/wp-json\/wp\/v2\/categories?post=362333"},{"taxonomy":"post_tag","embeddable":true,"href":"https:\/\/www.europesays.com\/fr\/wp-json\/wp\/v2\/tags?post=362333"}],"curies":[{"name":"wp","href":"https:\/\/api.w.org\/{rel}","templated":true}]}}