{"id":362335,"date":"2025-09-03T03:49:11","date_gmt":"2025-09-03T03:49:11","guid":{"rendered":"https:\/\/www.europesays.com\/fr\/362335\/"},"modified":"2025-09-03T03:49:11","modified_gmt":"2025-09-03T03:49:11","slug":"le-sommet-de-tianjin-un-coup-terrible-a-linfluence-des-etats-unis","status":"publish","type":"post","link":"https:\/\/www.europesays.com\/fr\/362335\/","title":{"rendered":"Le sommet de Tianjin, \u201cun coup terrible \u00e0 l\u2019influence des \u00c9tats-Unis\u201d"},"content":{"rendered":"\n<p>Fid\u00e8le \u00e0 ses penchants imp\u00e9rialistes, Donald Trump multiplie les hausses douani\u00e8res et les sanctions pour tenter d\u2019asseoir la puissance de l\u2019Am\u00e9rique. Mais sa derni\u00e8re man\u0153uvre \u2013<a href=\"https:\/\/www.courrierinternational.com\/une\/une-du-jour-l-inde-frappee-de-droits-de-douane-a-50-le-coup-de-poing-americain_234435\" target=\"_blank\" rel=\"noopener\">\u00a0infliger \u00e0 l\u2019Inde des droits de douane de 50\u00a0%<\/a>, en repr\u00e9sailles \u00e0 l\u2019achat de p\u00e9trole russe,\u00a0autrefois encourag\u00e9 par Washington\u00a0\u2013 n\u2019a pas produit l\u2019effet escompt\u00e9. Au lieu d\u2019intimider le Premier ministre Narendra Modi, la mesure l\u2019a incit\u00e9 \u00e0 se rendre \u00e0 P\u00e9kin, une premi\u00e8re en sept\u00a0ans, pour assister, avec une bonne vingtaine de chefs d\u2019\u00c9tats, au sommet de l\u2019Organisation de coop\u00e9ration de Shanghai (OCS) organis\u00e9 par Xi\u00a0Jinping, \u00e0 Tianjin. C\u2019est l\u00e0-bas, et non \u00e0 Washington, qu\u2019une nouvelle page de l\u2019histoire internationale semble s\u2019\u00e9crire.<\/p>\n<p>L\u2019OCS peut sembler insignifiante \u00e0 premi\u00e8re vue, accabl\u00e9e par ses nombreuses contradictions. L\u2019Inde et le Pakistan sont \u00e0 couteaux tir\u00e9s. La Chine et l\u2019Inde n\u2019ont toujours pas d\u00e9militaris\u00e9 leur fronti\u00e8re commune dans l\u2019Himalaya, malgr\u00e9 le d\u00e9gel des relations depuis l\u2019accord frontalier historique pass\u00e9 en octobre dernier. La Russie et la Chine se livrent une lutte d\u2019influence en Asie centrale. Contrairement \u00e0 ceux de l\u2019Otan, les membres de l\u2019OCS ne sont li\u00e9s par aucun accord s\u00e9curitaire contraignant. Depuis sa cr\u00e9ation [en\u00a02001] ou presque, l\u2019Organisation fait donc figure<\/p>\n<p> <strong>La\u00a0suite est r\u00e9serv\u00e9e aux abonn\u00e9s\u2026<\/strong>  <\/p>\n<p class=\"article-authors\">                         <a href=\"https:\/\/www.courrierinternational.com\/auteur\/editorial\" target=\"_blank\" rel=\"noopener\">\u00c9ditorial<\/a>    <\/p>\n<p class=\"article-vo\"><a href=\"https:\/\/www.theguardian.com\/commentisfree\/2025\/sep\/01\/the-guardian-view-on-donald-trump-and-india-the-tariff-war-that-boosted-china\" rel=\"noopener\" target=\"_blank\">Lire l\u2019article original<\/a><\/p>\n<p>Source de l\u2019article<\/p>\n<p>   <img decoding=\"async\" class=\"source-logo\" src=\"https:\/\/www.europesays.com\/fr\/wp-content\/uploads\/2025\/05\/0f62b92_1643653451193-the-guardian-logo-0.jpg\"  alt=\"Logo\" loading=\"lazy\" width=\"32\" height=\"32\"\/>  The Guardian  (Londres)       <\/p>\n<p>L\u2019ind\u00e9pendance et la qualit\u00e9 caract\u00e9risent ce titre n\u00e9 en 1821, qui compte dans ses rangs certains des chroniqueurs les plus respect\u00e9s du pays.\u00a0De centre gauche, proeurop\u00e9en, The Guardian est le journal de r\u00e9f\u00e9rence de l\u2019intelligentsia, des enseignants et des syndicalistes.<\/p>\n<p>Contrairement aux autres quotidiens de r\u00e9f\u00e9rence britanniques, le journal a fait le choix d\u2019un site en acc\u00e8s libre.\u00a0Il est pass\u00e9 au format tablo\u00efd en 2018. Cette d\u00e9cision s\u2019inscrivait dans une logique de r\u00e9duction des co\u00fbts, alors que The Guardian perdait de l\u2019argent sans discontinuer depuis vingt ans. Une strat\u00e9gie payante\u00a0: en mai 2019, la directrice de la r\u00e9daction, Katharine Viner, a annonc\u00e9 que le journal \u00e9tait b\u00e9n\u00e9ficiaire, une premi\u00e8re depuis\u00a01998.<\/p>\n<p>        <a href=\"https:\/\/www.courrierinternational.com\/notule-source\/the-guardian\" class=\"source-link\" target=\"_blank\" rel=\"noopener\">Lire la suite<\/a>                 <\/p>\n<p>Nos services<\/p>\n","protected":false},"excerpt":{"rendered":"Fid\u00e8le \u00e0 ses penchants imp\u00e9rialistes, Donald Trump multiplie les hausses douani\u00e8res et les sanctions pour tenter d\u2019asseoir la&hellip;\n","protected":false},"author":2,"featured_media":362336,"comment_status":"","ping_status":"","sticky":false,"template":"","format":"standard","meta":{"footnotes":""},"categories":[1589],"tags":[11,6060,309,73,1866,674,1892,5595,18611,12,49745,132,41115,1864,1865,1863,308,7084],"class_list":{"0":"post-362335","1":"post","2":"type-post","3":"status-publish","4":"format-standard","5":"has-post-thumbnail","7":"category-etats-unis","8":"tag-actualites","9":"tag-asie","10":"tag-chine","11":"tag-etats-unis","12":"tag-etats-unis-damerique","13":"tag-europe","14":"tag-gu00e9opolitique","15":"tag-inde","16":"tag-narendra-modi","17":"tag-news","18":"tag-organisation-de-coopu00e9ration-de-shanghai-ocs","19":"tag-russie","20":"tag-tensions-chine-u00e9tats-unis","21":"tag-united-states","22":"tag-united-states-of-america","23":"tag-us","24":"tag-usa","25":"tag-xi-jinping"},"share_on_mastodon":{"url":"https:\/\/pubeurope.com\/@fr\/115138328717727522","error":""},"_links":{"self":[{"href":"https:\/\/www.europesays.com\/fr\/wp-json\/wp\/v2\/posts\/362335","targetHints":{"allow":["GET"]}}],"collection":[{"href":"https:\/\/www.europesays.com\/fr\/wp-json\/wp\/v2\/posts"}],"about":[{"href":"https:\/\/www.europesays.com\/fr\/wp-json\/wp\/v2\/types\/post"}],"author":[{"embeddable":true,"href":"https:\/\/www.europesays.com\/fr\/wp-json\/wp\/v2\/users\/2"}],"replies":[{"embeddable":true,"href":"https:\/\/www.europesays.com\/fr\/wp-json\/wp\/v2\/comments?post=362335"}],"version-history":[{"count":0,"href":"https:\/\/www.europesays.com\/fr\/wp-json\/wp\/v2\/posts\/362335\/revisions"}],"wp:featuredmedia":[{"embeddable":true,"href":"https:\/\/www.europesays.com\/fr\/wp-json\/wp\/v2\/media\/362336"}],"wp:attachment":[{"href":"https:\/\/www.europesays.com\/fr\/wp-json\/wp\/v2\/media?parent=362335"}],"wp:term":[{"taxonomy":"category","embeddable":true,"href":"https:\/\/www.europesays.com\/fr\/wp-json\/wp\/v2\/categories?post=362335"},{"taxonomy":"post_tag","embeddable":true,"href":"https:\/\/www.europesays.com\/fr\/wp-json\/wp\/v2\/tags?post=362335"}],"curies":[{"name":"wp","href":"https:\/\/api.w.org\/{rel}","templated":true}]}}