{"id":362337,"date":"2025-09-03T03:50:17","date_gmt":"2025-09-03T03:50:17","guid":{"rendered":"https:\/\/www.europesays.com\/fr\/362337\/"},"modified":"2025-09-03T03:50:17","modified_gmt":"2025-09-03T03:50:17","slug":"fatigue-du-brexit-orlando-bloom-demande-la-nationalite-irlandaise","status":"publish","type":"post","link":"https:\/\/www.europesays.com\/fr\/362337\/","title":{"rendered":"Fatigu\u00e9 du Brexit, Orlando Bloom demande la nationalit\u00e9 irlandaise"},"content":{"rendered":"<p>Un million, c&rsquo;est le nombre de passeports irlandais d\u00e9livr\u00e9s en\u00a02024\u00a0et le chiffre devrait \u00eatre similaire pour l&rsquo;ann\u00e9e 2025. S&rsquo;il y a les renouvellements habituels de pi\u00e8ce d&rsquo;identit\u00e9, on retrouve aussi beaucoup de nouveaux citoyens et parmi eux de nombreux Britanniques qui se sont rappel\u00e9s, <a class=\"Link\" href=\"https:\/\/www.lepoint.fr\/monde\/entre-l-ue-et-le-royaume-uni-les-noces-de-raison-cinq-ans-apres-le-brexit-19-05-2025-2589911_24.php\" title=\"\" data-gtm=\"click:capsule\" data-capsule=\"Lien\" rel=\"nofollow noopener\" target=\"_blank\">\u00e0 l&rsquo;aune du Brexit<\/a>, avoir un a\u00efeul n\u00e9 en Irlande\u2026 dont Orlando Bloom.<\/p>\n<p>La newsletter culture<\/p>\n<p class=\"period\">Tous les mercredis \u00e0 16h<\/p>\n<p>Recevez l\u2019actualit\u00e9 culturelle de la semaine \u00e0 ne pas manquer ainsi que les Enqu\u00eates, d\u00e9cryptages, portraits, tendances\u2026<\/p>\n<p>Merci !<br \/>Votre inscription a bien \u00e9t\u00e9 prise en compte avec l&rsquo;adresse email :<\/p>\n<p>Pour d\u00e9couvrir toutes nos autres newsletters, rendez-vous ici : <a href=\"https:\/\/moncompte.lepoint.fr\/\" title=\"\" rel=\"nofollow noopener\" target=\"_blank\">MonCompte<\/a><\/p>\n<p>En vous inscrivant, vous acceptez les <a href=\"https:\/\/www.lepoint.fr\/html\/cgu\/\" title=\"Conditions g\u00e9n\u00e9rales d&#039;utilisation\" rel=\"nofollow noopener\" target=\"_blank\">conditions g\u00e9n\u00e9rales d\u2019utilisations<\/a> et notre <a href=\"https:\/\/www.lepoint.fr\/html\/politique-de-protection-donnees-personnelles\/\" title=\"Politique de confidentialit\u00e9\" rel=\"nofollow noopener\" target=\"_blank\">politique de confidentialit\u00e9<\/a>.<\/p>\n<p>\u00ab\u00a0Je vais avoir mon passeport irlandais. (Mon grand-p\u00e8re) est d&rsquo;Irlande du Nord\u00a0\u00bb, a d\u00e9clar\u00e9 <a class=\"Link\" href=\"https:\/\/www.lepoint.fr\/people\/orlando-bloom-evoque-son-experience-de-mort-imminente-13-10-2022-2493635_2116.php\" title=\"\" data-gtm=\"click:capsule\" data-capsule=\"Lien\" rel=\"nofollow noopener\" target=\"_blank\">l&rsquo;acteur de 48\u00a0ans<\/a> alors qu&rsquo;il \u00e9tait <a class=\"Link\" href=\"https:\/\/www.dailymail.co.uk\/tvshowbiz\/article-15052973\/Orlando-Bloom-embracing-Irish-roots-EU-passport.html\" target=\"_blank\" title=\"\" data-gtm=\"click:capsule\" data-capsule=\"Lien\" rel=\"nofollow noopener\">interview\u00e9<\/a>\u00a0par l&rsquo;animateur irlandais Ryan Tubridy sur Virgin Radio.<\/p>\n<p>En 2023, on comptait autour de 120\u00a0000 Britanniques ayant obtenu <a class=\"Link\" href=\"https:\/\/www.lepoint.fr\/monde\/brexit-les-tests-adn-utilises-pour-tenter-d-obtenir-la-nationalite-de-pays-europeens-18-08-2024-2568164_24.php\" title=\"\" data-gtm=\"click:capsule\" data-capsule=\"Lien\" rel=\"nofollow noopener\" target=\"_blank\">la nationalit\u00e9 irlandaise<\/a> en tant que descendant depuis 2016, ann\u00e9e du r\u00e9f\u00e9rendum sur la sortie du Royaume-Uni de l&rsquo;Union europ\u00e9enne, comme le <a class=\"Link\" href=\"https:\/\/www.ft.com\/content\/870c382c-00ed-4f7b-9b5f-3a2df60d4461?sharetype=blocked\" target=\"_blank\" title=\"\" data-gtm=\"click:capsule\" data-capsule=\"Lien\" rel=\"nofollow noopener\">relevait<\/a> le Financial Times.<\/p>\n<p> Le Brexit est entr\u00e9 en vigueur le 31\u00a0janvier 2020. Depuis, circuler et travailler dans la zone Schengen est un peu plus difficile\u00a0pour les citoyens du Royaume-Uni.Fin de la libre circulation pour tous<\/p>\n<p>De nombreux Britanniques n&rsquo;ont pas compris, avant le r\u00e9f\u00e9rendum, que <a class=\"Link\" href=\"https:\/\/www.lepoint.fr\/monde\/rester-ou-partir-le-choix-impossible-des-francais-installes-au-royaume-uni-lors-du-brexit-06-06-2024-2562180_24.php\" title=\"\" data-gtm=\"click:capsule\" data-capsule=\"Lien\" rel=\"nofollow noopener\" target=\"_blank\">la fin de la libre circulation<\/a> signifiait aussi que leurs d\u00e9placements \u00e9taient limit\u00e9s. Les musiciens ont \u00e9t\u00e9 les premiers <a class=\"Link\" href=\"https:\/\/www.lepoint.fr\/culture\/au-royaume-uni-des-musiciens-redoutent-un-brexit-discordant-20-03-2019-2302548_3.php\" title=\"\" data-gtm=\"click:capsule\" data-capsule=\"Lien\" rel=\"nofollow noopener\" target=\"_blank\">\u00e0 d\u00e9noncer publiquement<\/a> le manque d&rsquo;organisation et d&rsquo;accords obtenus de la part du <a class=\"Link\" href=\"https:\/\/www.lepoint.fr\/monde\/les-conservateurs-britanniques-face-au-spectre-d-une-deroute-historique-02-07-2024-2564578_24.php\" title=\"\" data-gtm=\"click:capsule\" data-capsule=\"Lien\" rel=\"nofollow noopener\" target=\"_blank\">gouvernement conservateur<\/a> de l&rsquo;\u00e9poque, qui a r\u00e9sult\u00e9 par une baisse des tourn\u00e9es en Europe des artistes britanniques.<\/p>\n<p>Pour Orlando Bloom, dont les tournages le m\u00e8nent aux quatre coins du monde, devoir faire <a class=\"Link\" href=\"https:\/\/www.lepoint.fr\/monde\/a-partir-de-2025-les-touristes-auront-besoin-d-un-visa-pour-aller-au-royaume-uni-12-09-2024-2570103_24.php\" title=\"\" data-gtm=\"click:capsule\" data-capsule=\"Lien\" rel=\"nofollow noopener\" target=\"_blank\">des demandes de visa<\/a> semble avoir eu raison de sa patience.<\/p>\n<p> \u00ab\u00a0Je l&rsquo;ai fait en partie pour mon travail. Par exemple, quand j&rsquo;ai d\u00fb travailler \u00e0 Prague pendant un certain temps, il y a eu tout un tas de nouvelle paperasse \u00e0 remplir\u00a0\u00bb, confie le com\u00e9dien, qui incarne un boxeur \u00e0 la retraite dans le nouveau thriller psychologique du r\u00e9alisateur Sean Ellis, The Cut. Il ajoute tout de m\u00eame \u00ab\u00a0adorer aussi le fait d&rsquo;avoir un h\u00e9ritage irlandais\u00a0\u00bb.<\/p>\n<p>En 2016, 51,9\u00a0% des Britanniques avaient vot\u00e9 pour le Brexit, la campagne s&rsquo;\u00e9tant cristallis\u00e9e sur l&rsquo;immigration. En 2025, force est de constater que sortir de l&rsquo;Union europ\u00e9enne n&rsquo;a pas r\u00e9gl\u00e9 ce que certains consid\u00e8rent comme un probl\u00e8me\u00a0: <a class=\"Link\" href=\"https:\/\/www.lepoint.fr\/monde\/immigration-le-brexit-ne-tient-pas-ses-promesses-20-08-2023-2532181_24.php\" title=\"\" data-gtm=\"click:capsule\" data-capsule=\"Lien\" rel=\"nofollow noopener\" target=\"_blank\">l&rsquo;immigration a augment\u00e9<\/a>, selon les statistiques dont une <a class=\"Link\" href=\"https:\/\/www.europarl.europa.eu\/thinktank\/en\/document\/EPRS_BRI(2025)772910\" target=\"_blank\" title=\"\" data-gtm=\"click:capsule\" data-capsule=\"Lien\" rel=\"nofollow noopener\">\u00e9tude<\/a> du Parlement europ\u00e9en intitul\u00e9e \u00ab\u00a0Le paradoxe du Brexit\u00a0\u00bb, et provient surtout de pays en dehors de la zone euro.<\/p>\n<blockquote class=\"instagram-media\" data-instgrm-captioned=\"\" data-instgrm-permalink=\"https:\/\/www.instagram.com\/reel\/DNvLL2YUqBI\/?utm_source=ig_embed&amp;utm_campaign=loading\" data-instgrm-version=\"14\" style=\" background:#FFF; border:0; border-radius:3px; box-shadow:0 0 1px 0 rgba(0,0,0,0.5),0 1px 10px 0 rgba(0,0,0,0.15); margin: 1px; max-width:540px; min-width:326px; padding:0; width:99.375%; width:-webkit-calc(100% - 2px); width:calc(100% - 2px);\"><\/blockquote>\n<p>Ces derni\u00e8res semaines, les Britanniques ont une nouvelle fois d\u00e9couvert sur leurs ronds-points des croix de saint George et des drapeaux anglais, devenus symboles de l&rsquo;extr\u00eame droite et de la x\u00e9nophobie. Une initiative lanc\u00e9e par les Weoley Warriors, qui se d\u00e9fendent\u00a0de tout racisme et se d\u00e9finissent, ainsi que le relaye la <a class=\"Link\" href=\"https:\/\/www.bbc.com\/news\/articles\/c626vxyxgj6o\" target=\"_blank\" title=\"\" data-gtm=\"click:capsule\" data-capsule=\"Lien\" rel=\"nofollow noopener\">BBC<\/a>, comme \u00ab\u00a0un\u00a0groupe d&rsquo;hommes Anglais fiers, anim\u00e9s par un objectif commun\u00a0: montrer \u00e0 Birmingham et au reste du pays \u00e0 quel point nous sommes fiers de notre histoire, de nos libert\u00e9s et de nos r\u00e9alisations\u00a0\u00bb. En parall\u00e8le, des manifestations anti-immigration ont eu lieu contre les h\u00f4tels mis \u00e0 disposition des demandeurs d&rsquo;asile.<\/p>\n<p>Toute l\u2019actualit\u00e9 \u00e0 1\u20ac le premier mois<\/p>\n<p><a href=\"https:\/\/abo.lepoint.fr\/?provenance=21EDI020098\" class=\"btn\" title=\"S&#039;abonner\" data-gtm=\"click:abo|display:abo\" data-campaign=\"paywall_maison\" rel=\"nofollow noopener\" target=\"_blank\">S&rsquo;abonner<\/a><\/p>\n<p>ou<\/p>\n<p><script async src=\"\/\/www.instagram.com\/embed.js\"><\/script><\/p>\n","protected":false},"excerpt":{"rendered":"Un million, c&rsquo;est le nombre de passeports irlandais d\u00e9livr\u00e9s en\u00a02024\u00a0et le chiffre devrait \u00eatre similaire pour l&rsquo;ann\u00e9e 2025.&hellip;\n","protected":false},"author":2,"featured_media":362338,"comment_status":"","ping_status":"","sticky":false,"template":"","format":"standard","meta":{"footnotes":""},"categories":[1588],"tags":[11,1777,674,12,973,473,1853,1851,1850,1852],"class_list":{"0":"post-362337","1":"post","2":"type-post","3":"status-publish","4":"format-standard","5":"has-post-thumbnail","7":"category-royaume-uni","8":"tag-actualites","9":"tag-eu","10":"tag-europe","11":"tag-news","12":"tag-people","13":"tag-royaume-uni","14":"tag-royaume-uni-de-grande-bretagne-et-dirlande-du-nord","15":"tag-uk","16":"tag-united-kingdom","17":"tag-united-kingdom-of-great-britain-and-northern-ireland"},"share_on_mastodon":{"url":"https:\/\/pubeurope.com\/@fr\/115138332224002052","error":""},"_links":{"self":[{"href":"https:\/\/www.europesays.com\/fr\/wp-json\/wp\/v2\/posts\/362337","targetHints":{"allow":["GET"]}}],"collection":[{"href":"https:\/\/www.europesays.com\/fr\/wp-json\/wp\/v2\/posts"}],"about":[{"href":"https:\/\/www.europesays.com\/fr\/wp-json\/wp\/v2\/types\/post"}],"author":[{"embeddable":true,"href":"https:\/\/www.europesays.com\/fr\/wp-json\/wp\/v2\/users\/2"}],"replies":[{"embeddable":true,"href":"https:\/\/www.europesays.com\/fr\/wp-json\/wp\/v2\/comments?post=362337"}],"version-history":[{"count":0,"href":"https:\/\/www.europesays.com\/fr\/wp-json\/wp\/v2\/posts\/362337\/revisions"}],"wp:featuredmedia":[{"embeddable":true,"href":"https:\/\/www.europesays.com\/fr\/wp-json\/wp\/v2\/media\/362338"}],"wp:attachment":[{"href":"https:\/\/www.europesays.com\/fr\/wp-json\/wp\/v2\/media?parent=362337"}],"wp:term":[{"taxonomy":"category","embeddable":true,"href":"https:\/\/www.europesays.com\/fr\/wp-json\/wp\/v2\/categories?post=362337"},{"taxonomy":"post_tag","embeddable":true,"href":"https:\/\/www.europesays.com\/fr\/wp-json\/wp\/v2\/tags?post=362337"}],"curies":[{"name":"wp","href":"https:\/\/api.w.org\/{rel}","templated":true}]}}