{"id":362339,"date":"2025-09-03T03:51:10","date_gmt":"2025-09-03T03:51:10","guid":{"rendered":"https:\/\/www.europesays.com\/fr\/362339\/"},"modified":"2025-09-03T03:51:10","modified_gmt":"2025-09-03T03:51:10","slug":"des-dizaines-de-refugies-afghans-arrives-en-allemagne-dw-02-09-2025","status":"publish","type":"post","link":"https:\/\/www.europesays.com\/fr\/362339\/","title":{"rendered":"Des dizaines de r\u00e9fugi\u00e9s afghans arriv\u00e9s en Allemagne \u2013 DW \u2013 02\/09\/2025"},"content":{"rendered":"<p>Des Afghans ayant obtenu une autorisation d&rsquo;accueil sont arriv\u00e9s lundi (01.09) apr\u00e8s-midi en <a class=\"internal-link\" href=\"https:\/\/www.dw.com\/fr\/allemagne-r\u00e9publique-f\u00e9d\u00e9rale-dallemagne\/t-19236971\" rel=\"nofollow noopener\" target=\"_blank\">Allemagne<\/a>. Plusieurs familles ont \u00e9t\u00e9 transport\u00e9es par vol r\u00e9gulier depuis le Pakistan vers Hanovre, avec une escale \u00e0 Istanbul en Turquie. Comme l&rsquo;a rapport\u00e9 un photographe de l&rsquo;agence de presse allemande, l&rsquo;avion en provenance d&rsquo;Istanbul a atterri vers 14 heures \u00e0 l&rsquo;a\u00e9roport de Hanovre-Langenhagen, dans l\u2019Etat-r\u00e9gion de Basse-Saxe. \u00a0<\/p>\n<p>Les autorit\u00e9s allemandes avaient organis\u00e9 l&rsquo;entr\u00e9e sur le territoire de 45 personnes. Il s&rsquo;agit exclusivement de personnes qui ont obtenu un visa <a class=\"internal-link\" href=\"https:\/\/www.dw.com\/fr\/programme-admission-refugies-afghans-allemagne\/a-73723894\" rel=\"nofollow noopener\" target=\"_blank\">\u00e0 l&rsquo;issue d&rsquo;une proc\u00e9dure judiciaire<\/a>, a d\u00e9clar\u00e9 une porte-parole du minist\u00e8re de l&rsquo;Int\u00e9rieur.\u00a0<\/p>\n<p><img data-format=\"MASTER_LANDSCAPE\" data-id=\"66961501\" data-url=\"https:\/\/static.dw.com\/image\/66961501_${formatId}.jpg\" data-aspect-ratio=\"16\/9\" alt=\"L'image fournie par l'arm\u00e9e allemande montre un avion de transport militaire C17 d\u00e9collant du camp militaire de Mazar-i-Sharif \u00e0 destination de l'Allemagne (29.06.21)\" style=\"padding-bottom: 56.25%; height: 0; max-height: 0;\"\/>L&rsquo;arm\u00e9e allemande a quitt\u00e9 l\u2019Afghanistan, laissant derri\u00e8re elle le personnel afghan  Image : Torsten Kraatz\/Bundeswehr\/picture alliance\/dpa <\/p>\n<p>Le ministre des Affaires \u00e9trang\u00e8res Johann Wadephul a d\u00e9clar\u00e9 : \u00ab\u00a0En tant que coalition, nous avons clairement convenu de mettre fin autant que possible aux programmes d&rsquo;accueil volontaires, et nous nous y tenons.\u00a0\u00bb\u00a0Il a toutefois soulign\u00e9 que les engagements d&rsquo;accueil juridiquement contraignants seraient bien s\u00fbr respect\u00e9s : \u00ab\u00a0Pr\u00e8s de 50 personnes peuvent donc entrer en Allemagne aujourd&rsquo;hui.\u00a0\u00bb<\/p>\n<p>Une longue attente<\/p>\n<p>De nombreuses familles afghanes attendent depuis des mois, voire des ann\u00e9es, \u00e0 Islamabad leur d\u00e9part pour l&rsquo;Allemagne. Outre d&rsquo;anciens employ\u00e9s locaux d&rsquo;institutions allemandes, il s&rsquo;agit \u00e9galement de personnes pers\u00e9cut\u00e9es par les talibans en raison de leur engagement en tant qu&rsquo;avocats, journalistes ou militants des droits humains.\u00a0\u00a0<\/p>\n<p>Le gouvernement allemand\u00a0avait toutefois mis fin en mai au programme d&rsquo;accueil des Afghans particuli\u00e8rement menac\u00e9s. Si certaines personnes concern\u00e9es ont n\u00e9anmoins pu quitter le pays avec leurs proches, c&rsquo;est gr\u00e2ce \u00e0 des recours judiciaires couronn\u00e9s de succ\u00e8s en Allemagne. Elles ont notamment \u00e9t\u00e9 soutenues par l&rsquo;organisation humanitaire \u00ab\u00a0Kabul Luftbr\u00fccke\u00a0\u00bb. Selon le minist\u00e8re des Affaires \u00e9trang\u00e8res, environ 85 proc\u00e9dures d&rsquo;urgence sont en cours devant les tribunaux.\u00a0<\/p>\n<p>La situation est devenue urgente apr\u00e8s l&rsquo;intervention des autorit\u00e9s pakistanaises. Celles-ci ont \u00e9galement expuls\u00e9 vers l&rsquo;Afghanistan des Afghans participant au programme d&rsquo;accueil allemand. Selon le minist\u00e8re allemand des Affaires \u00e9trang\u00e8res, environ 2 100 personnes concern\u00e9es se trouvent actuellement au Pakistan et environ 200 en Afghanistan. A la mi-ao\u00fbt, Berlin avait annonc\u00e9 qu&rsquo;environ 210 Afghans qui s\u00e9journaient r\u00e9cemment au Pakistan avaient \u00e9t\u00e9 expuls\u00e9s vers l&rsquo;Afghanistan. L&rsquo;Allemagne est toujours en contact avec eux.\u00a0<\/p>\n<p>Le chancelier allemand <a class=\"internal-link\" href=\"https:\/\/www.dw.com\/fr\/friedrich-merz\/t-71293710\" rel=\"nofollow noopener\" target=\"_blank\">Friedrich Merz<\/a> a annonc\u00e9 que son gouvernement va examiner l&rsquo;appel \u00e0 l&rsquo;aide lanc\u00e9 par ces 200 Afghans. Parmi les signataires de l&rsquo;appel se trouvent d&rsquo;anciens militants des droits humains, des magistrats et des artistes notamment.\u00a0<\/p>\n","protected":false},"excerpt":{"rendered":"Des Afghans ayant obtenu une autorisation d&rsquo;accueil sont arriv\u00e9s lundi (01.09) apr\u00e8s-midi en Allemagne. Plusieurs familles ont \u00e9t\u00e9&hellip;\n","protected":false},"author":2,"featured_media":362340,"comment_status":"","ping_status":"","sticky":false,"template":"","format":"standard","meta":{"footnotes":""},"categories":[1587],"tags":[11,672,1804,1805,1803,1777,674,1801,12,1802],"class_list":{"0":"post-362339","1":"post","2":"type-post","3":"status-publish","4":"format-standard","5":"has-post-thumbnail","7":"category-allemagne","8":"tag-actualites","9":"tag-allemagne","10":"tag-bundesrepublik-deutschland","11":"tag-de","12":"tag-deutschland","13":"tag-eu","14":"tag-europe","15":"tag-germany","16":"tag-news","17":"tag-republique-federale-dallemagne"},"share_on_mastodon":{"url":"https:\/\/pubeurope.com\/@fr\/115138336130113390","error":""},"_links":{"self":[{"href":"https:\/\/www.europesays.com\/fr\/wp-json\/wp\/v2\/posts\/362339","targetHints":{"allow":["GET"]}}],"collection":[{"href":"https:\/\/www.europesays.com\/fr\/wp-json\/wp\/v2\/posts"}],"about":[{"href":"https:\/\/www.europesays.com\/fr\/wp-json\/wp\/v2\/types\/post"}],"author":[{"embeddable":true,"href":"https:\/\/www.europesays.com\/fr\/wp-json\/wp\/v2\/users\/2"}],"replies":[{"embeddable":true,"href":"https:\/\/www.europesays.com\/fr\/wp-json\/wp\/v2\/comments?post=362339"}],"version-history":[{"count":0,"href":"https:\/\/www.europesays.com\/fr\/wp-json\/wp\/v2\/posts\/362339\/revisions"}],"wp:featuredmedia":[{"embeddable":true,"href":"https:\/\/www.europesays.com\/fr\/wp-json\/wp\/v2\/media\/362340"}],"wp:attachment":[{"href":"https:\/\/www.europesays.com\/fr\/wp-json\/wp\/v2\/media?parent=362339"}],"wp:term":[{"taxonomy":"category","embeddable":true,"href":"https:\/\/www.europesays.com\/fr\/wp-json\/wp\/v2\/categories?post=362339"},{"taxonomy":"post_tag","embeddable":true,"href":"https:\/\/www.europesays.com\/fr\/wp-json\/wp\/v2\/tags?post=362339"}],"curies":[{"name":"wp","href":"https:\/\/api.w.org\/{rel}","templated":true}]}}