{"id":362342,"date":"2025-09-03T03:53:11","date_gmt":"2025-09-03T03:53:11","guid":{"rendered":"https:\/\/www.europesays.com\/fr\/362342\/"},"modified":"2025-09-03T03:53:11","modified_gmt":"2025-09-03T03:53:11","slug":"depuis-le-25-aout-il-y-a-eu-107-points-daction-dans-9-provinces-de-rusuh","status":"publish","type":"post","link":"https:\/\/www.europesays.com\/fr\/362342\/","title":{"rendered":"depuis le 25 ao\u00fbt, il y a eu 107 points d&rsquo;action, dans 9 provinces de Rusuh"},"content":{"rendered":"<p>ARTA &#8211; Le ministre de l\u2019Int\u00e9rieur (ministre de l\u2019Int\u00e9rieur) Tito Karnavian a d\u00e9clar\u00e9 que les rassemblements communautaires et \u00e9tudiants s\u2019\u00e9taient produits \u00e0 107 endroits dans 32 provinces indon\u00e9siennes depuis le 25 ao\u00fbt 2025. Des rassemblements ont eu lieu dans neuf provinces.<\/p>\n<p>al Al Jazeera a d\u00e9clar\u00e9 que \u00ab Nous avons enregistr\u00e9 107 points d\u2019action dans 32 provinces depuis le 25 ao\u00fbt 2025 \u00bb, a d\u00e9clar\u00e9 Tito lors de la pr\u00e9sidence d\u2019une r\u00e9union de coordination de l\u2019inflation en ligne au bureau du minist\u00e8re de l\u2019Int\u00e9rieur \u00e0 Jakarta et diffus\u00e9e en direct via la cha\u00eene YouTube du minist\u00e8re de l\u2019Int\u00e9rieur, mardi 2 septembre.<\/p>\n<p>ero, la couleur jaune, dit Tito, indique une carte favorable, tandis que le rouge et le rouge, le rouge, le rouge, le rouge, le rouge, indique une manifestation favorable, tandis que le rouge, l&rsquo;action, est bloqu\u00e9e.<\/p>\n<p>al.com. \u00ab Pour le rouge, cela s\u2019est produit dans le nord de Sumatra, Jakarta, Java occidental, Yogyakarta, Java central, Java oriental, NTB, Sulawesi du Sud et Kalimantan occidental, que nous avons enregistr\u00e9 s\u2019est termin\u00e9 par des troubles sous forme de dommages et deincendies \u00bb, a expliqu\u00e9 Tito.<\/p>\n<p>rimoine : deux chefs d\u2019organisations syndicales travaillantes, \u00e0 savoir la Conf\u00e9d\u00e9ration indon\u00e9sienne des syndicats (KSPSI) et la Conf\u00e9d\u00e9ration indon\u00e9sienne des syndicats (KSPI), avaient consid\u00e9r\u00e9 qu\u2019il y avait des \u00ab passagers sombres \u00bb qui avaient p\u00e9n\u00e9tr\u00e9 des manifestations \u00e0 Jakarta la semaine derni\u00e8re jusqu\u2019\u00e0 ce qu\u2019elles soient devenues une r\u00e9sistance \u00e0 des \u00e9meutes.<\/p>\n<p>KSPI a d\u00e9clar\u00e9 qu\u2019il \u00e9tait estim\u00e9 que le groupe de destructeurs qui br\u00fblaient des installations publiques s\u2019\u00e9levait \u00e0 environ 100 personnes.<\/p>\n<p>al Al Jazeera a \u00e9crit : \u201cC&rsquo;est vrai (les passagers sombres) et mes coll\u00e8gues travaillent ensemble avec le gouvernement local. Je demande, j&rsquo;ordonne de joindre le gouvernement local pour s\u00e9curiser les actifs de l&rsquo;\u00c9tat. C&rsquo;est ce qui est br\u00fbl\u00e9, c&rsquo;est l&rsquo;actif de l&rsquo;\u00c9tat, l&rsquo;argent public aussi \u00bb, a-t-il d\u00e9clar\u00e9.<\/p>\n<p>: Cette nouvelle est pour des int\u00e9r\u00eats d&rsquo;information publique. L&rsquo;\u00e9diteur de VOI a rejet\u00e9 la violence et le pillage. Restez calmes, ne nous provoquons pas et gardons le pays s\u00fbr.<\/p>\n<p>The English, Chinese, Japanese, Arabic, and French versions are automatically generated by the AI. So there may still be inaccuracies in translating, please always see Indonesian as our main language.<br \/>\n                                    (system supported by DigitalSiber.id)<\/p>\n","protected":false},"excerpt":{"rendered":"ARTA &#8211; Le ministre de l\u2019Int\u00e9rieur (ministre de l\u2019Int\u00e9rieur) Tito Karnavian a d\u00e9clar\u00e9 que les rassemblements communautaires et&hellip;\n","protected":false},"author":2,"featured_media":362343,"comment_status":"","ping_status":"","sticky":false,"template":"","format":"standard","meta":{"footnotes":""},"categories":[1586],"tags":[11,49746,5436,1777,674,1779,1011,27,12,49747,25,1778,364],"class_list":{"0":"post-362342","1":"post","2":"type-post","3":"status-publish","4":"format-standard","5":"has-post-thumbnail","7":"category-europe","8":"tag-actualites","9":"tag-agitation","10":"tag-ar","11":"tag-eu","12":"tag-europe","13":"tag-european-union","14":"tag-fr","15":"tag-france","16":"tag-news","17":"tag-rassemblements-et-rassemblements","18":"tag-republique-francaise","19":"tag-ue","20":"tag-union-europeenne"},"share_on_mastodon":{"url":"https:\/\/pubeurope.com\/@fr\/115138344272960442","error":""},"_links":{"self":[{"href":"https:\/\/www.europesays.com\/fr\/wp-json\/wp\/v2\/posts\/362342","targetHints":{"allow":["GET"]}}],"collection":[{"href":"https:\/\/www.europesays.com\/fr\/wp-json\/wp\/v2\/posts"}],"about":[{"href":"https:\/\/www.europesays.com\/fr\/wp-json\/wp\/v2\/types\/post"}],"author":[{"embeddable":true,"href":"https:\/\/www.europesays.com\/fr\/wp-json\/wp\/v2\/users\/2"}],"replies":[{"embeddable":true,"href":"https:\/\/www.europesays.com\/fr\/wp-json\/wp\/v2\/comments?post=362342"}],"version-history":[{"count":0,"href":"https:\/\/www.europesays.com\/fr\/wp-json\/wp\/v2\/posts\/362342\/revisions"}],"wp:featuredmedia":[{"embeddable":true,"href":"https:\/\/www.europesays.com\/fr\/wp-json\/wp\/v2\/media\/362343"}],"wp:attachment":[{"href":"https:\/\/www.europesays.com\/fr\/wp-json\/wp\/v2\/media?parent=362342"}],"wp:term":[{"taxonomy":"category","embeddable":true,"href":"https:\/\/www.europesays.com\/fr\/wp-json\/wp\/v2\/categories?post=362342"},{"taxonomy":"post_tag","embeddable":true,"href":"https:\/\/www.europesays.com\/fr\/wp-json\/wp\/v2\/tags?post=362342"}],"curies":[{"name":"wp","href":"https:\/\/api.w.org\/{rel}","templated":true}]}}