{"id":362344,"date":"2025-09-03T03:54:18","date_gmt":"2025-09-03T03:54:18","guid":{"rendered":"https:\/\/www.europesays.com\/fr\/362344\/"},"modified":"2025-09-03T03:54:18","modified_gmt":"2025-09-03T03:54:18","slug":"macron-appelle-le-gouvernement-a-travailler-avec-le-ps-mais-pas-avec-lfi-ni-le-rn","status":"publish","type":"post","link":"https:\/\/www.europesays.com\/fr\/362344\/","title":{"rendered":"Macron appelle le gouvernement \u00e0 travailler avec le PS mais pas avec LFI ni le RN"},"content":{"rendered":"<p>Emmanuel <a href=\"https:\/\/www.20minutes.fr\/politique\/emmanuel-macron\/\" class=\"c-link c-link--is-underlined\" target=\"_blank\" rel=\"noopener\">Macron<\/a> a \u00ab\u00a0enjoint\u00a0\u00bb mardi aux chefs de la coalition gouvernementale de \u00ab\u00a0travailler avec les socialistes\u00a0\u00bb et d\u2019autres partis. Ceci afin d&rsquo;\u00ab\u00a0\u00e9largir\u00a0\u00bb son assise dans la perspective du <a href=\"https:\/\/www.20minutes.fr\/dossier\/vote_de_confiance\" class=\"c-link c-link--is-underlined\" target=\"_blank\" rel=\"noopener\">vote de confiance<\/a> du 8\u00a0septembre demand\u00e9 par <a href=\"https:\/\/www.20minutes.fr\/politique\/francois_bayrou\/\" class=\"c-link c-link--is-underlined\" target=\"_blank\" rel=\"noopener\">Fran\u00e7ois Bayrou<\/a> \u00ab\u00a0et le cas \u00e9ch\u00e9ant apr\u00e8s\u00a0\u00bb, a rapport\u00e9 un participant. Mais pas question en revanche de se rapprocher de <a href=\"https:\/\/www.20minutes.fr\/politique\/france-insoumise\/\" class=\"c-link c-link--is-underlined\" target=\"_blank\" rel=\"noopener\">LFI <\/a>et du <a href=\"https:\/\/www.20minutes.fr\/politique\/rassemblement-national\/\" class=\"c-link c-link--is-underlined\" target=\"_blank\" rel=\"noopener\">RN<\/a>, selon cette m\u00eame source.<\/p>\n<p>Le pr\u00e9sident de la R\u00e9publique l\u2019a r\u00e9p\u00e9t\u00e9 \u00e0 plusieurs reprises\u00a0: l\u00e9gislatives ou pr\u00e9sidentielle anticip\u00e9es ne sont pas \u00e0 son ordre du jour. Mais plus l\u2019\u00e9ch\u00e9ance approche, plus la question est sur toutes les l\u00e8vres. Et son entourage ne cache pas qu\u2019une dissolution n\u2019est pas exclue en cas de nouveau blocage.<\/p>\n<p>\u00ab\u00a0Tous les participants\u00a0\u00bb se prononcent \u00ab\u00a0contre la dissolution\u00a0\u00bb<\/p>\n<p>\u00ab\u00a0Tous les participants\u00a0\u00bb \u00e0 un d\u00e9jeuner \u00e0 l\u2019<a href=\"https:\/\/www.20minutes.fr\/dossier\/elysee\" class=\"c-link c-link--is-underlined\" target=\"_blank\" rel=\"noopener\">Elys\u00e9e<\/a>, qui a r\u00e9uni le Premier ministre et les chefs de parti Gabriel Attal (<a href=\"https:\/\/www.20minutes.fr\/politique\/renaissance\/\" class=\"c-link c-link--is-underlined\" target=\"_blank\" rel=\"noopener\">Renaissance<\/a>), Edouard Philippe (<a href=\"https:\/\/www.20minutes.fr\/horizons\/\" class=\"c-link c-link--is-underlined\" target=\"_blank\" rel=\"noopener\">Horizons<\/a>) et Bruno Retailleau (<a href=\"https:\/\/www.20minutes.fr\/politique\/lr\/\" class=\"c-link c-link--is-underlined\" target=\"_blank\" rel=\"noopener\">Les R\u00e9publicains<\/a>), se sont prononc\u00e9s \u00ab\u00a0contre la dissolution\u00a0\u00bb, a pr\u00e9cis\u00e9 ce participant. \u00ab\u00a0Le pr\u00e9sident de la R\u00e9publique leur a dit qu\u2019ils avaient un devoir de responsabilit\u00e9 et de stabilit\u00e9.\u00a0\u00bb<\/p>\n<\/p>\n<p>LFI et RN, ainsi (\u00e0 ce jour) qu\u2019une partie des R\u00e9publicains, rejettent le plan budg\u00e9taire qui pr\u00e9voit un effort de 44\u00a0milliards d\u2019euros en\u00a02026, alors que le taux d\u2019int\u00e9r\u00eat de la dette fran\u00e7aise \u00e0 30 ans a d\u00e9pass\u00e9 4,5\u00a0%, une premi\u00e8re depuis\u00a02011.<\/p>\n<p><a href=\"https:\/\/www.20minutes.fr\/dossier\/vote_de_confiance\" class=\"c-link c-btn c-btn--primary\" target=\"_blank\" rel=\"noopener\">Notre dossier sur le vote de confiance<\/a><\/p>\n<p>LFI r\u00e9clame la d\u00e9mission de Macron, tandis que le RN parie sur de nouvelles l\u00e9gislatives anticip\u00e9es. Ecologistes et socialistes tentent en revanche d\u2019organiser une nouvelle alliance apr\u00e8s le 8\u00a0septembre et la chute du gouvernement Bayrou qui semble, en l\u2019\u00e9tat, quasiment act\u00e9e.<\/p>\n","protected":false},"excerpt":{"rendered":"Emmanuel Macron a \u00ab\u00a0enjoint\u00a0\u00bb mardi aux chefs de la coalition gouvernementale de \u00ab\u00a0travailler avec les socialistes\u00a0\u00bb et d\u2019autres&hellip;\n","protected":false},"author":2,"featured_media":362345,"comment_status":"","ping_status":"","sticky":false,"template":"","format":"standard","meta":{"footnotes":""},"categories":[2],"tags":[47,11,1013,13281,3080,4527,1073,1011,27,431,4410,3540,8335,12,316,8417,25,49393],"class_list":{"0":"post-362344","1":"post","2":"type-post","3":"status-publish","4":"format-standard","5":"has-post-thumbnail","7":"category-actualites","8":"tag-actualite","9":"tag-actualites","10":"tag-bruno-retailleau","11":"tag-dissolution-de-lassemblee-nationale","12":"tag-edouard-philippe","13":"tag-elysee","14":"tag-emmanuel-macron","15":"tag-fr","16":"tag-france","17":"tag-francois-bayrou","18":"tag-gabriel-attal","19":"tag-horizons","20":"tag-les-republicains-lr","21":"tag-news","22":"tag-politique","23":"tag-renaissance-parti-politique","24":"tag-republique-francaise","25":"tag-vote-de-confiance"},"share_on_mastodon":{"url":"https:\/\/pubeurope.com\/@fr\/115138347925623802","error":""},"_links":{"self":[{"href":"https:\/\/www.europesays.com\/fr\/wp-json\/wp\/v2\/posts\/362344","targetHints":{"allow":["GET"]}}],"collection":[{"href":"https:\/\/www.europesays.com\/fr\/wp-json\/wp\/v2\/posts"}],"about":[{"href":"https:\/\/www.europesays.com\/fr\/wp-json\/wp\/v2\/types\/post"}],"author":[{"embeddable":true,"href":"https:\/\/www.europesays.com\/fr\/wp-json\/wp\/v2\/users\/2"}],"replies":[{"embeddable":true,"href":"https:\/\/www.europesays.com\/fr\/wp-json\/wp\/v2\/comments?post=362344"}],"version-history":[{"count":0,"href":"https:\/\/www.europesays.com\/fr\/wp-json\/wp\/v2\/posts\/362344\/revisions"}],"wp:featuredmedia":[{"embeddable":true,"href":"https:\/\/www.europesays.com\/fr\/wp-json\/wp\/v2\/media\/362345"}],"wp:attachment":[{"href":"https:\/\/www.europesays.com\/fr\/wp-json\/wp\/v2\/media?parent=362344"}],"wp:term":[{"taxonomy":"category","embeddable":true,"href":"https:\/\/www.europesays.com\/fr\/wp-json\/wp\/v2\/categories?post=362344"},{"taxonomy":"post_tag","embeddable":true,"href":"https:\/\/www.europesays.com\/fr\/wp-json\/wp\/v2\/tags?post=362344"}],"curies":[{"name":"wp","href":"https:\/\/api.w.org\/{rel}","templated":true}]}}