{"id":362348,"date":"2025-09-03T03:56:16","date_gmt":"2025-09-03T03:56:16","guid":{"rendered":"https:\/\/www.europesays.com\/fr\/362348\/"},"modified":"2025-09-03T03:56:16","modified_gmt":"2025-09-03T03:56:16","slug":"marcillac-vallon-coupe-de-france-vallon-franchit-le-cap-du-2e-tour","status":"publish","type":"post","link":"https:\/\/www.europesays.com\/fr\/362348\/","title":{"rendered":"Marcillac-Vallon. Coupe de France : Vallon franchit le cap du 2e tour"},"content":{"rendered":"<p>Premier match de la saison ce dimanche \u00e0 Kervallon pour Foot Vallon qui recevait Ouest Aveyron en coupe de France (2e tour). Tr\u00e8s bonne entame de match pour les hommes de Greg Mazars qui se cr\u00e9ent de nombreuses occasions mais se heurtent \u00e0 la bonne garde de la d\u00e9fense adverse.<\/p>\n<p>A la demi-heure de jeu, Mohamed Sillad concr\u00e9tise une r\u00e9cup\u00e9ration haute en logeant le ballon au fond des filets.<\/p>\n<p>Tr\u00e8s actifs, les visiteurs r\u00e9agissent en mettant la pression sur la d\u00e9fense locale qui conc\u00e8de un penalty, d\u00e9tourn\u00e9 magistralement par Damien Cazals. Un deuxi\u00e8me penalty, pour une main dans la surface, fera mouche et permettra \u00e0 Bas Rouergue de revenir au score.<\/p>\n<p>Au retour des vestiaires Vallon rentre sur la pelouse avec de meilleures intentions r\u00e9compens\u00e9es par deux buts marqu\u00e9s par le bouillant Steven Lendormy. Ouest Aveyron r\u00e9duira le score en toute fin de partie. Score final 3 \u00e0 2.<\/p>\n<p>Pour l\u2019entra\u00eeneur Greg Mazars, \u00ab\u00a0cette victoire m\u00e9rit\u00e9e concr\u00e9tise une pr\u00e9paration estivale intense, l\u2019objectif \u00e9tant d\u2019\u00eatre pr\u00eats pour la premi\u00e8re journ\u00e9e de championnat, samedi 6 septembre \u00e0 La Primaube\u00a0\u00bb.<\/p>\n","protected":false},"excerpt":{"rendered":"Premier match de la saison ce dimanche \u00e0 Kervallon pour Foot Vallon qui recevait Ouest Aveyron en coupe&hellip;\n","protected":false},"author":2,"featured_media":362349,"comment_status":"","ping_status":"","sticky":false,"template":"","format":"standard","meta":{"footnotes":""},"categories":[4],"tags":[11,1011,27,12,25],"class_list":{"0":"post-362348","1":"post","2":"type-post","3":"status-publish","4":"format-standard","5":"has-post-thumbnail","7":"category-france","8":"tag-actualites","9":"tag-fr","10":"tag-france","11":"tag-news","12":"tag-republique-francaise"},"share_on_mastodon":{"url":"https:\/\/pubeurope.com\/@fr\/115138355699551315","error":""},"_links":{"self":[{"href":"https:\/\/www.europesays.com\/fr\/wp-json\/wp\/v2\/posts\/362348","targetHints":{"allow":["GET"]}}],"collection":[{"href":"https:\/\/www.europesays.com\/fr\/wp-json\/wp\/v2\/posts"}],"about":[{"href":"https:\/\/www.europesays.com\/fr\/wp-json\/wp\/v2\/types\/post"}],"author":[{"embeddable":true,"href":"https:\/\/www.europesays.com\/fr\/wp-json\/wp\/v2\/users\/2"}],"replies":[{"embeddable":true,"href":"https:\/\/www.europesays.com\/fr\/wp-json\/wp\/v2\/comments?post=362348"}],"version-history":[{"count":0,"href":"https:\/\/www.europesays.com\/fr\/wp-json\/wp\/v2\/posts\/362348\/revisions"}],"wp:featuredmedia":[{"embeddable":true,"href":"https:\/\/www.europesays.com\/fr\/wp-json\/wp\/v2\/media\/362349"}],"wp:attachment":[{"href":"https:\/\/www.europesays.com\/fr\/wp-json\/wp\/v2\/media?parent=362348"}],"wp:term":[{"taxonomy":"category","embeddable":true,"href":"https:\/\/www.europesays.com\/fr\/wp-json\/wp\/v2\/categories?post=362348"},{"taxonomy":"post_tag","embeddable":true,"href":"https:\/\/www.europesays.com\/fr\/wp-json\/wp\/v2\/tags?post=362348"}],"curies":[{"name":"wp","href":"https:\/\/api.w.org\/{rel}","templated":true}]}}