{"id":362350,"date":"2025-09-03T03:59:15","date_gmt":"2025-09-03T03:59:15","guid":{"rendered":"https:\/\/www.europesays.com\/fr\/362350\/"},"modified":"2025-09-03T03:59:15","modified_gmt":"2025-09-03T03:59:15","slug":"rc-vannes-soyaux-angouleme-de-la-stabilite-avec-quelques-ajustements-la-composition-probable-du-rcv","status":"publish","type":"post","link":"https:\/\/www.europesays.com\/fr\/362350\/","title":{"rendered":"RC Vannes &#8211; Soyaux Angoul\u00eame\u00a0: de la stabilit\u00e9 avec quelques ajustements, la composition probable du RCV"},"content":{"rendered":"<p>Pro D2 (2e journ\u00e9e). RC Vannes &#8211; Soyaux Angoul\u00eame, vendredi (21 h)<\/p>\n<p>Apr\u00e8s avoir conc\u00e9d\u00e9 le match nul dans les derniers instants sur la pelouse de Brive, le <a href=\"https:\/\/www.letelegramme.fr\/sports\/rugby\/rc-vannes\/\" target=\"_blank\" rel=\"noopener\">RC Vannes<\/a> est d\u00e9sormais tourn\u00e9 sur son prochain adversaire, Soyaux Angoul\u00eame. Pour cette rencontre, face \u00e0 la surprise de la saison derni\u00e8re, le manager historique du club breton est contraint de r\u00e9aliser quelques petits ajustements. Le premier changement forc\u00e9 concerne <a href=\"https:\/\/www.letelegramme.fr\/sports\/rugby\/rc-vannes\/reduit-a-14-et-mene-17-0-comment-le-rc-vannes-a-reussi-a-revenir-dans-le-match-a-brive-lors-du-choc-de-la-pro-d2-6879137.php\" target=\"_blank\" rel=\"noopener\">Francis Saili<\/a>, qui a \u00e9cop\u00e9 d\u2019un carton rouge \u00e0 la 16e minute face \u00e0 Brive. L\u2019ex-all black aux deux s\u00e9lections devrait \u00eatre remplac\u00e9 par Alex Arrate qui effectuera son premier match officiel depuis le 22 f\u00e9vrier, et une blessure face \u00e0 Montpellier.<\/p>\n<p>Kalamafoni absent de l\u2019entra\u00eenement<\/p>\n<p>Sorti pr\u00e9matur\u00e9ment lors de la premi\u00e8re journ\u00e9e, Sione Kalamafoni ne s\u2019est pas entra\u00een\u00e9, ce mardi. Il a \u00e9t\u00e9 suppl\u00e9\u00e9 par L\u00e9on Boulier durant la s\u00e9ance du jour, qui devrait occuper le poste de troisi\u00e8me ligne centre. Le Normand, form\u00e9 au club, sera entour\u00e9 par le capitaine Francisco Gorrissen et Simon Augry. Le paquet d\u2019avant ne comptera pas d\u2019autre changement en misant sur la stabilit\u00e9. La premi\u00e8re ligne internationale, Vunipola &#8211; Cherry &#8211; Medrano sera une nouvelle fois align\u00e9e. L\u2019attelage en deuxi\u00e8me ligne, Desjeux &#8211; Metz est lui aussi reconduit.<\/p>\n<p>Premi\u00e8re pour Nick Schonert et Marin Boulier<\/p>\n<p>\u00c0 la charni\u00e8re, Mikheil Alania, auteur d\u2019une tr\u00e8s grosse partie lors de la premi\u00e8re journ\u00e9e devrait subir le retour \u00e0 la comp\u00e9tition de Michael Ruru. Le demi de m\u00eal\u00e9e n\u00e9o-z\u00e9landais retrouverait ainsi son acolyte \u00e0 la charni\u00e8re, Maxime Lafage. Concernant le triangle arri\u00e8re, les recrues Ben Stevenson et Anthony Bouthier vont encha\u00eener une deuxi\u00e8me titularisation. Le troisi\u00e8me homme devrait \u00eatre Enzo Benmegal en lieu et place d\u2019Eliott Roudil, auteur d\u2019une bonne prestation.<\/p>\n<p>Concernant les finisseurs, la premi\u00e8re ligne rempla\u00e7ante sera identique, hormis le poste de pilier droit. La recrue estivale en provenance des Mitsubishi Sagamihara Dynaboars, Nick Schonert devrait fouler la pelouse du stade de La Rabine pour la premi\u00e8re fois. Autre premi\u00e8re \u00e0 pr\u00e9voir, celle du petit fr\u00e8re de L\u00e9on Boulier, Marin. L\u2019ex joueur de Rouen d\u00e9couvrirait donc pour la premi\u00e8re fois la Pro D2.<\/p>\n<p>Seule incertitude sur le banc, il s\u2019agit du choix du staff vannetais avec un banc en 6-2 (6 avants et 2 arri\u00e8res) ou en 5-3. Dans l\u2019\u00e9quation, on y retrouve le troisi\u00e8me ligne fidjien et JIFF, Kitione Kamikamica ou l\u2019arri\u00e8re, Paul Surano.<\/p>\n<p>La composition probable du RC Vannes<\/p>\n<p>15. Bouthier &#8211; 14. Benmegal, 13. Boudehent, 12. Arrate, 11. Stevenson &#8211; 10. Lafage, 9. Ruru &#8211; 7. Gorrissen (cap.), 8. L.Boulier, 6. Augry &#8211; 5. Metz, 4. Desjeux &#8211; 3. Medrano, 2. Cherry, 1. Vunipola.<\/p>\n<p>Rempla\u00e7ants : Blanchard, Djehi, M\u00e9zou, Edwards, Kamikamica ou Surano, Alania, M.Boulier, Schonert.<\/p>\n","protected":false},"excerpt":{"rendered":"Pro D2 (2e journ\u00e9e). RC Vannes &#8211; Soyaux Angoul\u00eame, vendredi (21 h) Apr\u00e8s avoir conc\u00e9d\u00e9 le match nul&hellip;\n","protected":false},"author":2,"featured_media":362351,"comment_status":"","ping_status":"","sticky":false,"template":"","format":"standard","meta":{"footnotes":""},"categories":[1416],"tags":[1011,27,3164,479,1468,60],"class_list":{"0":"post-362350","1":"post","2":"type-post","3":"status-publish","4":"format-standard","5":"has-post-thumbnail","7":"category-rugby","8":"tag-fr","9":"tag-france","10":"tag-rc-vannes","11":"tag-rugby","12":"tag-rugby-football","13":"tag-sports"},"share_on_mastodon":{"url":"https:\/\/pubeurope.com\/@fr\/115138367891110936","error":""},"_links":{"self":[{"href":"https:\/\/www.europesays.com\/fr\/wp-json\/wp\/v2\/posts\/362350","targetHints":{"allow":["GET"]}}],"collection":[{"href":"https:\/\/www.europesays.com\/fr\/wp-json\/wp\/v2\/posts"}],"about":[{"href":"https:\/\/www.europesays.com\/fr\/wp-json\/wp\/v2\/types\/post"}],"author":[{"embeddable":true,"href":"https:\/\/www.europesays.com\/fr\/wp-json\/wp\/v2\/users\/2"}],"replies":[{"embeddable":true,"href":"https:\/\/www.europesays.com\/fr\/wp-json\/wp\/v2\/comments?post=362350"}],"version-history":[{"count":0,"href":"https:\/\/www.europesays.com\/fr\/wp-json\/wp\/v2\/posts\/362350\/revisions"}],"wp:featuredmedia":[{"embeddable":true,"href":"https:\/\/www.europesays.com\/fr\/wp-json\/wp\/v2\/media\/362351"}],"wp:attachment":[{"href":"https:\/\/www.europesays.com\/fr\/wp-json\/wp\/v2\/media?parent=362350"}],"wp:term":[{"taxonomy":"category","embeddable":true,"href":"https:\/\/www.europesays.com\/fr\/wp-json\/wp\/v2\/categories?post=362350"},{"taxonomy":"post_tag","embeddable":true,"href":"https:\/\/www.europesays.com\/fr\/wp-json\/wp\/v2\/tags?post=362350"}],"curies":[{"name":"wp","href":"https:\/\/api.w.org\/{rel}","templated":true}]}}