{"id":362358,"date":"2025-09-03T04:04:12","date_gmt":"2025-09-03T04:04:12","guid":{"rendered":"https:\/\/www.europesays.com\/fr\/362358\/"},"modified":"2025-09-03T04:04:12","modified_gmt":"2025-09-03T04:04:12","slug":"vuelta-tour-despagne-joao-almeida-je-netais-pas-vraiment-inquiet","status":"publish","type":"post","link":"https:\/\/www.europesays.com\/fr\/362358\/","title":{"rendered":"Vuelta. Tour d&rsquo;Espagne &#8211; Joao Almeida : \u00abJe n\u2019\u00e9tais pas vraiment inquiet&#8230;\u00bb"},"content":{"rendered":"<p>Au lendemain de la premi\u00e8re journ\u00e9e de repos de cette 80e \u00e9dition de <strong><a href=\"https:\/\/www.cyclismactu.net\/..\/news-vuelta-route-tour-d-espagne-jay-vine-s-offre-10e-etape-jonas-vingegaard-de-retour-en-rouge-89931.html\" target=\"_blank\" rel=\"nofollow noopener\">La Vuelta<\/a><\/strong>, le peloton se dirigeait ce mardi 2 septembre en direction de El Ferial Larra Belagua, o\u00f9 un certain <strong>Remco Evenepoel<\/strong> (Soudal Quick-Step) s&rsquo;\u00e9tait illustr\u00e9 en 2023. Au bout des 175 kilom\u00e8tres au programme, c&rsquo;est le meilleur grimpeur de ce <strong>Tour d&rsquo;Espagne<\/strong>, l&rsquo;Australien <strong>Jay Vine<\/strong> (UAE Emirates-XRG), qui s&rsquo;est impos\u00e9 en solitaire apr\u00e8s une belle \u00e9chapp\u00e9e. Il a devanc\u00e9 les Espagnols <strong>Pablo Castrillo<\/strong> (Movistar Team) et <strong>Javier Romo<\/strong> (Movistar Team), \u00e9galement pr\u00e9sents dans le groupe de t\u00eate. \u00c0 l&rsquo;image de l&rsquo;\u00e9chapp\u00e9e, le peloton s&rsquo;est livr\u00e9 \u00e0 une sacr\u00e9e bataille avec notamment la formation \u00e9miratie qui a tent\u00e9 de d\u00e9stabiliser<strong> Jonas Vingegaard<\/strong> (Team Visma | Lease a Bike). Malgr\u00e9 une attaque de <strong>Joao Almeida<\/strong> (UAE Emirates-XRG), <strong>Vingegaard<\/strong> n&rsquo;a pas \u00e9t\u00e9 inqui\u00e9t\u00e9 et prend le maillot rouge de leader au d\u00e9triment du Norv\u00e9gien <strong>Torstein Traeen<\/strong> (Team Bahrain Victorious). Le Portugais de l&rsquo;\u00e9quipe <strong>UAE Emirates-XRG<\/strong> s&rsquo;est exprim\u00e9 au micro de nos confr\u00e8res d&rsquo;<a href=\"https:\/\/www.eurosport.fr\/\" target=\"_blank\" rel=\"nofollow noopener\">Eurosport<\/a> pour faire le bilan de cette 10e \u00e9tape de<strong> La Vuelta<\/strong>.<\/p>\n<p>Vid\u00e9o &#8211; Joao Almeida \u00e0 l&rsquo;arriv\u00e9e de cette 10e \u00e9tape Lire la suite de l&rsquo;article&#13;<\/p>\n<p>\u00a0<\/p>\n<p>&#13;<br \/>\n\u00ab\u00a0Pas super raide pour faire une vraie diff\u00e9rence&#8230;\u00a0\u00bb&#13;<\/p>\n<p>\u00ab\u00a0C\u2019\u00e9tait bien, je me sentais bien \u00e0 nouveau aujourd\u2019hui\u00a0\u00bb, d\u00e9bute le leader portugais de la formation <strong>UAE Emirates-XRG<\/strong>. \u00ab\u00a0Nous n\u2019avons rien \u00e0 perdre, nous sommes l\u00e0 pour essayer de gagner\u00a0\u00bb, affirme-t-il. \u00ab\u00a0On ne peut pas perdre en essayant de gagner, donc il faut tenter, demain est un autre jour. J\u2019ai dit aux gars que si je me sentais bien on essaierait dans la derni\u00e8re ascension et on a tout donn\u00e9. J\u2019essayais de rendre la course difficile, mais ce n\u2019\u00e9tait pas non plus super raide pour faire une vraie diff\u00e9rence, alors j\u2019ai juste pris la roue et je voulais aller jusqu\u2019\u00e0 l\u2019arriv\u00e9e. Je n\u2019\u00e9tais pas vraiment inquiet aujourd\u2019hui\u00a0\u00bb, conclut <strong>Joao Almeida<\/strong>.<\/p>\n<p>Tour d&rsquo;Espagne &#8211; Classement de la 10\u00e8 \u00e9tape Tour d&rsquo;Espagne &#8211; Classement g\u00e9n\u00e9ral provisoire apr\u00e8s la 10\u00e8 \u00e9tape<\/p>\n","protected":false},"excerpt":{"rendered":"Au lendemain de la premi\u00e8re journ\u00e9e de repos de cette 80e \u00e9dition de La Vuelta, le peloton se&hellip;\n","protected":false},"author":2,"featured_media":362359,"comment_status":"","ping_status":"","sticky":false,"template":"","format":"standard","meta":{"footnotes":""},"categories":[1411],"tags":[1154,207,1011,27,209,60,3318,208],"class_list":{"0":"post-362358","1":"post","2":"type-post","3":"status-publish","4":"format-standard","5":"has-post-thumbnail","7":"category-cyclisme","8":"tag-cycling","9":"tag-cyclisme","10":"tag-fr","11":"tag-france","12":"tag-route","13":"tag-sports","14":"tag-tour-d","15":"tag-velo"},"share_on_mastodon":{"url":"https:\/\/pubeurope.com\/@fr\/115138387241829407","error":""},"_links":{"self":[{"href":"https:\/\/www.europesays.com\/fr\/wp-json\/wp\/v2\/posts\/362358","targetHints":{"allow":["GET"]}}],"collection":[{"href":"https:\/\/www.europesays.com\/fr\/wp-json\/wp\/v2\/posts"}],"about":[{"href":"https:\/\/www.europesays.com\/fr\/wp-json\/wp\/v2\/types\/post"}],"author":[{"embeddable":true,"href":"https:\/\/www.europesays.com\/fr\/wp-json\/wp\/v2\/users\/2"}],"replies":[{"embeddable":true,"href":"https:\/\/www.europesays.com\/fr\/wp-json\/wp\/v2\/comments?post=362358"}],"version-history":[{"count":0,"href":"https:\/\/www.europesays.com\/fr\/wp-json\/wp\/v2\/posts\/362358\/revisions"}],"wp:featuredmedia":[{"embeddable":true,"href":"https:\/\/www.europesays.com\/fr\/wp-json\/wp\/v2\/media\/362359"}],"wp:attachment":[{"href":"https:\/\/www.europesays.com\/fr\/wp-json\/wp\/v2\/media?parent=362358"}],"wp:term":[{"taxonomy":"category","embeddable":true,"href":"https:\/\/www.europesays.com\/fr\/wp-json\/wp\/v2\/categories?post=362358"},{"taxonomy":"post_tag","embeddable":true,"href":"https:\/\/www.europesays.com\/fr\/wp-json\/wp\/v2\/tags?post=362358"}],"curies":[{"name":"wp","href":"https:\/\/api.w.org\/{rel}","templated":true}]}}