{"id":362360,"date":"2025-09-03T04:05:10","date_gmt":"2025-09-03T04:05:10","guid":{"rendered":"https:\/\/www.europesays.com\/fr\/362360\/"},"modified":"2025-09-03T04:05:10","modified_gmt":"2025-09-03T04:05:10","slug":"florian-maurice-repond-cash-sur-jonathan-clauss","status":"publish","type":"post","link":"https:\/\/www.europesays.com\/fr\/362360\/","title":{"rendered":"Florian Maurice r\u00e9pond cash sur Jonathan Clauss"},"content":{"rendered":"<p>Jonathan Clauss est finalement rest\u00e9 \u00e0 <a href=\"https:\/\/www.footmercato.net\/club\/ogc-nice\/\" rel=\"nofollow noopener\" target=\"_blank\">Nice<\/a>. Courtis\u00e9 par le Bayer Leverkusen pour remplacer Jeremie Frimpong, le lat\u00e9ral droit souhaitait rejoindre le club allemand, seulement les deux directions ne se sont jamais entendues sur le prix du transfert. Le Gym a voulu profiter des grosses rentr\u00e9es d\u2019argent sur ce mercato du B04 (Wirtz notamment) <a href=\"https:\/\/www.footmercato.net\/a2176656062398481809-comment-nice-a-fait-capoter-le-transfert-de-jonathan-clauss-au-bayer-leverkusen\" rel=\"nofollow noopener\" target=\"_blank\">en r\u00e9clamant 20 M\u20ac pour un joueur \u00e2g\u00e9 de 32 ans et en fin de contrat dans un an<\/a>. Bien s\u00fbr, le Bayer a refus\u00e9 et a fini par recruter Lucas V\u00e1zquez, ancien du Real Madrid qui avait l\u2019avantage d\u2019\u00eatre libre. L\u2019international fran\u00e7ais se voyait d\u00e9j\u00e0 partir, <a href=\"https:\/\/www.footmercato.net\/a1415199641027067448-le-bayer-proche-dun-accord-pour-jonathan-clauss\" rel=\"nofollow noopener\" target=\"_blank\">d\u2019autant que selon nos informations, il s\u2019\u00e9tait mis d\u2019accord sur les termes d\u2019un contrat<\/a>. L\u2019affaire n\u2019est jamais all\u00e9e au bout et les Aiglons doivent maintenant g\u00e9rer un joueur un peu en mal-\u00eatre. <\/p>\n<p>            La suite apr\u00e8s cette publicit\u00e9<\/p>\n<p>\u00ab Des discussions ont \u00e9t\u00e9 men\u00e9es et ne sont pas all\u00e9es au bout, revient Florian Maurice dans <a href=\"https:\/\/www.lequipe.fr\/Football\/Article\/Florian-maurice-dresse-un-bilan-de-l-ete-de-l-ogc-nice-ce-n-etait-pas-un-mercato-agreable\/1589984\" rel=\"nofollow noopener\" target=\"_blank\">L\u2019\u00c9quipe<\/a>. Il est sous contrat. On l\u2019a sorti d\u2019un loft \u00e0 Marseille l\u2019ann\u00e9e derni\u00e8re. L\u2019id\u00e9e n\u2019\u00e9tait absolument pas de s\u2019en s\u00e9parer. Pour nous, c\u2019est quelqu\u2019un d\u2019important. Je peux comprendre qu\u2019il soit attir\u00e9 par un club, mais on doit aussi d\u00e9fendre nos int\u00e9r\u00eats. Oui, on avait ouvert une porte en lui disant : \u00ab\u00a0voil\u00e0, selon ce qui peut arriver, potentiellement, tu pourras t\u2019en aller\u00a0\u00bb. Mais \u00e0 partir du moment o\u00f9 on est trop loin d\u2019un accord, c\u2019est impossible. Quel message on aurait envoy\u00e9 en perdant aussi <a href=\"https:\/\/www.footmercato.net\/joueur\/jonathan-clauss\/\" rel=\"nofollow noopener\" target=\"_blank\">Jonathan Clauss<\/a> ? \u00bb Le directeur sportif reconna\u00eet que la situation n\u2019est pas \u00e9vidente et mise sur l\u2019exp\u00e9rience de Clauss pour se relever. \u00ab Maintenant, \u00e0 lui d\u2019\u00eatre en capacit\u00e9 de se dire : \u00ab\u00a0je suis joueur de Nice et je me dois d\u2019\u00eatre performant \u00e0 nouveau\u00a0\u00bb. Et c\u2019est \u00e0 nous de l\u2019aider en ce sens. \u00bb<\/p>\n<p>\n    Pub. le 02\/09\/2025 22:34<br \/>\n            &#8211; MAJ le 03\/09\/2025 01:07\n    <\/p>\n","protected":false},"excerpt":{"rendered":"Jonathan Clauss est finalement rest\u00e9 \u00e0 Nice. Courtis\u00e9 par le Bayer Leverkusen pour remplacer Jeremie Frimpong, le lat\u00e9ral&hellip;\n","protected":false},"author":2,"featured_media":343460,"comment_status":"","ping_status":"","sticky":false,"template":"","format":"standard","meta":{"footnotes":""},"categories":[1410],"tags":[63,1011,27,60],"class_list":{"0":"post-362360","1":"post","2":"type-post","3":"status-publish","4":"format-standard","5":"has-post-thumbnail","7":"category-football","8":"tag-football","9":"tag-fr","10":"tag-france","11":"tag-sports"},"share_on_mastodon":{"url":"https:\/\/pubeurope.com\/@fr\/115138391291932489","error":""},"_links":{"self":[{"href":"https:\/\/www.europesays.com\/fr\/wp-json\/wp\/v2\/posts\/362360","targetHints":{"allow":["GET"]}}],"collection":[{"href":"https:\/\/www.europesays.com\/fr\/wp-json\/wp\/v2\/posts"}],"about":[{"href":"https:\/\/www.europesays.com\/fr\/wp-json\/wp\/v2\/types\/post"}],"author":[{"embeddable":true,"href":"https:\/\/www.europesays.com\/fr\/wp-json\/wp\/v2\/users\/2"}],"replies":[{"embeddable":true,"href":"https:\/\/www.europesays.com\/fr\/wp-json\/wp\/v2\/comments?post=362360"}],"version-history":[{"count":0,"href":"https:\/\/www.europesays.com\/fr\/wp-json\/wp\/v2\/posts\/362360\/revisions"}],"wp:featuredmedia":[{"embeddable":true,"href":"https:\/\/www.europesays.com\/fr\/wp-json\/wp\/v2\/media\/343460"}],"wp:attachment":[{"href":"https:\/\/www.europesays.com\/fr\/wp-json\/wp\/v2\/media?parent=362360"}],"wp:term":[{"taxonomy":"category","embeddable":true,"href":"https:\/\/www.europesays.com\/fr\/wp-json\/wp\/v2\/categories?post=362360"},{"taxonomy":"post_tag","embeddable":true,"href":"https:\/\/www.europesays.com\/fr\/wp-json\/wp\/v2\/tags?post=362360"}],"curies":[{"name":"wp","href":"https:\/\/api.w.org\/{rel}","templated":true}]}}