{"id":362361,"date":"2025-09-03T04:06:10","date_gmt":"2025-09-03T04:06:10","guid":{"rendered":"https:\/\/www.europesays.com\/fr\/362361\/"},"modified":"2025-09-03T04:06:10","modified_gmt":"2025-09-03T04:06:10","slug":"giulia-sarkozy-grande-nouvelle-pour-son-frere-louis-il-passe-une-etape-en-toute-discretion","status":"publish","type":"post","link":"https:\/\/www.europesays.com\/fr\/362361\/","title":{"rendered":"Giulia Sarkozy : grande nouvelle pour son fr\u00e8re Louis, il passe une \u00e9tape en toute discr\u00e9tion"},"content":{"rendered":"<p data-start=\"457\" data-end=\"809\">Si la rentr\u00e9e scolaire de<br \/>\n<a href=\"https:\/\/www.closermag.fr\/people\/giulia-sarkozy-sa-rentree-en-troisieme-dans-une-prestigieuse-ecole-3574848\" target=\"_blank\" rel=\"noopener\"><br \/>\nGiulia Sarkozy<\/a> retient l\u2019attention des proches de l\u2019ancien<br \/>\npr\u00e9sident, c\u2019est <a href=\"https:\/\/www.closermag.fr\/politique\/nicolas-sarkozy-apres-giulia-cest-au-tour-de-son-fils-louis-de-prendre-sa-defense-et-segolene-royal-sen-prend-plein-la-figure-3531979\" target=\"_blank\" rel=\"noopener\"><br \/>\nson grand fr\u00e8re Louis<\/a> qui fait parler de lui c\u00f4t\u00e9<br \/>\nprofessionnel. \u00c2g\u00e9 de 27 ans, le fils cadet de <a href=\"https:\/\/www.closermag.fr\/politique\/carla-bruni-et-nicolas-sarkozy-en-vacances-en-italie-leur-comportement-fait-scandale-3564516\" target=\"_blank\" rel=\"noopener\"><br \/>\nNicolas Sarkozy<\/a> a franchi un cap important dans sa carri\u00e8re en<br \/>\nrejoignant <strong>le conseil d\u2019administration de 21News,<\/strong><br \/>\nun m\u00e9dia en ligne en pleine expansion, d&rsquo;apr\u00e8s les informations de<br \/>\nLibre \u00c9co.<\/p>\n<p data-start=\"811\" data-end=\"1205\">Ce site d\u2019informations, lanc\u00e9<br \/>\nil y a pr\u00e8s d\u2019un an, continue de se d\u00e9velopper. Port\u00e9 par son<br \/>\nfondateur \u00c9tienne Dujardin, conseiller communal \u00e0<br \/>\nWoluwe-Saint-Pierre, 21News vient de b\u00e9n\u00e9ficier d\u2019une lev\u00e9e de<br \/>\nfonds <strong>d\u2019un million d\u2019euros<\/strong> gr\u00e2ce au soutien d\u2019une<br \/>\ndizaine d\u2019investisseurs. Un nouvel \u00e9lan qui s\u2019accompagne de<br \/>\nl\u2019arriv\u00e9e de nouvelles figures au sein de sa gouvernance, dont<br \/>\n<a href=\"https:\/\/www.closermag.fr\/politique\/louis-sarkozy-bientot-papa-un-enfant-avec-un-bide-a-18-ans-cest-niet-pour-lui-3574341\" target=\"_blank\" rel=\"noopener\"><br \/>\nLouis Sarkozy<\/a>.<\/p>\n<p>Louis Sarkozy : le fr\u00e8re de<br \/>\nGiulia devient nouveau visage de 21News<\/p>\n<p data-start=\"1253\" data-end=\"1607\">Le conseil d\u2019administration de<br \/>\n21News sera d\u00e9sormais pr\u00e9sid\u00e9 par \u00c9tienne Bertier, personnalit\u00e9<br \/>\nfranco-belge r\u00e9put\u00e9e, qui a dirig\u00e9 plusieurs titres majeurs, dont<br \/>\nle groupe de presse CMI. \u00c0 ses c\u00f4t\u00e9s, <strong>Louis Sarkozy fait<br \/>\nson entr\u00e9e officielle.<\/strong> D\u00e9j\u00e0 familier des lecteurs du<br \/>\nm\u00e9dia, il collaborait depuis plusieurs mois en tant que chroniqueur<br \/>\net essayiste.<\/p>\n<p data-start=\"1609\" data-end=\"1996\">Ses contributions ont<br \/>\nnotamment pris la forme de grands entretiens avec des personnalit\u00e9s<br \/>\npolitiques de premier plan comme Georges-Louis Bouchez, le<br \/>\npr\u00e9sident du MR en Belgique, <a href=\"https:\/\/www.closermag.fr\/politique\/canicule-bruno-retailleau-echaude-par-une-question-sur-bfmtv-rire-nerveux-du-ministre-3559279\" target=\"_blank\" rel=\"noopener\"><br \/>\nBruno Retailleau<\/a>, actuel <strong>ministre de l\u2019Int\u00e9rieur en<br \/>\nFrance<\/strong>, ou encore l\u2019intellectuel Alain Minc. Une s\u00e9rie de<br \/>\nrencontres qui lui ont permis de s\u2019imposer comme une plume<br \/>\nr\u00e9guli\u00e8re et reconnue de la r\u00e9daction.<\/p>\n<p>Podcasts et nouvelles ambitions pour le m\u00e9dia<\/p>\n<p data-start=\"2050\" data-end=\"2386\">Avec cette nomination, Louis<br \/>\nSarkozy ne compte pas s\u2019arr\u00eater l\u00e0. Il poursuivra \u00e9galement la<br \/>\nproduction de ses podcasts, d\u00e9j\u00e0 diffus\u00e9s sur 21News, et qui seront<br \/>\nd\u00e9sormais disponibles sur la plateforme de la radio <a href=\"https:\/\/www.closermag.fr\/tag\/europe-1\" target=\"_blank\" rel=\"noopener\">Europe 1<\/a>. De quoi<br \/>\n<strong>\u00e9largir encore davantage son audience<\/strong> et renforcer<br \/>\nson r\u00f4le de passeur d\u2019id\u00e9es aupr\u00e8s d\u2019un public vari\u00e9.<\/p>\n<p data-start=\"2388\" data-end=\"2840\">En parall\u00e8le, 21News pr\u00e9pare<br \/>\nune nouvelle \u00e9tape de son d\u00e9veloppement. La r\u00e9daction devrait<br \/>\n<strong>s\u2019\u00e9toffer dans les mois \u00e0 venir<\/strong>, avec l\u2019arriv\u00e9e de<br \/>\njournalistes exp\u00e9riment\u00e9s. Le site deviendra aussi bilingue,<br \/>\nfran\u00e7ais et n\u00e9erlandais, gr\u00e2ce au recrutement de r\u00e9dacteurs<br \/>\nflamands. Autant de changements qui consolident la place de ce<br \/>\njeune m\u00e9dia dans le paysage de l\u2019information, et qui permettent \u00e0<br \/>\nLouis Sarkozy de continuer \u00e0 y \u00e9crire un nouveau chapitre.<\/p>\n","protected":false},"excerpt":{"rendered":"Si la rentr\u00e9e scolaire de Giulia Sarkozy retient l\u2019attention des proches de l\u2019ancien pr\u00e9sident, c\u2019est son grand fr\u00e8re&hellip;\n","protected":false},"author":2,"featured_media":362362,"comment_status":"","ping_status":"","sticky":false,"template":"","format":"standard","meta":{"footnotes":""},"categories":[1359],"tags":[548,58,59,1011,27,14545,17927,973],"class_list":{"0":"post-362361","1":"post","2":"type-post","3":"status-publish","4":"format-standard","5":"has-post-thumbnail","7":"category-people","8":"tag-article-simple","9":"tag-divertissement","10":"tag-entertainment","11":"tag-fr","12":"tag-france","13":"tag-giulia-sarkozy","14":"tag-louis-sarkozy","15":"tag-people"},"share_on_mastodon":{"url":"https:\/\/pubeurope.com\/@fr\/115138395060927269","error":""},"_links":{"self":[{"href":"https:\/\/www.europesays.com\/fr\/wp-json\/wp\/v2\/posts\/362361","targetHints":{"allow":["GET"]}}],"collection":[{"href":"https:\/\/www.europesays.com\/fr\/wp-json\/wp\/v2\/posts"}],"about":[{"href":"https:\/\/www.europesays.com\/fr\/wp-json\/wp\/v2\/types\/post"}],"author":[{"embeddable":true,"href":"https:\/\/www.europesays.com\/fr\/wp-json\/wp\/v2\/users\/2"}],"replies":[{"embeddable":true,"href":"https:\/\/www.europesays.com\/fr\/wp-json\/wp\/v2\/comments?post=362361"}],"version-history":[{"count":0,"href":"https:\/\/www.europesays.com\/fr\/wp-json\/wp\/v2\/posts\/362361\/revisions"}],"wp:featuredmedia":[{"embeddable":true,"href":"https:\/\/www.europesays.com\/fr\/wp-json\/wp\/v2\/media\/362362"}],"wp:attachment":[{"href":"https:\/\/www.europesays.com\/fr\/wp-json\/wp\/v2\/media?parent=362361"}],"wp:term":[{"taxonomy":"category","embeddable":true,"href":"https:\/\/www.europesays.com\/fr\/wp-json\/wp\/v2\/categories?post=362361"},{"taxonomy":"post_tag","embeddable":true,"href":"https:\/\/www.europesays.com\/fr\/wp-json\/wp\/v2\/tags?post=362361"}],"curies":[{"name":"wp","href":"https:\/\/api.w.org\/{rel}","templated":true}]}}