{"id":362363,"date":"2025-09-03T04:07:11","date_gmt":"2025-09-03T04:07:11","guid":{"rendered":"https:\/\/www.europesays.com\/fr\/362363\/"},"modified":"2025-09-03T04:07:11","modified_gmt":"2025-09-03T04:07:11","slug":"brigitte-fort-revele-la-magie-des-rivieres-du-couserans-dans-une-exposition-saisissante","status":"publish","type":"post","link":"https:\/\/www.europesays.com\/fr\/362363\/","title":{"rendered":"Brigitte Fort r\u00e9v\u00e8le la magie des rivi\u00e8res du Couserans dans une exposition saisissante"},"content":{"rendered":"<p>\n                                                                    l&rsquo;essentiel<br \/>\n                                                                \u00c0 la Maison de la Citoyennet\u00e9 de Saint-Girons, l\u2019exposition \u00ab\u00a0D\u2019eau et de lumi\u00e8re en Couserans\u00a0\u00bb pr\u00e9sente le travail photographique de Brigitte Fort, fruit de trois ann\u00e9es d\u2019exploration des cours d\u2019eau ari\u00e9geois. Un hommage sensible et artistique \u00e0 la beaut\u00e9 fragile des rivi\u00e8res locales.\n                            <\/p>\n<p>Le vernissage de l\u2019exposition \u00ab\u00a0D\u2019eau et de lumi\u00e8re en Couserans\u00a0\u00bb organis\u00e9e par le service culturel de la mairie de Saint-Girons et la Maison de la Citoyennet\u00e9, aura lieu vendredi 5\u00a0septembre \u00e0 partir de 17\u00a0h\u00a030.<\/p>\n<p>Cette exposition est le r\u00e9sultat de trois ann\u00e9es d\u2019exploration patiente, au cours desquelles Brigitte Fort a parcouru les rivi\u00e8res et torrents du Couserans \u2013 le Garbet, le Salat, le Lez, l\u2019Estours, le Riberot, l\u2019Arize et l\u2019Alet \u2013 pour nous en r\u00e9v\u00e9ler la beaut\u00e9 secr\u00e8te. C\u2019est \u00e0 la Maison de la Citoyennet\u00e9 que l\u2019artiste nous propose de nous immerger dans un univers o\u00f9 l\u2019eau n\u2019est pas une ressource, mais une source d\u2019inspiration. Chaque photographie nous invite \u00e0 poser un regard neuf sur un \u00e9l\u00e9ment qui, comme le dit Brigitte, est \u00ab\u00a0la vie m\u00eame\u00a0\u00bb.<\/p>\n<p>Des images qui repr\u00e9sentent une prouesse technique et artistique<\/p>\n<p>Appareil en main, Brigitte Fort s\u2019immerge dans les courants, anticipant la lumi\u00e8re changeante et la violence des courants pour capturer l\u2019instant insaisissable dans lequel se r\u00e9v\u00e8le fugacement l\u2019esprit de l\u2019eau.<\/p>\n<p>Aucune trace de l\u2019humain dans le cadre, seulement la preuve de sa pr\u00e9sence attentive derri\u00e8re l\u2019objectif. L\u2019\u0153uvre de Brigitte Fort nous rappelle peut-\u00eatre ainsi, en filigrane, l\u2019importance de pr\u00e9server l\u2019eau des impacts de l\u2019activit\u00e9 humaine.<\/p>\n<p>Maison de la Citoyennet\u00e9, 16 rue de la R\u00e9publique, Saint-Girons Vernissage\u00a0: vendredi 5\u00a0septembre 2025 \u00e0 partir de 17\u00a0h\u00a030, en pr\u00e9sence de l\u2019artiste Exposition jusqu\u2019au 21\u00a0septembre. Lundi-jeudi\u00a0: 9\u00a0h\u00a030-12\u00a0h\u00a030\/13\u00a0h\u00a030-17\u00a0h\u00a030 &#8211; vendredi\u00a0: 9\u00a0h\u00a030-12\u00a0h\u00a030\/13\u00a0h\u00a030-16\u00a0h\u00a030. Entr\u00e9e libre et gratuite. Pr\u00e9sence de l\u2019artiste lors des Journ\u00e9es europ\u00e9ennes du patrimoine, les 20 et 21\u00a0septembre.<\/p>\n","protected":false},"excerpt":{"rendered":"l&rsquo;essentiel \u00c0 la Maison de la Citoyennet\u00e9 de Saint-Girons, l\u2019exposition \u00ab\u00a0D\u2019eau et de lumi\u00e8re en Couserans\u00a0\u00bb pr\u00e9sente le&hellip;\n","protected":false},"author":2,"featured_media":362364,"comment_status":"","ping_status":"","sticky":false,"template":"","format":"standard","meta":{"footnotes":""},"categories":[1358],"tags":[1348,1384,1385,1386,58,59,1011,27],"class_list":{"0":"post-362363","1":"post","2":"type-post","3":"status-publish","4":"format-standard","5":"has-post-thumbnail","7":"category-arts-et-design","8":"tag-arts","9":"tag-arts-and-design","10":"tag-arts-et-design","11":"tag-design","12":"tag-divertissement","13":"tag-entertainment","14":"tag-fr","15":"tag-france"},"share_on_mastodon":{"url":"https:\/\/pubeurope.com\/@fr\/115138398963495596","error":""},"_links":{"self":[{"href":"https:\/\/www.europesays.com\/fr\/wp-json\/wp\/v2\/posts\/362363","targetHints":{"allow":["GET"]}}],"collection":[{"href":"https:\/\/www.europesays.com\/fr\/wp-json\/wp\/v2\/posts"}],"about":[{"href":"https:\/\/www.europesays.com\/fr\/wp-json\/wp\/v2\/types\/post"}],"author":[{"embeddable":true,"href":"https:\/\/www.europesays.com\/fr\/wp-json\/wp\/v2\/users\/2"}],"replies":[{"embeddable":true,"href":"https:\/\/www.europesays.com\/fr\/wp-json\/wp\/v2\/comments?post=362363"}],"version-history":[{"count":0,"href":"https:\/\/www.europesays.com\/fr\/wp-json\/wp\/v2\/posts\/362363\/revisions"}],"wp:featuredmedia":[{"embeddable":true,"href":"https:\/\/www.europesays.com\/fr\/wp-json\/wp\/v2\/media\/362364"}],"wp:attachment":[{"href":"https:\/\/www.europesays.com\/fr\/wp-json\/wp\/v2\/media?parent=362363"}],"wp:term":[{"taxonomy":"category","embeddable":true,"href":"https:\/\/www.europesays.com\/fr\/wp-json\/wp\/v2\/categories?post=362363"},{"taxonomy":"post_tag","embeddable":true,"href":"https:\/\/www.europesays.com\/fr\/wp-json\/wp\/v2\/tags?post=362363"}],"curies":[{"name":"wp","href":"https:\/\/api.w.org\/{rel}","templated":true}]}}