{"id":362365,"date":"2025-09-03T04:08:10","date_gmt":"2025-09-03T04:08:10","guid":{"rendered":"https:\/\/www.europesays.com\/fr\/362365\/"},"modified":"2025-09-03T04:08:10","modified_gmt":"2025-09-03T04:08:10","slug":"tournefeuille-au-coeur-de-ce-monde-en-plein-chaos-guillaume-desgeorge-sort-entropistes","status":"publish","type":"post","link":"https:\/\/www.europesays.com\/fr\/362365\/","title":{"rendered":"Tournefeuille. Au c\u0153ur de ce monde en plein chaos, Guillaume Desgeorge sort \u00ab\u00a0Entropistes\u00a0\u00bb"},"content":{"rendered":"<p>Guillaume Desgeorge annonce la sortie prochaine de son nouveau livre, qui promet de plonger les lecteurs dans un futur proche \u00e0 la fois fascinant et terrifiant. L\u2019auteur nous transporte dans les ann\u00e9es 2030, une \u00e9poque marqu\u00e9e par l\u2019\u00e9mergence d\u2019un mouvement \u00e9co terroriste radical, les \u00ab\u00a0Entropistes\u00a0\u00bb. Ces derniers m\u00e8nent une guerre sans merci contre toute activit\u00e9 humaine jug\u00e9e nuisible \u00e0 la plan\u00e8te, r\u00e9duisant drastiquement les modes de vie \u00e0 leur plus simple expression. Au c\u0153ur de ce monde en plein chaos, un jeune homme d\u2019une vingtaine d\u2019ann\u00e9es, nomm\u00e9 Gabin, refuse de se soumettre \u00e0 cette nouvelle r\u00e9alit\u00e9. Anim\u00e9 par l\u2019espoir, il se lance dans une qu\u00eate p\u00e9rilleuse pour retrouver le Village du Soleil, une communaut\u00e9 l\u00e9gendaire qui aurait r\u00e9ussi \u00e0 vivre en parfaite harmonie avec la nature. Le voyage de Gabin s\u2019annonce sem\u00e9 d\u2019emb\u00fbches. Sa route sera jalonn\u00e9e de rencontres inattendues qui pourraient bien changer sa perception du monde et de sa mission. Ce nouveau roman est une r\u00e9flexion sur l\u2019\u00e9cologie, la r\u00e9silience humaine et la qu\u00eate d\u2019un avenir meilleur.<\/p>\n<p>Les lecteurs auront l\u2019occasion de rencontrer Guillaume Desgeorge \u00e0 la Foire estivale de Tournefeuille le 7 septembre 2025 pour \u00e9changer avec l\u2019auteur et en apprendre davantage sur son univers litt\u00e9raire.<\/p>\n","protected":false},"excerpt":{"rendered":"Guillaume Desgeorge annonce la sortie prochaine de son nouveau livre, qui promet de plonger les lecteurs dans un&hellip;\n","protected":false},"author":2,"featured_media":362366,"comment_status":"","ping_status":"","sticky":false,"template":"","format":"standard","meta":{"footnotes":""},"categories":[1357],"tags":[1379,58,59,1011,27,1380],"class_list":{"0":"post-362365","1":"post","2":"type-post","3":"status-publish","4":"format-standard","5":"has-post-thumbnail","7":"category-livres","8":"tag-books","9":"tag-divertissement","10":"tag-entertainment","11":"tag-fr","12":"tag-france","13":"tag-livres"},"share_on_mastodon":{"url":"https:\/\/pubeurope.com\/@fr\/115138404653834778","error":""},"_links":{"self":[{"href":"https:\/\/www.europesays.com\/fr\/wp-json\/wp\/v2\/posts\/362365","targetHints":{"allow":["GET"]}}],"collection":[{"href":"https:\/\/www.europesays.com\/fr\/wp-json\/wp\/v2\/posts"}],"about":[{"href":"https:\/\/www.europesays.com\/fr\/wp-json\/wp\/v2\/types\/post"}],"author":[{"embeddable":true,"href":"https:\/\/www.europesays.com\/fr\/wp-json\/wp\/v2\/users\/2"}],"replies":[{"embeddable":true,"href":"https:\/\/www.europesays.com\/fr\/wp-json\/wp\/v2\/comments?post=362365"}],"version-history":[{"count":0,"href":"https:\/\/www.europesays.com\/fr\/wp-json\/wp\/v2\/posts\/362365\/revisions"}],"wp:featuredmedia":[{"embeddable":true,"href":"https:\/\/www.europesays.com\/fr\/wp-json\/wp\/v2\/media\/362366"}],"wp:attachment":[{"href":"https:\/\/www.europesays.com\/fr\/wp-json\/wp\/v2\/media?parent=362365"}],"wp:term":[{"taxonomy":"category","embeddable":true,"href":"https:\/\/www.europesays.com\/fr\/wp-json\/wp\/v2\/categories?post=362365"},{"taxonomy":"post_tag","embeddable":true,"href":"https:\/\/www.europesays.com\/fr\/wp-json\/wp\/v2\/tags?post=362365"}],"curies":[{"name":"wp","href":"https:\/\/api.w.org\/{rel}","templated":true}]}}