{"id":362367,"date":"2025-09-03T04:09:11","date_gmt":"2025-09-03T04:09:11","guid":{"rendered":"https:\/\/www.europesays.com\/fr\/362367\/"},"modified":"2025-09-03T04:09:11","modified_gmt":"2025-09-03T04:09:11","slug":"canal-entre-au-capital-dugc","status":"publish","type":"post","link":"https:\/\/www.europesays.com\/fr\/362367\/","title":{"rendered":"Canal + entre au capital d\u2019UGC"},"content":{"rendered":"<p>                                <a href=\"https:\/\/www.boxofficepro.fr\/wp-content\/uploads\/sites\/2\/2025\/09\/CANAAAL-UGC.png\" target=\"_blank\" rel=\"noopener nofollow\"><img width=\"450\" height=\"600\" src=\"https:\/\/www.europesays.com\/fr\/wp-content\/uploads\/2025\/09\/CANAAAL-UGC-450x600.png\" class=\"attachment-mobile size-mobile wp-post-image\" alt=\"\" decoding=\"async\" fetchpriority=\"high\"  \/><\/a><\/p>\n<p><strong>Des discussions sont actuellement en cours entre les deux parties pour mener \u00e0 une prise de contr\u00f4le \u00e9ventuelle en 2028.<\/strong><\/p>\n<p>Canal+ annonce ce soir \u00eatre entr\u00e9 en n\u00e9gociations exclusives pour faire l\u2019acquisition de 34 % du capital d\u2019UGC, avec l\u2019optique de d\u00e9tenir enti\u00e8rement le groupe en 2028. Une nouvelle qui, si elle est concr\u00e9tis\u00e9e, devrait grandement rebattre les cartes de l\u2019\u00e9chiquier cin\u00e9matographique : UGC est <a href=\"https:\/\/www.boxofficepro.fr\/france-des-cinemas-2024\/\" target=\"_blank\" rel=\"noreferrer noopener nofollow\">le troisi\u00e8me circuit fran\u00e7ais en termes d\u2019entr\u00e9es<\/a> \u2013 notamment port\u00e9 par <a href=\"https:\/\/www.boxofficepro.fr\/lugc-cine-cite-les-halles-fete-ses-30-ans\/\" target=\"_blank\" rel=\"noreferrer noopener nofollow\">son UGC Cin\u00e9 Cit\u00e9 Les Halles trentenaire<\/a> \u2013 et <a href=\"https:\/\/www.boxofficepro.fr\/france-des-distributeurs-2024\/\" target=\"_blank\" rel=\"noreferrer noopener nofollow\">le 14e distributeur en France en 2024<\/a>. De son c\u00f4t\u00e9, Canal+ est <a href=\"https:\/\/www.boxofficepro.fr\/canal-devrait-signer-un-nouvel-accord-avec-le-cinema-francais\/\" target=\"_blank\" rel=\"noreferrer noopener nofollow\">le premier financeur du cin\u00e9ma fran\u00e7ais<\/a> et abrite le studio d\u2019ampleur europ\u00e9enne Studiocanal, qui exerce \u00e9galement une activit\u00e9 de distribution.\u00a0<\/p>\n<p>Ce n\u2019est pas la premi\u00e8re fois que les deux entit\u00e9s collaborent ensemble, <a href=\"https:\/\/www.boxofficepro.fr\/ugc-innove-son-offre-illimitee\/\" target=\"_blank\" rel=\"noreferrer noopener nofollow\">Canal+ ayant int\u00e9gr\u00e9 l\u2019offre illimit\u00e9e d\u2019UGC<\/a> depuis f\u00e9vrier 2024.<\/p>\n<p>\u00ab La croissance de Studiocanal est un enjeu majeur pour le groupe Canal+, et sa combinaison avec UGC, un partenaire strat\u00e9gique de longue date, nous permettrait d\u2019acc\u00e9l\u00e9rer ce d\u00e9veloppement \u00bb, d\u00e9clare Maxime Saada. Pour le pr\u00e9sident du directoire de Canal+, cette op\u00e9ration d\u00e9montre, au-del\u00e0 de l\u2019engagement de son groupe dans le cin\u00e9ma, son engagement dans l\u2019exploitation en salles, \u00ab qui joue un r\u00f4le essentiel dans son exposition et sa valorisation \u00bb.<\/p>\n<p>Pour rappel, un peu plus t\u00f4t dans l\u2019ann\u00e9e, c\u2019est Merit France, holding de la famille Saad\u00e9, Merit France, <a href=\"https:\/\/www.boxofficepro.fr\/pathe-accueille-la-famille-saade-dans-son-capital\/\" target=\"_blank\" rel=\"noreferrer noopener nofollow\">qui entrait, de son c\u00f4t\u00e9, au capital de Path\u00e9<\/a>.<\/p>\n<p>                                <a href=\"https:\/\/www.boxofficepro.fr\/wp-content\/uploads\/sites\/2\/2025\/09\/CANAAAL-UGC.png\" target=\"_blank\" rel=\"noopener nofollow\"><img width=\"450\" height=\"600\" src=\"https:\/\/www.europesays.com\/fr\/wp-content\/uploads\/2025\/09\/CANAAAL-UGC-450x600.png\" class=\"attachment-mobile size-mobile wp-post-image\" alt=\"\" decoding=\"async\" fetchpriority=\"high\"  \/><\/a><\/p>\n","protected":false},"excerpt":{"rendered":"Des discussions sont actuellement en cours entre les deux parties pour mener \u00e0 une prise de contr\u00f4le \u00e9ventuelle&hellip;\n","protected":false},"author":2,"featured_media":362368,"comment_status":"","ping_status":"","sticky":false,"template":"","format":"standard","meta":{"footnotes":""},"categories":[1356],"tags":[58,59,1011,27,252,1364],"class_list":{"0":"post-362367","1":"post","2":"type-post","3":"status-publish","4":"format-standard","5":"has-post-thumbnail","7":"category-television","8":"tag-divertissement","9":"tag-entertainment","10":"tag-fr","11":"tag-france","12":"tag-television","13":"tag-tv"},"share_on_mastodon":{"url":"https:\/\/pubeurope.com\/@fr\/115138407284113081","error":""},"_links":{"self":[{"href":"https:\/\/www.europesays.com\/fr\/wp-json\/wp\/v2\/posts\/362367","targetHints":{"allow":["GET"]}}],"collection":[{"href":"https:\/\/www.europesays.com\/fr\/wp-json\/wp\/v2\/posts"}],"about":[{"href":"https:\/\/www.europesays.com\/fr\/wp-json\/wp\/v2\/types\/post"}],"author":[{"embeddable":true,"href":"https:\/\/www.europesays.com\/fr\/wp-json\/wp\/v2\/users\/2"}],"replies":[{"embeddable":true,"href":"https:\/\/www.europesays.com\/fr\/wp-json\/wp\/v2\/comments?post=362367"}],"version-history":[{"count":0,"href":"https:\/\/www.europesays.com\/fr\/wp-json\/wp\/v2\/posts\/362367\/revisions"}],"wp:featuredmedia":[{"embeddable":true,"href":"https:\/\/www.europesays.com\/fr\/wp-json\/wp\/v2\/media\/362368"}],"wp:attachment":[{"href":"https:\/\/www.europesays.com\/fr\/wp-json\/wp\/v2\/media?parent=362367"}],"wp:term":[{"taxonomy":"category","embeddable":true,"href":"https:\/\/www.europesays.com\/fr\/wp-json\/wp\/v2\/categories?post=362367"},{"taxonomy":"post_tag","embeddable":true,"href":"https:\/\/www.europesays.com\/fr\/wp-json\/wp\/v2\/tags?post=362367"}],"curies":[{"name":"wp","href":"https:\/\/api.w.org\/{rel}","templated":true}]}}