{"id":362369,"date":"2025-09-03T04:10:13","date_gmt":"2025-09-03T04:10:13","guid":{"rendered":"https:\/\/www.europesays.com\/fr\/362369\/"},"modified":"2025-09-03T04:10:13","modified_gmt":"2025-09-03T04:10:13","slug":"florent-pagny-se-voit-il-finir-ses-jours-en-patagonie-ou-en-france-il-apporte-un-element-de-reponse-a-audrey-crespo-mara","status":"publish","type":"post","link":"https:\/\/www.europesays.com\/fr\/362369\/","title":{"rendered":"Florent Pagny se voit-il finir ses jours en Patagonie ou en France ? Il apporte un \u00e9l\u00e9ment de r\u00e9ponse \u00e0 Audrey Crespo-Mara"},"content":{"rendered":"<p>Florent Pagny, 63 ans, poursuit son chemin musical. Invit\u00e9 dans<br \/>\nSept \u00e0 Huit sur TF1, ce dimanche 31 ao\u00fbt 2025, le chanteur s\u2019est<br \/>\nlivr\u00e9 face \u00e0 <a href=\"https:\/\/www.closermag.fr\/people\/audrey-crespo-mara-belle-rentree-a-tous-cette-nouvelle-encourageante-apres-un-ete-endeuille-3574751\" target=\"_blank\" rel=\"noopener\"><br \/>\nAudrey Crespo-Mara.<\/a> L\u2019occasion pour l\u2019artiste, en pleine<br \/>\npromotion et toujours combatif <a href=\"https:\/\/www.closermag.fr\/people\/en-attendant-les-resultats-florent-pagny-se-livre-sur-levolution-de-son-cancer-3574650#:~:text=Face%20%C3%A0%20Audrey%20Crespo%2DMara,son%20combat%20contre%20le%20cancer.&amp;text=Son%20annonce%20avait%20boulevers%C3%A9%20ses,un%20cancer%20du%20poumon%20inop%C3%A9rable.\" target=\"_blank\" rel=\"noopener\"><br \/>\napr\u00e8s son cancer<\/a>, de revenir sur son rapport au temps et \u00e0 la<br \/>\nvie. Et surtout d\u2019\u00e9voquer une question intime : <strong>o\u00f9 se<br \/>\nvoit-il passer le reste de ses jours ?<\/strong><\/p>\n<p>C\u2019est une interrogation que beaucoup de fans se posent, tant<br \/>\nFlorent Pagny a multipli\u00e9 les allers-retours entre <strong>la<br \/>\nFrance et la Patagonie<\/strong> au cours de sa carri\u00e8re. Avec sa<br \/>\nfranchise habituelle, il a r\u00e9pondu sans d\u00e9tour. Pour lui, l\u2019avenir<br \/>\nreste partag\u00e9, entre l\u2019ancrage familial de l\u2019Hexagone et son<br \/>\nattachement profond \u00e0 l\u2019autre bout du monde.\u00a0<\/p>\n<p>Florent Pagny se confie sur la fin de sa vie<\/p>\n<p>Un dilemme que <a href=\"https:\/\/www.closermag.fr\/people\/jai-refait-une-rechute-florent-pagny-est-malheureusement-loin-den-avoir-fini-avec-son-cancer-3574421\" target=\"_blank\" rel=\"noopener\"><br \/>\nl\u2019interpr\u00e8te de Savoir aimer<\/a> a accept\u00e9 d\u2019\u00e9claircir<br \/>\ndevant les cam\u00e9ras. Alors qu\u2019<a href=\"https:\/\/www.closermag.fr\/people\/florent-pagny-face-a-audrey-crespo-mara-il-se-permet-un-parallele-entre-son-cancer-et-thierry-ardisson-3574658\" target=\"_blank\" rel=\"noopener\">Audrey<br \/>\nCrespo-Mara<\/a> lui demandait o\u00f9 s\u2019\u00e9crirait son avenir, Florent<br \/>\nPagny a donn\u00e9 un d\u00e9but de r\u00e9ponse. \u201cJ\u2019ai toujours quelque chose<br \/>\n\u00e0 faire \u00e0 Paris et en France. Je serai toujours vers<br \/>\n<strong>Montfort<\/strong> (Montfort-l\u2019Amaury dans les Yvelines), o\u00f9<br \/>\non vit\u201d, a-t-il assur\u00e9.<\/p>\n<p>Avant d\u2019ajouter qu\u2019il garderait aussi \u201ctoujours des<br \/>\nweek-ends pour faire un saut ici (<a href=\"https:\/\/www.closermag.fr\/people\/florent-pagny-a-quoi-ressemble-sa-splendide-ferme-fortifiee-en-bourgogne-un-temps-snobee-par-sa-femme-azuneca-3574371#:~:text=Florent%20Pagny%2C%20chanteur%20fran%C3%A7ais%2C%20a,forte%2C%20%C3%A9voquant%20des%20vibrations%20agr%C3%A9ables.\" target=\"_blank\" rel=\"noopener\">en<br \/>\nBourgogne)<\/a>\u201d et qu\u2019il continuerait de voyager \u201cdans<br \/>\nl\u2019h\u00e9misph\u00e8re sud, en Patagonie, \u00e0 la bonne saison,<br \/>\nprintemps-\u00e9t\u00e9\u201d. Une vie qu\u2019il imagine d\u00e9sormais comme un<br \/>\n\u00e9quilibre entre <strong>ses terres de c\u0153ur.\u00a0<\/strong><\/p>\n<p>\u00ab\u00a0On ne sait pas quand notre vie va<br \/>\ns&rsquo;arr\u00eater\u00a0\u00bb<\/p>\n<p>Au fil de l\u2019entretien, le chanteur a livr\u00e9 une r\u00e9flexion plus<br \/>\nintime encore sur le temps qui passe et la n\u00e9cessit\u00e9 de se<br \/>\nprojeter. \u201cOn ne sait pas toujours ce qui va se passer demain\u2026<br \/>\nTout \u00e0 l\u2019heure, on parlait de O\u00f9 on va mourir (\u2026) On ne sait pas<br \/>\nquand notre vie va s\u2019arr\u00eater et puis moi, <strong>il me faut<br \/>\ntoujours des projets<\/strong>\u201d, a-t-il confi\u00e9, avec un calme<br \/>\nqui a marqu\u00e9 les t\u00e9l\u00e9spectateurs.<\/p>\n<p>Un t\u00e9moignage qui r\u00e9v\u00e8le un homme apais\u00e9, qui continue de se<br \/>\ntourner vers l\u2019avenir malgr\u00e9 les \u00e9preuves. <a href=\"https:\/\/www.closermag.fr\/tv_tele_realite\/le-coup-du-mort-vivant-florent-pagny-ose-la-comparaison-avec-thierry-ardisson-face-a-audrey-crespo-mara-3574675\" target=\"_blank\" rel=\"noopener\"><br \/>\nFlorent Pagny<\/a> n\u2019a en effet jamais cess\u00e9 d\u2019affirmer son besoin<br \/>\nde cr\u00e9er, de construire et de r\u00eaver. <strong>\u201cComme \u00e7a, ma vie,<br \/>\nelle ne s&rsquo;arr\u00eate jamais\u201d,<\/strong> a-t-il conclu face \u00e0 la<br \/>\njournaliste. Ces mots r\u00e9sonnent comme une philosophie, une mani\u00e8re<br \/>\nde d\u00e9fier l\u2019incertitude de la maladie et de c\u00e9l\u00e9brer la vitalit\u00e9<br \/>\nqu\u2019il conserve.<\/p>\n","protected":false},"excerpt":{"rendered":"Florent Pagny, 63 ans, poursuit son chemin musical. Invit\u00e9 dans Sept \u00e0 Huit sur TF1, ce dimanche 31&hellip;\n","protected":false},"author":2,"featured_media":362370,"comment_status":"","ping_status":"","sticky":false,"template":"","format":"standard","meta":{"footnotes":""},"categories":[1355],"tags":[548,58,59,3109,1011,27,1361,873],"class_list":{"0":"post-362369","1":"post","2":"type-post","3":"status-publish","4":"format-standard","5":"has-post-thumbnail","7":"category-musique","8":"tag-article-simple","9":"tag-divertissement","10":"tag-entertainment","11":"tag-florent-pagny","12":"tag-fr","13":"tag-france","14":"tag-music","15":"tag-musique"},"share_on_mastodon":{"url":"","error":""},"_links":{"self":[{"href":"https:\/\/www.europesays.com\/fr\/wp-json\/wp\/v2\/posts\/362369","targetHints":{"allow":["GET"]}}],"collection":[{"href":"https:\/\/www.europesays.com\/fr\/wp-json\/wp\/v2\/posts"}],"about":[{"href":"https:\/\/www.europesays.com\/fr\/wp-json\/wp\/v2\/types\/post"}],"author":[{"embeddable":true,"href":"https:\/\/www.europesays.com\/fr\/wp-json\/wp\/v2\/users\/2"}],"replies":[{"embeddable":true,"href":"https:\/\/www.europesays.com\/fr\/wp-json\/wp\/v2\/comments?post=362369"}],"version-history":[{"count":0,"href":"https:\/\/www.europesays.com\/fr\/wp-json\/wp\/v2\/posts\/362369\/revisions"}],"wp:featuredmedia":[{"embeddable":true,"href":"https:\/\/www.europesays.com\/fr\/wp-json\/wp\/v2\/media\/362370"}],"wp:attachment":[{"href":"https:\/\/www.europesays.com\/fr\/wp-json\/wp\/v2\/media?parent=362369"}],"wp:term":[{"taxonomy":"category","embeddable":true,"href":"https:\/\/www.europesays.com\/fr\/wp-json\/wp\/v2\/categories?post=362369"},{"taxonomy":"post_tag","embeddable":true,"href":"https:\/\/www.europesays.com\/fr\/wp-json\/wp\/v2\/tags?post=362369"}],"curies":[{"name":"wp","href":"https:\/\/api.w.org\/{rel}","templated":true}]}}