{"id":362371,"date":"2025-09-03T04:11:24","date_gmt":"2025-09-03T04:11:24","guid":{"rendered":"https:\/\/www.europesays.com\/fr\/362371\/"},"modified":"2025-09-03T04:11:24","modified_gmt":"2025-09-03T04:11:24","slug":"warwick-davis-reprend-son-role-du-professeur-flitwick-dans-la-serie-harry-potter","status":"publish","type":"post","link":"https:\/\/www.europesays.com\/fr\/362371\/","title":{"rendered":"Warwick Davis reprend son r\u00f4le du Professeur Flitwick dans la s\u00e9rie \u00ab\u00a0Harry Potter\u00a0\u00bb"},"content":{"rendered":"<p>Actuellement en tournage, la s\u00e9rie <a href=\"https:\/\/www.20minutes.fr\/arts-stars\/people\/4170006-20250828-chris-columbus-questionne-interet-serie-harry-potter\" target=\"_blank\" class=\"c-link c-link--is-underlined\" rel=\"noopener\">Harry Potter<\/a> ne sera pas diffus\u00e9e avant\u00a02027, mais d\u00e9j\u00e0 les infos concernant le casting, distill\u00e9es au compte-goutte, font monter la pression chez les fans. Et Warwick Davis est le dernier \u00e0 \u00eatre annonc\u00e9 \u00e0 Poudlard. Ou plut\u00f4t le premier \u00ab\u00a0ancien\u00a0\u00bb \u00e0 revenir dans la s\u00e9rie t\u00e9l\u00e9vis\u00e9e.<\/p>\n<p>L\u2019acteur de Willow et Star Wars, qui a jou\u00e9 pr\u00e9c\u00e9demment plusieurs personnages dans la franchise cin\u00e9matographique adapt\u00e9e des romans de J. K.\u00a0Rowling, incarnera le professeur Filius Flitwick, passant ainsi du grand au petit \u00e9cran.<\/p>\n<p>Le casting de la star a \u00e9t\u00e9 r\u00e9v\u00e9l\u00e9 le 1er\u00a0septembre \u00e0 l\u2019occasion du Back to Hogwarts, une c\u00e9l\u00e9bration annuelle pour les fans d\u2019Harry Potter qui marque la date \u00e0 laquelle le jeune sorcier a pris le Poudlard Express pour la premi\u00e8re fois. Les fans se retrouvaient traditionnellement \u00e0 la gare de King\u2019s Cross pour l\u2019annonce \u00e0 11 heures de son d\u00e9part du quai 9 \u00be, mais la Warner n\u2019a plus rien organis\u00e9 dans la gare londonienne depuis\u00a02023 et d\u00e9courag\u00e9 les d\u00e9placements, sans r\u00e9el effet sur le public.<\/p>\n<p>Rentr\u00e9e des classes<\/p>\n<p>C\u2019est sur Instagram que Warwick Davis a fait sa rentr\u00e9e avec une <a href=\"https:\/\/www.instagram.com\/p\/DODjFnUDGkj\" rel=\"nofollow noopener\" target=\"_blank\" class=\"c-link c-link--is-underlined\">photo<\/a> o\u00f9 on le voit accroch\u00e9 au Poudlard Express.<\/p>\n<p>\u00ab\u00a0Poudlard a toujours occup\u00e9 une place tr\u00e8s sp\u00e9ciale dans mon c\u0153ur\u00a0\u00bb, a-t-il \u00e9crit. \u00ab\u00a0Lorsque j\u2019ai enfil\u00e9 pour la premi\u00e8re fois la robe du professeur Flitwick il y a toutes ces ann\u00e9es, je n\u2019aurais jamais pu imaginer le voyage o\u00f9 ce personnage \u2013 et le monde des sorciers \u2013 m\u2019emm\u00e8neraient. Merci \u00e0 tous les fans qui ont fait vivre la magie. J\u2019ai h\u00e2te de vous revoir en classe. \u00c0 de nouvelles aventures \u00e0 Poudlard\u00a0!\u00a0\u00bb<\/p>\n<p>De nouvelles recrues ont \u00e9galement \u00e9t\u00e9 annonc\u00e9es en ce jour cl\u00e9, rapporte la <a href=\"https:\/\/www.bbc.com\/news\/articles\/cvgv2j7dz1vo\" rel=\"nofollow noopener\" target=\"_blank\" class=\"c-link c-link--is-underlined\">BBC<\/a>\u00a0: Elijah Oshin dans le r\u00f4le de Dean Thomas, l\u2019ami d\u2019Harry Potter, ainsi que Finn Stephens et William Nash dans les r\u00f4les des acolytes du m\u00e9chant Draco Malfoy, Vincent Crabbe et Gregory Goyle.<\/p>\n<p>Ils rejoignent ainsi <a href=\"https:\/\/www.20minutes.fr\/arts-stars\/serie\/4163902-20250716-harry-potter-serie-premiere-photo-nick-frost-hagrid-devoilee\" target=\"_blank\" class=\"c-link c-link--is-underlined\" rel=\"noopener\">Nick Frost<\/a> en Hagrid et <a href=\"https:\/\/www.20minutes.fr\/arts-stars\/people\/4140748-20250226-john-lithgow-annonce-incarnera-dumbledore-serie-harry-potter\" target=\"_blank\" class=\"c-link c-link--is-underlined\" rel=\"noopener\">John Lithgow<\/a> en Dumbledore, entre autres.<\/p>\n<p><script async src=\"\/\/www.instagram.com\/embed.js\"><\/script><\/p>\n","protected":false},"excerpt":{"rendered":"Actuellement en tournage, la s\u00e9rie Harry Potter ne sera pas diffus\u00e9e avant\u00a02027, mais d\u00e9j\u00e0 les infos concernant le&hellip;\n","protected":false},"author":2,"featured_media":362372,"comment_status":"","ping_status":"","sticky":false,"template":"","format":"standard","meta":{"footnotes":""},"categories":[1354],"tags":[253,58,59,1346,1011,27,6610,5547,1360,973,521,133,2138],"class_list":{"0":"post-362371","1":"post","2":"type-post","3":"status-publish","4":"format-standard","5":"has-post-thumbnail","7":"category-films","8":"tag-acteur","9":"tag-divertissement","10":"tag-entertainment","11":"tag-films","12":"tag-fr","13":"tag-france","14":"tag-harry-potter","15":"tag-hbo","16":"tag-movies","17":"tag-people","18":"tag-serie","19":"tag-video","20":"tag-warner"},"share_on_mastodon":{"url":"https:\/\/pubeurope.com\/@fr\/115138414777607578","error":""},"_links":{"self":[{"href":"https:\/\/www.europesays.com\/fr\/wp-json\/wp\/v2\/posts\/362371","targetHints":{"allow":["GET"]}}],"collection":[{"href":"https:\/\/www.europesays.com\/fr\/wp-json\/wp\/v2\/posts"}],"about":[{"href":"https:\/\/www.europesays.com\/fr\/wp-json\/wp\/v2\/types\/post"}],"author":[{"embeddable":true,"href":"https:\/\/www.europesays.com\/fr\/wp-json\/wp\/v2\/users\/2"}],"replies":[{"embeddable":true,"href":"https:\/\/www.europesays.com\/fr\/wp-json\/wp\/v2\/comments?post=362371"}],"version-history":[{"count":0,"href":"https:\/\/www.europesays.com\/fr\/wp-json\/wp\/v2\/posts\/362371\/revisions"}],"wp:featuredmedia":[{"embeddable":true,"href":"https:\/\/www.europesays.com\/fr\/wp-json\/wp\/v2\/media\/362372"}],"wp:attachment":[{"href":"https:\/\/www.europesays.com\/fr\/wp-json\/wp\/v2\/media?parent=362371"}],"wp:term":[{"taxonomy":"category","embeddable":true,"href":"https:\/\/www.europesays.com\/fr\/wp-json\/wp\/v2\/categories?post=362371"},{"taxonomy":"post_tag","embeddable":true,"href":"https:\/\/www.europesays.com\/fr\/wp-json\/wp\/v2\/tags?post=362371"}],"curies":[{"name":"wp","href":"https:\/\/api.w.org\/{rel}","templated":true}]}}