{"id":362383,"date":"2025-09-03T04:17:10","date_gmt":"2025-09-03T04:17:10","guid":{"rendered":"https:\/\/www.europesays.com\/fr\/362383\/"},"modified":"2025-09-03T04:17:10","modified_gmt":"2025-09-03T04:17:10","slug":"pour-trump-xi-jinping-conspire-contre-les-etats-unis-avec-vladimir-poutine-et-kim-jong-un-a-pekin","status":"publish","type":"post","link":"https:\/\/www.europesays.com\/fr\/362383\/","title":{"rendered":"Pour Trump, Xi Jinping \u00abconspire\u00bb contre les \u00c9tats-Unis avec Vladimir Poutine et Kim Jong-un \u00e0 P\u00e9kin"},"content":{"rendered":"<p>\u00abQue le pr\u00e9sident Xi et le merveilleux peuple chinois passent une excellente journ\u00e9e de c\u00e9l\u00e9brations\u00bb, a ironis\u00e9 le pr\u00e9sident am\u00e9ricain sur son r\u00e9seau Truth Social.<\/p>\n<p class=\"fig-paragraph\"><a href=\"http:\/\/www.lefigaro.fr\/international\/des-fake-news-face-aux-rumeurs-sur-son-etat-de-sante-donald-trump-effectue-sa-premiere-apparition-publique-depuis-une-semaine-20250902\" target=\"_blank\" data-fig-type=\"NewsFlash\" rel=\"noopener nofollow\" data-gtm-custom-categorie=\"navigation\" data-gtm-custom-action=\"crossclick\" data-gtm-custom-label=\"Contextuel\" data-gtm-event=\"customEventSPE\" data-fig-domain=\"LEFIGARO\">Donald Trump<\/a>\u00a0a d\u00e9clar\u00e9 mardi que son homologue chinois Xi Jinping \u00abconspirait\u00bb avec les dirigeants russe et nord-cor\u00e9en Vladimir Poutine et Kim Jong-un qu&rsquo;il re\u00e7oit \u00e0 P\u00e9kin \u00e0 l&rsquo;occasion d&rsquo;une immense parade militaire comm\u00e9morant la fin de la Seconde Guerre mondiale.<\/p>\n<p class=\"fig-paragraph\">\u00abQue le pr\u00e9sident Xi et le merveilleux peuple chinois passent une excellente journ\u00e9e de c\u00e9l\u00e9brations\u00bb, a \u00e9crit le pr\u00e9sident am\u00e9ricain sur son r\u00e9seau Truth Social. \u00abVeuillez transmettre mes salutations les plus chaleureuses \u00e0 Vladimir Poutine et Kim Jong-un pendant que vous conspirez contre les \u00c9tats-Unis d&rsquo;Am\u00e9rique\u00bb, a-t-il ajout\u00e9 dans un message \u00e0 la tonalit\u00e9 sarcastique.<\/p>\n<p>                                    <a class=\"fig-a11y-skip a11y-hidden\" href=\"#fig-a11y-skip-main-inarticle\"><br \/>\n        Passer la publicit\u00e9<br \/>\n    <\/a><\/p>\n<p class=\"fig-paragraph\">Quelques heures plus t\u00f4t, Donald Trump a cependant assur\u00e9 n\u2019\u00eatre \u00abpas pr\u00e9occup\u00e9 du tout\u00bb par l\u2019alliance sino-russe. \u00abNous avons les forces militaires les plus puissantes au monde, de loin, et ils n\u2019utiliseraient jamais les leurs contre nous. Croyez-moi, ce serait la pire chose qu\u2019ils puissent jamais faire\u00bb, a-t-il dit, visiblement serein.<\/p>\n<p>    <a href=\"https:\/\/photo.lefigaro.fr\/parade-militaire-geante-a-pekin-en-presence-de-xi-jinping-vladimir-poutine-et-kim-jong-un-20250903\" rel=\"nofollow noopener\" target=\"_blank\"><\/p>\n<p class=\"fig-slideshow__title\">\n                    Parade militaire g\u00e9ante \u00e0 P\u00e9kin en pr\u00e9sence de Xi Jinping, Vladimir Poutine et Kim Jong-un\n                <\/p>\n<p>Acc\u00e9der au diaporama (22)<\/p>\n<p>    <\/a><\/p>\n","protected":false},"excerpt":{"rendered":"\u00abQue le pr\u00e9sident Xi et le merveilleux peuple chinois passent une excellente journ\u00e9e de c\u00e9l\u00e9brations\u00bb, a ironis\u00e9 le&hellip;\n","protected":false},"author":2,"featured_media":362384,"comment_status":"","ping_status":"","sticky":false,"template":"","format":"standard","meta":{"footnotes":""},"categories":[5],"tags":[11,75,1011,27,14,12,28,7084],"class_list":{"0":"post-362383","1":"post","2":"type-post","3":"status-publish","4":"format-standard","5":"has-post-thumbnail","7":"category-international","8":"tag-actualites","9":"tag-donald-trump","10":"tag-fr","11":"tag-france","12":"tag-international","13":"tag-news","14":"tag-world","15":"tag-xi-jinping"},"share_on_mastodon":{"url":"https:\/\/pubeurope.com\/@fr\/115138438294863004","error":""},"_links":{"self":[{"href":"https:\/\/www.europesays.com\/fr\/wp-json\/wp\/v2\/posts\/362383","targetHints":{"allow":["GET"]}}],"collection":[{"href":"https:\/\/www.europesays.com\/fr\/wp-json\/wp\/v2\/posts"}],"about":[{"href":"https:\/\/www.europesays.com\/fr\/wp-json\/wp\/v2\/types\/post"}],"author":[{"embeddable":true,"href":"https:\/\/www.europesays.com\/fr\/wp-json\/wp\/v2\/users\/2"}],"replies":[{"embeddable":true,"href":"https:\/\/www.europesays.com\/fr\/wp-json\/wp\/v2\/comments?post=362383"}],"version-history":[{"count":0,"href":"https:\/\/www.europesays.com\/fr\/wp-json\/wp\/v2\/posts\/362383\/revisions"}],"wp:featuredmedia":[{"embeddable":true,"href":"https:\/\/www.europesays.com\/fr\/wp-json\/wp\/v2\/media\/362384"}],"wp:attachment":[{"href":"https:\/\/www.europesays.com\/fr\/wp-json\/wp\/v2\/media?parent=362383"}],"wp:term":[{"taxonomy":"category","embeddable":true,"href":"https:\/\/www.europesays.com\/fr\/wp-json\/wp\/v2\/categories?post=362383"},{"taxonomy":"post_tag","embeddable":true,"href":"https:\/\/www.europesays.com\/fr\/wp-json\/wp\/v2\/tags?post=362383"}],"curies":[{"name":"wp","href":"https:\/\/api.w.org\/{rel}","templated":true}]}}