{"id":362385,"date":"2025-09-03T04:18:11","date_gmt":"2025-09-03T04:18:11","guid":{"rendered":"https:\/\/www.europesays.com\/fr\/362385\/"},"modified":"2025-09-03T04:18:11","modified_gmt":"2025-09-03T04:18:11","slug":"certains-parents-savaient-dautres-tombent-du-placard-plus-dune-dizaine-de-procedures-judiciaires-ouvertes-a-cognac-pour-du-harcelement-scolaire","status":"publish","type":"post","link":"https:\/\/www.europesays.com\/fr\/362385\/","title":{"rendered":"\u00ab\u00a0Certains parents savaient, d\u2019autres tombent du placard\u00a0\u00bb\u00a0: plus d\u2019une dizaine de proc\u00e9dures judiciaires ouvertes \u00e0 Cognac pour du harc\u00e8lement scolaire"},"content":{"rendered":"<p>Si l\u2019information et la pr\u00e9vention sur le harc\u00e8lement scolaire circulent de mieux en mieux au sein des \u00e9tablissements, notamment avec la mise en place du programme de lutte contre le harc\u00e8lement \u00e0 l\u2019\u00e9cole (<a href=\"https:\/\/www.education.gouv.fr\/non-au-harcelement\/phare-un-programme-de-lutte-contre-le-harcelement-l-ecole-323435#:~:text=Le%20programme%20de%20lutte%20contre,lyc%C3%A9es%20depuis%20la%20rentr%C3%A9e%202023.\" target=\"_blank\" rel=\"nofollow noopener\">Phare<\/a>), g\u00e9n\u00e9ralis\u00e9 dans les \u00e9tablissements de primaire, coll\u00e8ge et lyc\u00e9e depuis 2023, la strate parentale reste encore un peu \u00e0 l\u2019\u00e9cart.<\/p>\n<blockquote><p>\u00ab\u00a0Quand on pr\u00e9vient les parents, certains savaient, d\u2019autres tombent du placard\u00a0\u00bb<\/p><\/blockquote>\n<p>Seulement deux signalements ont \u00e9t\u00e9 faits par des parents ces deux derni\u00e8res ann\u00e9es scolaires, \u00ab\u00a0le plus souvent, ce sont les \u00e9tablissements qui nous pr\u00e9viennent, on a de bonnes liaisons avec eux\u00a0\u00bb, et \u00ab\u00a0quand on pr\u00e9vient les parents, certains savaient, d\u2019autres tombent du placard, mais ils veulent des actions\u00a0\u00bb.<\/p>\n<p>De la violence psychologique surtout<\/p>\n<p>\u00c0 Cognac, le commissariat a ouvert \u00ab\u00a0entre dix et quinze proc\u00e9dures judiciaires sur les deux derni\u00e8res ann\u00e9es scolaires\u00a0\u00bb, confie le commandant de police. \u00ab\u00a0Un dans une \u00e9cole primaire et le reste dans des coll\u00e8ges et lyc\u00e9es. Elles ont toutes \u00e9t\u00e9 trait\u00e9es. Il y a tous les profils et cela concerne toute la ville, il n\u2019y a pas de quartier pr\u00e9cis.\u00a0\u00bb<\/p>\n<p>    La r\u00e9daction vous conseille<\/p>\n<p>Des signalements de harc\u00e8lement, rarement violent, mais surtout psychologique, dont les preuves sont souvent constitu\u00e9es par des captures d\u2019\u00e9changes sur les r\u00e9seaux sociaux, d\u2019auditions de camarades, de professeurs ou de membres de l\u2019\u00c9ducation nationale. \u00ab\u00a0Le magistrat prend ensuite la d\u00e9cision, cela peut se conclure par un suivi \u00e9ducatif.\u00a0\u00bb<\/p>\n<p>Les parents, s\u2019ils suspectent un harc\u00e8lement sur leur enfant peuvent alerter \u00ab\u00a0soit au commissariat, soit le site ma s\u00e9curit\u00e9, il y a un tchat, ils pourront \u00e9changer avec un agent de police\u00a0\u00bb. Un num\u00e9ro d\u2019appel, le 3018 est \u00e9galement ouvert sept jours sur sept de 9h \u00e0 23h pour avoir des renseignements ou faire un signalement<\/p>\n<p>Le commandant de police conseille aussi les modules de formation sur la plateforme \u00ab\u00a0des cl\u00e9s pour la famille\u00a0\u00bb \u00e0 destination des parents, mis en place sur le site de l\u2019\u00c9ducation nationale. Quatre sessions de quinze minutes chacune, pour \u00ab\u00a0comprendre\u00a0\u00bb, \u00ab\u00a0pr\u00e9venir\u00a0\u00bb, \u00ab\u00a0rep\u00e9rer\u00a0\u00bb et \u00ab\u00a0faire cesser\u00a0\u00bb.<\/p>\n","protected":false},"excerpt":{"rendered":"Si l\u2019information et la pr\u00e9vention sur le harc\u00e8lement scolaire circulent de mieux en mieux au sein des \u00e9tablissements,&hellip;\n","protected":false},"author":2,"featured_media":362386,"comment_status":"","ping_status":"","sticky":false,"template":"","format":"standard","meta":{"footnotes":""},"categories":[4],"tags":[11,1011,27,12,25],"class_list":{"0":"post-362385","1":"post","2":"type-post","3":"status-publish","4":"format-standard","5":"has-post-thumbnail","7":"category-france","8":"tag-actualites","9":"tag-fr","10":"tag-france","11":"tag-news","12":"tag-republique-francaise"},"share_on_mastodon":{"url":"https:\/\/pubeurope.com\/@fr\/115138442356609647","error":""},"_links":{"self":[{"href":"https:\/\/www.europesays.com\/fr\/wp-json\/wp\/v2\/posts\/362385","targetHints":{"allow":["GET"]}}],"collection":[{"href":"https:\/\/www.europesays.com\/fr\/wp-json\/wp\/v2\/posts"}],"about":[{"href":"https:\/\/www.europesays.com\/fr\/wp-json\/wp\/v2\/types\/post"}],"author":[{"embeddable":true,"href":"https:\/\/www.europesays.com\/fr\/wp-json\/wp\/v2\/users\/2"}],"replies":[{"embeddable":true,"href":"https:\/\/www.europesays.com\/fr\/wp-json\/wp\/v2\/comments?post=362385"}],"version-history":[{"count":0,"href":"https:\/\/www.europesays.com\/fr\/wp-json\/wp\/v2\/posts\/362385\/revisions"}],"wp:featuredmedia":[{"embeddable":true,"href":"https:\/\/www.europesays.com\/fr\/wp-json\/wp\/v2\/media\/362386"}],"wp:attachment":[{"href":"https:\/\/www.europesays.com\/fr\/wp-json\/wp\/v2\/media?parent=362385"}],"wp:term":[{"taxonomy":"category","embeddable":true,"href":"https:\/\/www.europesays.com\/fr\/wp-json\/wp\/v2\/categories?post=362385"},{"taxonomy":"post_tag","embeddable":true,"href":"https:\/\/www.europesays.com\/fr\/wp-json\/wp\/v2\/tags?post=362385"}],"curies":[{"name":"wp","href":"https:\/\/api.w.org\/{rel}","templated":true}]}}