{"id":362387,"date":"2025-09-03T04:19:18","date_gmt":"2025-09-03T04:19:18","guid":{"rendered":"https:\/\/www.europesays.com\/fr\/362387\/"},"modified":"2025-09-03T04:19:18","modified_gmt":"2025-09-03T04:19:18","slug":"lamour-est-dans-le-pre-hors-camera-gilles-sisole-avec-ses-pretendantes-afin-de-les-avertir-dun-detail-intime","status":"publish","type":"post","link":"https:\/\/www.europesays.com\/fr\/362387\/","title":{"rendered":"\u00ab\u00a0L&rsquo;amour est dans le pr\u00e9\u00a0\u00bb\u00a0: hors cam\u00e9ra, Gilles s&rsquo;isole avec ses pr\u00e9tendantes afin de les avertir d&rsquo;un d\u00e9tail intime"},"content":{"rendered":"<p>      R\u00e9sum\u00e9<\/p>\n<p>Gilles, l&rsquo;agriculteur normand de la vingti\u00e8me saison de \u00ab\u00a0L&rsquo;amour est dans le pr\u00e9\u00a0\u00bb, a souhait\u00e9 s&rsquo;isoler avec ses deux pr\u00e9tendantes pour \u00e9voquer un complexe physique qui lui g\u00e2che la vie depuis adolescent.<\/p>\n<p>        Sommaire<\/p>\n<p>C&rsquo;est au d\u00e9but de l&rsquo;ann\u00e9e que les t\u00e9l\u00e9spectateurs ont pu d\u00e9couvrir <strong>le visage des quinze agriculteurs<\/strong> de la <strong>vingti\u00e8me saison<\/strong> de \u00ab\u00a0L&rsquo;amour est dans le pr\u00e9\u00a0\u00bb sur M6. Puis, <strong>l&rsquo;attente a \u00e9t\u00e9 longue<\/strong> pour les fans du programme anim\u00e9 par <a href=\"https:\/\/www.public.fr\/un-sacre-coup-de-pelle-pourquoi-le-role-karine-le-marchand-est-si-important-dans-lamour-est-dans-le-pre\" target=\"_blank\" rel=\"noopener\">Karine Le\u00a0Marchand<\/a>. En effet, ce n&rsquo;est que <strong>le 25\u00a0ao\u00fbt<\/strong> que la cha\u00eene a diffus\u00e9<strong> <\/strong>les premiers speed datings. L&rsquo;occasion, cette fois, de d\u00e9couvrir l&rsquo;identit\u00e9 de celles et ceux qui ont flash\u00e9 sur <a href=\"https:\/\/www.public.fr\/comment-tu-peux-dire-ca-karine-le-marchand-choquee-par-les-propos-dun-candidat-de-la-nouvelle-saison-de-lamour-est-dans-le-pre\" target=\"_blank\" rel=\"noopener\">les protagonistes de cette <strong>saison<\/strong><\/a><strong> anniversaire.<\/strong> <\/p>\n<p>Ainsi, lors de cette premi\u00e8re soir\u00e9e, les t\u00e9l\u00e9spectateurs ont pu d\u00e9couvrir <strong>Gilles<\/strong>. L&rsquo;agriculteur de 58 ans est <strong>papa de trois filles. Originaire de Normandie<\/strong>, ce c\u00e9r\u00e9alier et collecteur de lait normand a \u00e9t\u00e9 le premier \u00e0 se jeter dans l&rsquo;ar\u00e8ne et \u00e0 s&rsquo;essayer au face-\u00e0-face intimidant avec ses\u2026 <strong>neuf pr\u00e9tendantes<\/strong>\u00a0! \u00ab\u00a0J&rsquo;ai le c\u0153ur qui palpite \u00e0 au moins 300 pulsations minutes\u00a0; \u00e0 la limite de la crise cardiaque\u00a0\u00bb, a-t-il l\u00e2ch\u00e9 sur la p\u00e9niche de l&rsquo;amour o\u00f9 ont lieu les <a href=\"https:\/\/www.public.fr\/vous-allez-voir-des-cette-surprenante-nouveaute-qui-sera-dans-la-prochaine-saison-de-lamour-est-dans-le-pre\" target=\"_blank\" rel=\"noopener\">rendez-vous<\/a>.<\/p>\n<p>Apr\u00e8s \u00eatre pass\u00e9 une \u00e0 une devant l&rsquo;agriculteur, ce dernier a fait son choix. En effet, le c\u00e9libataire a d\u00e9cid\u00e9 d&rsquo;inviter <strong>Pascaline et Isabelle<\/strong> d\u00e9couvrir son quotidien \u00e0 la ferme. La premi\u00e8re est une fonctionnaire de 59 ans originaire de la r\u00e9gion lyonnaise alors que sa \u00ab\u00a0concurrente\u00a0\u00bb, passionn\u00e9e d&rsquo;\u00e9quitation, est amoureuse de la nature et des grands espaces. Alors comment s&rsquo;en sortiront-elles dans <strong>ce nouvel univers qui n&rsquo;est pas le leur\u00a0<\/strong>? R\u00e9ponse ce 8\u00a0septembre dans le prochain \u00e9pisode d\u00e9j\u00e0 disponible sur M6 +.<\/p>\n<p>\u00ab\u00a0L&rsquo;amour est dans le pr\u00e9\u00a0\u00bb\u00a0: Gilles s&rsquo;isole avec ses pr\u00e9tendantes hors cam\u00e9ras<\/p>\n<p>Dans cet \u00e9pisode, on d\u00e9couvrira <strong>le trio qui essaiera de trouver ses marques<\/strong>. Isabelle en cuisine, Pascaline en profitera alors pour tenter d&rsquo;en apprendre davantage sur celui qu&rsquo;elle convoite. \u00c0 cette occasion, le c\u00e9r\u00e9alier s&rsquo;est alors laiss\u00e9 aller aux confidences et a notamment parl\u00e9 sans filtre de <strong>cette partie du corps qu&rsquo;il n&rsquo;appr\u00e9cie gu\u00e8re chez lui\u00a0<\/strong>; \u00e0 savoir <strong>ses pectoraux<\/strong>. Pourquoi\u00a0? La raison, on ne l&rsquo;entendra pas de sa bouche. En effet, c&rsquo;est <a href=\"https:\/\/www.google.com\/url?sa=t&amp;source=web&amp;rct=j&amp;opi=89978449&amp;url=https:\/\/vsd.fr\/86605-lamour-est-dans-le-pre-saison-20-karine-le-marchand-jibule\/&amp;ved=2ahUKEwjAl4f7trqPAxWwRaQEHRztOcUQFnoECBsQAQ&amp;usg=AOvVaw0gDlZOYfZQoYRKFwsQIg4F\" target=\"_blank\" rel=\"noopener\">Karine Le\u00a0Marchand<\/a>, en voix off, qui l&rsquo;expliquera.<\/p>\n<p>\u00ab\u00a0\u00c0 la pubert\u00e9, le c\u00e9r\u00e9alier est <strong>victime d&rsquo;un probl\u00e8me hormonal<\/strong> qui le marque profond\u00e9ment\u00a0\u00bb, a-t-elle d\u00e9taill\u00e9. Un \u00e9pisode dont elle avait eu vent lors du tournage de son portrait. \u00ab\u00a0<strong>J&rsquo;ai eu une pouss\u00e9e d&rsquo;hormones qui fait que j&rsquo;ai eu les seins qui ont grossi<\/strong>, lui avait racont\u00e9 Gilles. \u00ab\u00a0J&rsquo;\u00e9tais en pull en plein \u00e9t\u00e9. Tout le monde se moquait de moi, jusqu&rsquo;\u00e0 temps que je me fasse op\u00e9rer\u00a0\u00bb. Une confidence tr\u00e8s intime qui devrait sans nul doute toucher celles qui esp\u00e8rent faire chavirer son c\u0153ur d&rsquo;ici la fin du programme.<\/p>\n<p>      Mentionn\u00e9s dans cet article<\/p>\n<p>      Sur le m\u00eame sujet<\/p>\n","protected":false},"excerpt":{"rendered":"R\u00e9sum\u00e9 Gilles, l&rsquo;agriculteur normand de la vingti\u00e8me saison de \u00ab\u00a0L&rsquo;amour est dans le pr\u00e9\u00a0\u00bb, a souhait\u00e9 s&rsquo;isoler avec&hellip;\n","protected":false},"author":2,"featured_media":362388,"comment_status":"","ping_status":"","sticky":false,"template":"","format":"standard","meta":{"footnotes":""},"categories":[2],"tags":[11,39878,327,1376,426,13171,1193,1011,27,5413,9307,494,12,5486,12407],"class_list":{"0":"post-362387","1":"post","2":"type-post","3":"status-publish","4":"format-standard","5":"has-post-thumbnail","7":"category-actualites","8":"tag-actualites","9":"tag-agriculteur","10":"tag-agriculture","11":"tag-amour","12":"tag-candidat","13":"tag-celibataire","14":"tag-couple","15":"tag-fr","16":"tag-france","17":"tag-karine-le-marchand","18":"tag-lamour-est-dans-le-pre","19":"tag-m6","20":"tag-news","21":"tag-rencontre","22":"tag-rendez-vous"},"share_on_mastodon":{"url":"https:\/\/pubeurope.com\/@fr\/115138446221436375","error":""},"_links":{"self":[{"href":"https:\/\/www.europesays.com\/fr\/wp-json\/wp\/v2\/posts\/362387","targetHints":{"allow":["GET"]}}],"collection":[{"href":"https:\/\/www.europesays.com\/fr\/wp-json\/wp\/v2\/posts"}],"about":[{"href":"https:\/\/www.europesays.com\/fr\/wp-json\/wp\/v2\/types\/post"}],"author":[{"embeddable":true,"href":"https:\/\/www.europesays.com\/fr\/wp-json\/wp\/v2\/users\/2"}],"replies":[{"embeddable":true,"href":"https:\/\/www.europesays.com\/fr\/wp-json\/wp\/v2\/comments?post=362387"}],"version-history":[{"count":0,"href":"https:\/\/www.europesays.com\/fr\/wp-json\/wp\/v2\/posts\/362387\/revisions"}],"wp:featuredmedia":[{"embeddable":true,"href":"https:\/\/www.europesays.com\/fr\/wp-json\/wp\/v2\/media\/362388"}],"wp:attachment":[{"href":"https:\/\/www.europesays.com\/fr\/wp-json\/wp\/v2\/media?parent=362387"}],"wp:term":[{"taxonomy":"category","embeddable":true,"href":"https:\/\/www.europesays.com\/fr\/wp-json\/wp\/v2\/categories?post=362387"},{"taxonomy":"post_tag","embeddable":true,"href":"https:\/\/www.europesays.com\/fr\/wp-json\/wp\/v2\/tags?post=362387"}],"curies":[{"name":"wp","href":"https:\/\/api.w.org\/{rel}","templated":true}]}}