{"id":362389,"date":"2025-09-03T04:20:10","date_gmt":"2025-09-03T04:20:10","guid":{"rendered":"https:\/\/www.europesays.com\/fr\/362389\/"},"modified":"2025-09-03T04:20:10","modified_gmt":"2025-09-03T04:20:10","slug":"saint-etienne-convoque-pour-un-vol-au-tribunal-il-en-commet-un-autre-la-veille-de-laudience","status":"publish","type":"post","link":"https:\/\/www.europesays.com\/fr\/362389\/","title":{"rendered":"Saint-\u00c9tienne. Convoqu\u00e9 pour un vol au tribunal, il en commet un autre&#8230; la veille de l\u2019audience"},"content":{"rendered":"<p>\u00c0 la barre, le pr\u00e9venu se montre \u00e0 l\u2019aise. \u00ab\u00a0On est amen\u00e9 \u00e0 se revoir en 2026\u00a0\u00bb, d\u00e9clare-t-il au pr\u00e9sident du tribunal. Il ne poss\u00e8de pas d\u2019avocat mais il pr\u00e9tend plaider sa cause. La veille de cette audience, alors qu\u2019il venait d\u2019arriver \u00e0 Saint-Etienne, il a commis un vol en r\u00e9union sur une personne qui s\u2019\u00e9tait assoupie sur les marches de la mairie.<\/p>\n<p>Les deux comparses, dont un sous OQTF, d\u00e9robent le t\u00e9l\u00e9phone de la victime&#8230;.<\/p>\n","protected":false},"excerpt":{"rendered":"\u00c0 la barre, le pr\u00e9venu se montre \u00e0 l\u2019aise. \u00ab\u00a0On est amen\u00e9 \u00e0 se revoir en 2026\u00a0\u00bb, d\u00e9clare-t-il&hellip;\n","protected":false},"author":2,"featured_media":362390,"comment_status":"","ping_status":"","sticky":false,"template":"","format":"standard","meta":{"footnotes":""},"categories":[9653],"tags":[1111,11,2430,271,272,7539,1777,674,274,107,1011,27,3367,12,25,4001,7538],"class_list":{"0":"post-362389","1":"post","2":"type-post","3":"status-publish","4":"format-standard","5":"has-post-thumbnail","7":"category-saint-etienne","8":"tag-actu","9":"tag-actualites","10":"tag-auvergne-rhone-alpes","11":"tag-crime","12":"tag-delit-et-contravention","13":"tag-edition-loire-sud","14":"tag-eu","15":"tag-europe","16":"tag-faits-divers-justice","17":"tag-fil-info","18":"tag-fr","19":"tag-france","20":"tag-loire","21":"tag-news","22":"tag-republique-francaise","23":"tag-saint-etienne","24":"tag-saint-etienne-ville"},"share_on_mastodon":{"url":"https:\/\/pubeurope.com\/@fr\/115138450192427418","error":""},"_links":{"self":[{"href":"https:\/\/www.europesays.com\/fr\/wp-json\/wp\/v2\/posts\/362389","targetHints":{"allow":["GET"]}}],"collection":[{"href":"https:\/\/www.europesays.com\/fr\/wp-json\/wp\/v2\/posts"}],"about":[{"href":"https:\/\/www.europesays.com\/fr\/wp-json\/wp\/v2\/types\/post"}],"author":[{"embeddable":true,"href":"https:\/\/www.europesays.com\/fr\/wp-json\/wp\/v2\/users\/2"}],"replies":[{"embeddable":true,"href":"https:\/\/www.europesays.com\/fr\/wp-json\/wp\/v2\/comments?post=362389"}],"version-history":[{"count":0,"href":"https:\/\/www.europesays.com\/fr\/wp-json\/wp\/v2\/posts\/362389\/revisions"}],"wp:featuredmedia":[{"embeddable":true,"href":"https:\/\/www.europesays.com\/fr\/wp-json\/wp\/v2\/media\/362390"}],"wp:attachment":[{"href":"https:\/\/www.europesays.com\/fr\/wp-json\/wp\/v2\/media?parent=362389"}],"wp:term":[{"taxonomy":"category","embeddable":true,"href":"https:\/\/www.europesays.com\/fr\/wp-json\/wp\/v2\/categories?post=362389"},{"taxonomy":"post_tag","embeddable":true,"href":"https:\/\/www.europesays.com\/fr\/wp-json\/wp\/v2\/tags?post=362389"}],"curies":[{"name":"wp","href":"https:\/\/api.w.org\/{rel}","templated":true}]}}