{"id":362391,"date":"2025-09-03T04:21:16","date_gmt":"2025-09-03T04:21:16","guid":{"rendered":"https:\/\/www.europesays.com\/fr\/362391\/"},"modified":"2025-09-03T04:21:16","modified_gmt":"2025-09-03T04:21:16","slug":"cinq-noms-et-un-sondage-pour-designer-la-tete-de-liste-de-la-droite-et-du-centre","status":"publish","type":"post","link":"https:\/\/www.europesays.com\/fr\/362391\/","title":{"rendered":"cinq noms et un sondage pour d\u00e9signer la t\u00eate de liste de la droite et du centre"},"content":{"rendered":"<p>N\u00e9 le 9\u00a0septembre 1993 \u00e0 Feurs, Quentin Bataillon a \u00e9t\u00e9 le collaborateur europ\u00e9en de Fran\u00e7ois Grosset\u00eate, puis conseiller minist\u00e9riel. D\u00e9put\u00e9 de la Loire \u00e0 Saint-\u00c9tienne entre\u00a02022 et\u00a02024, il a \u00e9crit et fait adopter, notamment, une loi pour soutenir les b\u00e9n\u00e9voles et les associations locales. Il est aujourd\u2019hui chef d\u2019entreprise.<\/p>\n<p><a href=\"https:\/\/www.leprogres.fr\/elections\/2025\/08\/28\/union-de-la-droite-et-du-centre-l-ex-depute-quentin-bataillon-vise-la-tete-de-liste-a-saint-etienne\" target=\"_blank\" rel=\"nofollow noopener\">Son ambition est d\u2019\u00eatre la t\u00eate de liste de l\u2019union de la droite et du centre<\/a>. \u00ab\u00a0Avec cette union issue du collectif Saint-Etienne ensemble 2026, il faut porter une nouvelle offre pour la ville\u00a0\u00bb, estime Quentin Bataillon. Tout en reconnaissant que \u00ab\u00a0les St\u00e9phanois paient le prix fort de la situation, des blocages municipaux et m\u00e9tropolitains\u00a0\u00bb, Quentin Bataillon ne veut pas faire du \u00ab\u00a0Perdriau bashing\u00a0\u00bb.<\/p>\n<p>Il se montre en revanche tr\u00e8s critique vis-\u00e0-vis des d\u00e9put\u00e9s Pierrick Courbon (PS) et Andr\u00e9e Taurinya (LFI). \u00ab\u00a0Ils portent les id\u00e9es et les m\u00e9thodes de l\u2019extr\u00eame gauche\u00a0\u00bb, dit-il, avec une ambition pour le Saint-Etienne de&#8230;<\/p>\n","protected":false},"excerpt":{"rendered":"N\u00e9 le 9\u00a0septembre 1993 \u00e0 Feurs, Quentin Bataillon a \u00e9t\u00e9 le collaborateur europ\u00e9en de Fran\u00e7ois Grosset\u00eate, puis conseiller&hellip;\n","protected":false},"author":2,"featured_media":362392,"comment_status":"","ping_status":"","sticky":false,"template":"","format":"standard","meta":{"footnotes":""},"categories":[9653],"tags":[1111,11,2430,7539,4188,1777,674,107,1011,27,3367,12,316,25,4001,7538],"class_list":{"0":"post-362391","1":"post","2":"type-post","3":"status-publish","4":"format-standard","5":"has-post-thumbnail","7":"category-saint-etienne","8":"tag-actu","9":"tag-actualites","10":"tag-auvergne-rhone-alpes","11":"tag-edition-loire-sud","12":"tag-elections-municipales","13":"tag-eu","14":"tag-europe","15":"tag-fil-info","16":"tag-fr","17":"tag-france","18":"tag-loire","19":"tag-news","20":"tag-politique","21":"tag-republique-francaise","22":"tag-saint-etienne","23":"tag-saint-etienne-ville"},"share_on_mastodon":{"url":"https:\/\/pubeurope.com\/@fr\/115138455041136798","error":""},"_links":{"self":[{"href":"https:\/\/www.europesays.com\/fr\/wp-json\/wp\/v2\/posts\/362391","targetHints":{"allow":["GET"]}}],"collection":[{"href":"https:\/\/www.europesays.com\/fr\/wp-json\/wp\/v2\/posts"}],"about":[{"href":"https:\/\/www.europesays.com\/fr\/wp-json\/wp\/v2\/types\/post"}],"author":[{"embeddable":true,"href":"https:\/\/www.europesays.com\/fr\/wp-json\/wp\/v2\/users\/2"}],"replies":[{"embeddable":true,"href":"https:\/\/www.europesays.com\/fr\/wp-json\/wp\/v2\/comments?post=362391"}],"version-history":[{"count":0,"href":"https:\/\/www.europesays.com\/fr\/wp-json\/wp\/v2\/posts\/362391\/revisions"}],"wp:featuredmedia":[{"embeddable":true,"href":"https:\/\/www.europesays.com\/fr\/wp-json\/wp\/v2\/media\/362392"}],"wp:attachment":[{"href":"https:\/\/www.europesays.com\/fr\/wp-json\/wp\/v2\/media?parent=362391"}],"wp:term":[{"taxonomy":"category","embeddable":true,"href":"https:\/\/www.europesays.com\/fr\/wp-json\/wp\/v2\/categories?post=362391"},{"taxonomy":"post_tag","embeddable":true,"href":"https:\/\/www.europesays.com\/fr\/wp-json\/wp\/v2\/tags?post=362391"}],"curies":[{"name":"wp","href":"https:\/\/api.w.org\/{rel}","templated":true}]}}