{"id":362393,"date":"2025-09-03T04:22:25","date_gmt":"2025-09-03T04:22:25","guid":{"rendered":"https:\/\/www.europesays.com\/fr\/362393\/"},"modified":"2025-09-03T04:22:25","modified_gmt":"2025-09-03T04:22:25","slug":"lorraine-festivals-jardins-ephemeres-les-evenements-incontournables-a-ne-pas-manquer-a-la-rentree","status":"publish","type":"post","link":"https:\/\/www.europesays.com\/fr\/362393\/","title":{"rendered":"Lorraine. Festivals, jardins \u00e9ph\u00e9m\u00e8res&#8230; Les \u00e9v\u00e9nements incontournables \u00e0 ne pas manquer \u00e0 la rentr\u00e9e"},"content":{"rendered":"<p>  Julien Dor\u00e9, Gims, Santa : les concerts \u00e0 Nancy et Amn\u00e9ville<\/p>\n<p>Au <a href=\"https:\/\/www.estrepublicain.fr\/p\/zenith-du-grand-nancy\" target=\"_blank\" rel=\"noopener\">Z\u00e9nith de Nancy<\/a>, ce sont les 300 choristes de\u00a0Spectacul\u2019Art<strong>\u00a0<\/strong>qui ouvrent la rentr\u00e9e le 30 septembre avec un show XXL consacr\u00e9 \u00e0 <strong>Claude Fran\u00e7ois<\/strong>, puis <strong>Aldebert<\/strong> le 3 octobre et <strong>Julien Dor\u00e9<\/strong> le 11 octobre. Le rappeur <strong>SDM<\/strong> passera par le z\u00e9nith le 31 octobre, et <strong>Trois Caf\u00e9s Gourmands<\/strong> sera \u00e0 la m\u00eame date salle Poirel. <strong>Ben Mazu\u00e9<\/strong> se produira \u00e0 l&rsquo;Espace Chaudeau de Ludres le 25 septembre.<\/p>\n<p>Pour la rentr\u00e9e, l&rsquo;Autre Canal lance sa saison avec 4 jours d\u2019ouverture, gratuits ou tout petits prix, du mercredi 17 au samedi 20 septembre. On a rep\u00e9r\u00e9 notamment ces deux temps forts : pour les enfants d\u00e8s 6 ans, un go\u00fbter sonore gratuit avec le groupe Jaguare Affair. Pour les \u00e9tudiants\u00a0: la soir\u00e9e \u00ab\u00a0Dinguerie\u00a0\u00bb pour f\u00eater comme il se doit la rentr\u00e9e dans une ambiance survolt\u00e9e et bienveillante, avec de nombreux artistes et des animations comme le loto d\u00e9jant\u00e9 et les speedfriending.\u00a0<\/p>\n<p>Au <a href=\"https:\/\/www.estrepublicain.fr\/p\/galaxie-d-amneville\" target=\"_blank\" rel=\"noopener\">Galaxie d&rsquo;Amn\u00e9ville<\/a>,<strong>\u00a0Lara Fabian <\/strong>montera sur\u00a0sc\u00e8ne le 4 octobre, puis <strong>Gims<\/strong>\u00a0le 29 octobre\u00a0et\u00a0<strong>Santa <\/strong>le 30 octobre.<\/p>\n<ul class=\"galerieContent carousel-wrapper__slides\" id=\"bc61f3f5-1bef-4359-9031-8d02f6f1fe4b\">        &#13;<\/p>\n<li class=\"carousel-wrapper__slides--slide item\" id=\"slide-1\">&#13;<br \/>\n                                    &#13;<br \/>\n                        <a class=\"chocolat-image GA-tracking\" data-ga_type=\"click\" data-ga_category=\"D\u00e9tail\" data-ga_action=\"zoomer\" data-ga_label=\"aggrandir image\" href=\"https:\/\/cdn-s-www.estrepublicain.fr\/images\/95d85021-af98-4492-8675-8682e61708ff\/NW_raw\/julien-dore-en-concert-lors-de-la-76e-edition-du-festival-de-la-foire-aux-vins-de-colmar-photo-lionel-vadam-1753734131.jpg\" title=\"Julien Dor\u00e9 en concert lors de la 76e \u00e9dition du festival de la Foire aux Vins de Colmar. Photo Lionel Vadam\" target=\"_blank\" rel=\"noopener\">&#13;<br \/>\n                            <img decoding=\"async\" src=\"https:\/\/www.europesays.com\/fr\/wp-content\/uploads\/2025\/09\/julien-dore-en-concert-lors-de-la-76e-edition-du-festival-de-la-foire-aux-vins-de-colmar-photo-lione.jpeg\"   alt=\"Julien Dor\u00e9 en concert lors de la 76e \u00e9dition du festival de la Foire aux Vins de Colmar. Photo Lionel Vadam\" fetchpriority=\"high\" data-mobile=\"NW_listA_M|1753734131\" data-base=\"NW_listA|1753734131\"\/>&#13;<br \/>\n                        <\/a>&#13;<\/p>\n<p>Julien Dor\u00e9 en concert lors de la 76e \u00e9dition du festival de la Foire aux Vins de Colmar. Photo Lionel Vadam<\/p>\n<p>                        &#13;<br \/>\n                                           &#13;\n                <\/li>\n<p>&#13;<br \/>\n            &#13;<\/p>\n<li class=\"carousel-wrapper__slides--slide item slideWithPub\" id=\"slide-2\">&#13;<br \/>\n                        &#13;<br \/>\n                            <a class=\"chocolat-image\" title=\"Publicit\u00e9\" href=\"data:image\/gif;base64,R0lGODlhAQABAAD\/ACwAAAAAAQABAAACADs=\">&#13;<br \/>\n                                <img decoding=\"async\" src=\"data:image\/gif;base64,R0lGODlhAQABAAD\/ACwAAAAAAQABAAACADs=\" alt=\"Publicit\u00e9\" loading=\"lazy\" fetchpriority=\"low\"\/>&#13;<br \/>\n                            <\/a>&#13;<br \/>\n                        &#13;\n                    <\/li>\n<p>&#13;<\/p>\n<li class=\"carousel-wrapper__slides--slide item\" id=\"slide-3\">&#13;<br \/>\n                                    &#13;<br \/>\n                        <a class=\"chocolat-image GA-tracking\" data-ga_type=\"click\" data-ga_category=\"D\u00e9tail\" data-ga_action=\"zoomer\" data-ga_label=\"aggrandir image\" href=\"https:\/\/cdn-s-www.estrepublicain.fr\/images\/b63b1c7f-e50b-4ed6-859d-5a8e38d91467\/NW_raw\/gims-sur-la-scene-de-l-amphitheatre-du-zenith-du-grand-nancy-en-2022-photo-alexandre-marchi-1656793375.jpg\" title=\"GIMS sur la sc\u00e8ne de l&#039;amphith\u00e9\u00e2tre du Z\u00e9nith du Grand Nancy en 2022. Photo Alexandre Marchi\" target=\"_blank\" rel=\"noopener\">&#13;<br \/>\n                            <img decoding=\"async\" src=\"https:\/\/www.europesays.com\/fr\/wp-content\/uploads\/2025\/09\/gims-sur-la-scene-de-l-amphitheatre-du-zenith-du-grand-nancy-en-2022-photo-alexandre-marchi-17434131.jpeg\"   alt=\"GIMS sur la sc\u00e8ne de l'amphith\u00e9\u00e2tre du Z\u00e9nith du Grand Nancy en 2022. Photo Alexandre Marchi\" loading=\"lazy\" fetchpriority=\"low\" data-mobile=\"NW_listA_M|1656793375\" data-base=\"NW_listA|1743413192\"\/>&#13;<br \/>\n                        <\/a>&#13;<\/p>\n<p>GIMS sur la sc\u00e8ne de l&rsquo;amphith\u00e9\u00e2tre du Z\u00e9nith du Grand Nancy en 2022. Photo Alexandre Marchi<\/p>\n<p>                        &#13;<br \/>\n                                           &#13;\n                <\/li>\n<p>&#13;<br \/>\n            &#13;<\/p>\n<li class=\"carousel-wrapper__slides--slide item\" id=\"slide-4\">&#13;<br \/>\n                                    &#13;<br \/>\n                        <a class=\"chocolat-image GA-tracking\" data-ga_type=\"click\" data-ga_category=\"D\u00e9tail\" data-ga_action=\"zoomer\" data-ga_label=\"aggrandir image\" href=\"https:\/\/cdn-s-www.estrepublicain.fr\/images\/63f2dc30-5b3d-486a-9c57-3956ffb3683c\/NW_raw\/le-concert-de-santa-lors-de-la-76e-edition-du-festival-de-la-foire-aux-vins-de-colmar-photo-lionel-vadam-1753821402.jpg\" title=\"Le concert de Santa lors de la 76e \u00e9dition du festival de la Foire aux Vins de Colmar. Photo Lionel Vadam\" target=\"_blank\" rel=\"noopener\">&#13;<br \/>\n                            <img decoding=\"async\" src=\"https:\/\/www.europesays.com\/fr\/wp-content\/uploads\/2025\/09\/le-concert-de-santa-lors-de-la-76e-edition-du-festival-de-la-foire-aux-vins-de-colmar-photo-lionel-v.jpeg\"   alt=\"Le concert de Santa lors de la 76e \u00e9dition du festival de la Foire aux Vins de Colmar. Photo Lionel Vadam\" loading=\"lazy\" fetchpriority=\"low\" data-mobile=\"NW_listA_M|1753821402\" data-base=\"NW_listA|1753821402\"\/>&#13;<br \/>\n                        <\/a>&#13;<\/p>\n<p>Le concert de Santa lors de la 76e \u00e9dition du festival de la Foire aux Vins de Colmar. Photo Lionel Vadam<\/p>\n<p>                        &#13;<br \/>\n                                           &#13;\n                <\/li>\n<p>&#13;<br \/>\n            &#13;\n                <\/ul>\n<p>  A Nancy, le Livre sur la Place\u00a0souffle ses 47 bougies<\/p>\n<p>Le premier salon litt\u00e9raire de la rentr\u00e9e se tiendra du vendredi 12 au dimanche 14 septembre\u00a0sur la place de la Carri\u00e8re \u00e0 Nancy. Plus de 40 lieux de programmation, 130 000 visiteurs attendus, et 550 auteurs en d\u00e9dicaces dont 237 en programmation&#8230; <a href=\"https:\/\/www.estrepublicain.fr\/culture-loisirs\/2025\/08\/27\/livre-sur-la-place-2025-a-nancy-ces-personnalites-attendues-pour-cette-47e-edition\" target=\"_blank\" rel=\"noopener\">Cette ann\u00e9e, de grands noms<\/a>\u00a0sont attendus comme Kamel Daoud, Anne Sinclair, Le\u00efla Slimani, Jean-Marie-Gustave Le Cl\u00e9zio,\u00a0Christine Angot, Nicolas Demorand, Antoine de Caunes, Rapha\u00ebl Quenard,\u00a0Mathias Malzieu, Maia Mazaurette&#8230;\u00a0Le pr\u00e9sident <a href=\"https:\/\/www.estrepublicain.fr\/culture-loisirs\/2023\/09\/01\/auteurs-programme-dedicaces-l-indispensable-guide-pratique-du-livre-sur-la-place-de-nancy\" target=\"_blank\" rel=\"noopener\">de cette 457e \u00e9dition<\/a> est\u00a0Guillaume Gallienne, acteur, r\u00e9alisateur, \u00e9crivain et soci\u00e9taire de la Com\u00e9die fran\u00e7aise.\u00a0\u00a0<\/p>\n<p>    &#13;<br \/>\n    &#13;<br \/>\n    &#13;<br \/>\n    <a href=\"https:\/\/cdn-s-www.estrepublicain.fr\/images\/c1ae49ce-912a-4047-9c59-b1041e405393\/NW_raw\/le-livre-sur-la-place-premier-salon-national-de-la-rentree-litteraire-avec-son-chapiteau-au-centre-de-la-place-de-la-carriere-photo-er-alexandre-marchi-1631372606.jpg\" title=\"Le Livre sur la Place, premier salon national de la rentr\u00e9e litt\u00e9raire, avec son chapiteau au centre de la place de la Carri\u00e8re. Photo ER\/Alexandre MARCHI\" class=\"chocolat-image GA-tracking\" data-ga_type=\"click\" data-ga_category=\"D\u00e9tail\" data-ga_action=\"zoomer\" data-ga_label=\"aggrandir image\" target=\"_blank\" rel=\"noopener\">&#13;<br \/>\n        <img src=\"https:\/\/www.europesays.com\/fr\/wp-content\/uploads\/2025\/09\/le-livre-sur-la-place-premier-salon-national-de-la-rentree-litteraire-avec-son-chapiteau-au-centre-d.jpeg\"   alt=\"Le Livre sur la Place, premier salon national de la rentr\u00e9e litt\u00e9raire, avec son chapiteau au centre de la place de la Carri\u00e8re. Photo ER\/Alexandre MARCHI\" fetchpriority=\"high\" decoding=\"async\" data-mobile=\"NW_listA_M|1631372606\" data-base=\"NW_listA|1743413192\"\/>&#13;<br \/>\n    <\/a>&#13;<\/p>\n<p>Le Livre sur la Place, premier salon national de la rentr\u00e9e litt\u00e9raire, avec son chapiteau au centre de la place de la Carri\u00e8re. Photo ER\/Alexandre MARCHI<\/p>\n<p>        &#13;<br \/>\n          <a href=\"https:\/\/cdn-s-www.estrepublicain.fr\/images\/bb87ecb7-f7cf-4296-a1f6-1da57de91b12\/NW_raw\/la-porte-des-allemands-1723222396.jpg\" title=\"La porte des Allemands\" class=\"chocolat-image GA-tracking\" data-ga_type=\"click\" data-ga_category=\"D\u00e9tail\" data-ga_action=\"zoomer\" data-ga_label=\"agrandir image\" target=\"_blank\" rel=\"noopener\">&#13;<br \/>\n            <img loading=\"lazy\" decoding=\"async\" src=\"https:\/\/www.europesays.com\/fr\/wp-content\/uploads\/2025\/09\/la-porte-des-allemands-1723222396.jpg\" alt=\"La porte des Allemands\"\/>&#13;<br \/>\n          <\/a>&#13;<br \/>\n          &#13;<\/p>\n<p class=\"insetTitle\">Les journ\u00e9es du patrimoine, les 20 et 21 septembre<\/p>\n<p>Partez \u00e0 la d\u00e9couverte\u00a0de\u00a0toute la richesse des villes lorraines lors des journ\u00e9es europ\u00e9ennes du patrimoine. Le programme est riche \u00a0:\u00a0<\/p>\n<p>A <strong>Metz<\/strong>, visitez le Centre Pompidou, l&rsquo;Arsenal, la Porte des Allemands, ou profitez d&rsquo;une multitude d&rsquo;activit\u00e9s organis\u00e9es un peu partout dans la ville.\u00a0A <strong>Nancy<\/strong>,\u00a0c&rsquo;est l&rsquo;occasion d&rsquo;en apprendre plus sur\u00a0l\u2019\u00c9cole de Nancy, qui fait la renomm\u00e9e de la ville dans le monde de l&rsquo;art. A <strong>Verdun<\/strong>, l&rsquo;Office du Tourisme organise plusieurs visites guid\u00e9es th\u00e9matiques, et le M\u00e9morial de Verdun et le Fort de Douaumont vous ouvrent leurs portes gratuitement.\u00a0<\/p>\n<p>&gt;\u00a0<a href=\"https:\/\/journeesdupatrimoine.culture.gouv.fr\/programme#\/\" target=\"_blank\" rel=\"noopener\">D\u00e9couvrez le programme complet des journ\u00e9es du patrimoine dans votre commune sur le site officiel<\/a>.\u00a0<\/p>\n<p>  Le Festival international de g\u00e9ographie de Saint-Di\u00e9-des-Vosges<\/p>\n<p>Chaque automne,\u00a0le FIG fe\u0302te la ge\u0301ographie et accueille plus de 40 000 personnes \u00e0 Saint-Di\u00e9-des-Vosges.\u00a0Ce sont plus de 300 invite\u0301s, ge\u0301ographes, e\u0301crivains, philosophes, artistes, dessinateurs qui investissent les lieux pendant 3 jours, <strong>du 3 au 5 octobre.<\/strong> Cette ann\u00e9e, <a href=\"https:\/\/www.vosgesmatin.fr\/culture-loisirs\/2024\/10\/06\/indonesie-et-pouvoir-au-menu-du-festival-international-de-geographie-2025-de-saint-die\" target=\"_blank\" rel=\"noopener\">le th\u00e8me est d\u00e9di\u00e9<\/a> au \u00ab pouvoir \u00bb, et le pays invit\u00e9 est l&rsquo;Indon\u00e9sie. <\/p>\n<p><a href=\"https:\/\/www.vosgesmatin.fr\/culture-loisirs\/2025\/07\/17\/saint-die-quelles-personnalites-seront-presentes-au-festival-international-de-geographie\" target=\"_blank\" rel=\"noopener\">Feront partie des invit\u00e9s<\/a>\u00a0\u00a0l\u2019ancienne ministre C\u00e9cile Duflot,\u00a0Michel Bussi, l\u2019un des auteurs pr\u00e9f\u00e9r\u00e9s des Fran\u00e7ais,\u00a0Edwy Plenel, cofondateur de Mediapart,\u00a0Matthieu Ricard , moine bouddhiste et photographe&#8230; Val\u00e9rie Masson-Delmotte, climatologue fran\u00e7aise qui a longtemps fait partie du GIEC, sera la pr\u00e9sidente de ce FIG 2025.\u00a0<\/p>\n<p>    &#13;<br \/>\n    &#13;<br \/>\n    &#13;<br \/>\n    <a href=\"https:\/\/cdn-s-www.estrepublicain.fr\/images\/c141efdc-b659-4f41-b3e2-871c86436b83\/NW_raw\/photo-d-archives-jerome-humbrecht-1475760745.jpg\" title=\"\u00a0Photo d\u2019archives J\u00e9r\u00f4me HUMBRECHT\" class=\"chocolat-image GA-tracking\" data-ga_type=\"click\" data-ga_category=\"D\u00e9tail\" data-ga_action=\"zoomer\" data-ga_label=\"aggrandir image\" target=\"_blank\" rel=\"noopener\">&#13;<br \/>\n        <img src=\"https:\/\/www.europesays.com\/fr\/wp-content\/uploads\/2025\/09\/photo-d-archives-jerome-humbrecht-1743413192.jpg\"   alt=\"\u00a0Photo d\u2019archives J\u00e9r\u00f4me HUMBRECHT\" fetchpriority=\"high\" decoding=\"async\" data-mobile=\"NW_listA_M|1475760745\" data-base=\"NW_listA|1743413192\"\/>&#13;<br \/>\n    <\/a>&#13;<\/p>\n<p>\u00a0Photo d\u2019archives J\u00e9r\u00f4me HUMBRECHT<\/p>\n<p>        &#13;<br \/>\n          <a href=\"https:\/\/cdn-s-www.estrepublicain.fr\/images\/9c9baa1d-4959-422a-9c3a-66ed2baf52af\/NW_raw\/une-vague-rose-de-marcheurs-et-de-coureurs-a-deferle-sur-nancy-l-annee-derniere-photos-er-patrice-saucourt-1665927712.jpg\" title=\"Une vague rose de marcheurs et de coureurs a d\u00e9ferl\u00e9 sur Nancy l&#039;ann\u00e9e derni\u00e8re. Photos ER \/Patrice SAUCOURT\" class=\"chocolat-image GA-tracking\" data-ga_type=\"click\" data-ga_category=\"D\u00e9tail\" data-ga_action=\"zoomer\" data-ga_label=\"agrandir image\" target=\"_blank\" rel=\"noopener\">&#13;<br \/>\n            <img loading=\"lazy\" decoding=\"async\" src=\"https:\/\/www.europesays.com\/fr\/wp-content\/uploads\/2025\/09\/une-vague-rose-de-marcheurs-et-de-coureurs-a-deferle-sur-nancy-l-annee-derniere-photos-er-patrice-sa.jpeg\" alt=\"Une vague rose de marcheurs et de coureurs a d\u00e9ferl\u00e9 sur Nancy l'ann\u00e9e derni\u00e8re. Photos ER \/Patrice SAUCOURT\"\/>&#13;<br \/>\n          <\/a>&#13;<br \/>\n          &#13;<\/p>\n<p class=\"insetTitle\">Les courses d&rsquo;Octobre Rose en Lorraine<\/p>\n<p>Comme chaque ann\u00e9e, une foule d&rsquo;animations sont organis\u00e9es \u00e0 travers la Lorraine pour soutenir Octobre rose, ce mois de mobilisation nationale contre le cancer du sein. Des dizaines de milliers de Lorrains participent aux courses et aux marches. Nancy, Bar-le-Duc, Lun\u00e9ville, Saint-Avold, Sarrebourg, Saint-Di\u00e9&#8230; A vos inscriptions\u00a0!<\/p>\n<p>  La Foire internationale de Metz f\u00eate ses 90 ans<\/p>\n<p>La <a href=\"https:\/\/www.republicain-lorrain.fr\/culture-loisirs\/foire-internationale-de-metz\" target=\"_blank\" rel=\"noopener\">Foire Internationale de Metz<\/a> est de retour <strong>du 26 septembre au\u00a06 octobre 2025\u00a0<\/strong>au\u00a0parc des expos de Metz et c&rsquo;est une ann\u00e9e sp\u00e9ciale puisqu&rsquo;elle f\u00eate ses 90 ans\u00a0! Pour l&rsquo;occasion, l&rsquo;\u00e9v\u00e9nement soufflera ses bougies avec un th\u00e8me festif : \u00ab\u00a090 ans de chansons fran\u00e7aises\u00a0\u00bb. <\/p>\n<p>Pr\u00e8s de\u00a0550 stands s&rsquo;exposent pendant onze jours lors de cet\u00a0\u00e9v\u00e9nement <a href=\"https:\/\/www.republicain-lorrain.fr\/culture-loisirs\/2025\/07\/13\/la-foire-internationale-de-metz-souffle-ses-90-bougies-un-evenement-dans-son-esprit-d-antan\" target=\"_blank\" rel=\"noopener\">commer\u00e7ant, convivial et familial<\/a>. Concerts, orchestres, karaok\u00e9 g\u00e9ant, th\u00e9 dansant, ateliers participatifs&#8230; Le programme sera riche en animations.\u00a0<\/p>\n<p>    &#13;<br \/>\n    &#13;<br \/>\n    &#13;<br \/>\n    <a href=\"https:\/\/cdn-s-www.estrepublicain.fr\/images\/5013e66d-b521-464e-a7da-970962fc5d0b\/NW_raw\/la-foire-internationale-de-metz-au-parc-des-expos-photo-rl-gilles-wirtz-1695972542.jpg\" title=\"La Foire Internationale de Metz au parc des expos. Photo RL \/Gilles WIRTZ\" class=\"chocolat-image GA-tracking\" data-ga_type=\"click\" data-ga_category=\"D\u00e9tail\" data-ga_action=\"zoomer\" data-ga_label=\"aggrandir image\" target=\"_blank\" rel=\"noopener\">&#13;<br \/>\n        <img src=\"https:\/\/www.europesays.com\/fr\/wp-content\/uploads\/2025\/09\/la-foire-internationale-de-metz-au-parc-des-expos-photo-rl-gilles-wirtz-1743413192.jpg\"   alt=\"La Foire Internationale de Metz au parc des expos. Photo RL \/Gilles WIRTZ\" fetchpriority=\"high\" decoding=\"async\" data-mobile=\"NW_listA_M|1695972542\" data-base=\"NW_listA|1743413192\"\/>&#13;<br \/>\n    <\/a>&#13;<\/p>\n<p>La Foire Internationale de Metz au parc des expos. Photo RL \/Gilles WIRTZ<\/p>\n<p>  La reprise du SLUC Nancy en\u00a0championnat<\/p>\n<p>Pour la quatri\u00e8me ann\u00e9e cons\u00e9cutive, <a href=\"https:\/\/www.estrepublicain.fr\/sport\/2025\/08\/17\/l-heure-de-la-reprise-a-sonne-pour-les-joueurs-du-sluc-nancy\" target=\"_blank\" rel=\"noopener\">le SLUC Nancy fait sa rentr\u00e9e<\/a> dans la meilleure division du basket fran\u00e7ais. L&rsquo;\u00e9quipe fera sa premi\u00e8re \u00e0 l&rsquo;ext\u00e9rieur contre Lyon-Villeurbanne le 28 septembre. Pour go\u00fbter \u00e0 l&rsquo;ambiance de folie du palais des sports de Gentilly, il faudra prendre sa place <strong>le 4 octobre<\/strong> avec Bourg-en-Bresse comme adversaire.\u00a0<\/p>\n<ul class=\"galerieContent carousel-wrapper__slides\" id=\"c969502f-d1dd-4527-8ddb-7d35173c14bb\">        &#13;<\/p>\n<li class=\"carousel-wrapper__slides--slide item\" id=\"slide-1\">&#13;<br \/>\n                                    &#13;<br \/>\n                        <a class=\"chocolat-image GA-tracking\" data-ga_type=\"click\" data-ga_category=\"D\u00e9tail\" data-ga_action=\"zoomer\" data-ga_label=\"aggrandir image\" href=\"https:\/\/cdn-s-www.estrepublicain.fr\/images\/4b16f1b3-1b67-434d-b62f-60998382c5a8\/NW_raw\/l-ultime-match-de-la-precedente-saison-du-sluc-le-20-mai-2025-photo-cedric-jacquot-1747776016.jpg\" title=\"L&#039;ultime match de la pr\u00e9c\u00e9dente saison du SLUC,\u00a0le 20 mai 2025. Photo C\u00e9dric Jacquot\u00a0\" target=\"_blank\" rel=\"noopener\">&#13;<br \/>\n                            <img decoding=\"async\" src=\"https:\/\/www.europesays.com\/fr\/wp-content\/uploads\/2025\/09\/l-ultime-match-de-la-precedente-saison-du-sluc-le-20-mai-2025-photo-cedric-jacquot-1747776016.jpg\"   alt=\"L'ultime match de la pr\u00e9c\u00e9dente saison du SLUC,\u00a0le 20 mai 2025. Photo C\u00e9dric Jacquot\u00a0\" fetchpriority=\"high\" data-mobile=\"NW_listA_M|1747776016\" data-base=\"NW_listA|1747776016\"\/>&#13;<br \/>\n                        <\/a>&#13;<\/p>\n<p>L&rsquo;ultime match de la pr\u00e9c\u00e9dente saison du SLUC,\u00a0le 20 mai 2025. Photo C\u00e9dric Jacquot\u00a0<\/p>\n<p>                        &#13;<br \/>\n                                           &#13;\n                <\/li>\n<p>&#13;<br \/>\n            &#13;<\/p>\n<li class=\"carousel-wrapper__slides--slide item slideWithPub\" id=\"slide-2\">&#13;<br \/>\n                        &#13;<br \/>\n                            <a class=\"chocolat-image\" title=\"Publicit\u00e9\" href=\"data:image\/gif;base64,R0lGODlhAQABAAD\/ACwAAAAAAQABAAACADs=\">&#13;<br \/>\n                                <img decoding=\"async\" src=\"data:image\/gif;base64,R0lGODlhAQABAAD\/ACwAAAAAAQABAAACADs=\" alt=\"Publicit\u00e9\" loading=\"lazy\" fetchpriority=\"low\"\/>&#13;<br \/>\n                            <\/a>&#13;<br \/>\n                        &#13;\n                    <\/li>\n<p>&#13;<\/p>\n<li class=\"carousel-wrapper__slides--slide item\" id=\"slide-3\">&#13;<br \/>\n                                    &#13;<br \/>\n                        <a class=\"chocolat-image GA-tracking\" data-ga_type=\"click\" data-ga_category=\"D\u00e9tail\" data-ga_action=\"zoomer\" data-ga_label=\"aggrandir image\" href=\"https:\/\/cdn-s-www.estrepublicain.fr\/images\/3184b8eb-3577-4e9a-97ca-86993a38551b\/NW_raw\/les-pom-pom-girls-du-sluc-nancy-photo-cedric-jacquot-1746216831.jpg\" title=\"Les pom-pom girls du Sluc Nancy. Photo C\u00e9dric Jacquot\" target=\"_blank\" rel=\"noopener\">&#13;<br \/>\n                            <img decoding=\"async\" src=\"https:\/\/www.europesays.com\/fr\/wp-content\/uploads\/2025\/09\/les-pom-pom-girls-du-sluc-nancy-photo-cedric-jacquot-1746216831.jpg\"   alt=\"Les pom-pom girls du Sluc Nancy. Photo C\u00e9dric Jacquot\" loading=\"lazy\" fetchpriority=\"low\" data-mobile=\"NW_listA_M|1746216831\" data-base=\"NW_listA|1746216831\"\/>&#13;<br \/>\n                        <\/a>&#13;<\/p>\n<p>Les pom-pom girls du Sluc Nancy. Photo C\u00e9dric Jacquot<\/p>\n<p>                        &#13;<br \/>\n                                           &#13;\n                <\/li>\n<p>&#13;<br \/>\n            &#13;<\/p>\n<li class=\"carousel-wrapper__slides--slide item\" id=\"slide-4\">&#13;<br \/>\n                                    &#13;<br \/>\n                        <a class=\"chocolat-image GA-tracking\" data-ga_type=\"click\" data-ga_category=\"D\u00e9tail\" data-ga_action=\"zoomer\" data-ga_label=\"aggrandir image\" href=\"https:\/\/cdn-s-www.estrepublicain.fr\/images\/54a39be4-4bc9-4119-becb-d475feda37c4\/NW_raw\/toujours-une-chaude-ambiance-au-palais-des-sports-jean-weille-de-gentilly-photo-alexandre-marchi-1745095894.jpg\" title=\"Toujours une chaude ambiance au palais des sports Jean Weille de Gentilly.\u00a0Photo Alexandre Marchi\" target=\"_blank\" rel=\"noopener\">&#13;<br \/>\n                            <img decoding=\"async\" src=\"https:\/\/www.europesays.com\/fr\/wp-content\/uploads\/2025\/09\/toujours-une-chaude-ambiance-au-palais-des-sports-jean-weille-de-gentilly-photo-alexandre-marchi-174.jpeg\"   alt=\"Toujours une chaude ambiance au palais des sports Jean Weille de Gentilly.\u00a0Photo Alexandre Marchi\" loading=\"lazy\" fetchpriority=\"low\" data-mobile=\"NW_listA_M|1745095894\" data-base=\"NW_listA|1745095894\"\/>&#13;<br \/>\n                        <\/a>&#13;<\/p>\n<p>Toujours une chaude ambiance au palais des sports Jean Weille de Gentilly.\u00a0Photo Alexandre Marchi<\/p>\n<p>                        &#13;<br \/>\n                                           &#13;\n                <\/li>\n<p>&#13;<br \/>\n            &#13;\n                <\/ul>\n<p>  \u00a0L&rsquo;\u00e9lection de Miss Lorraine \u00e0\u00a0Amn\u00e9ville<\/p>\n<p>Le zoo d&rsquo;Amn\u00e9ville\u00a0accueille\u00a0pour la deuxi\u00e8me fois cons\u00e9cutive\u00a0l&rsquo;\u00e9lection de Miss Lorraine <strong>le\u00a011 octobre 2025<\/strong>. Les 16 candidates d\u00e9fileront devant\u00a0un millier de spectateurs, dans plusieurs tableaux spectaculaires sur le th\u00e8me de Disney.\u00a0La gagnante repr\u00e9sentera la r\u00e9gion au concours Miss France 2026\u00a0qui se d\u00e9roulera\u00a0en d\u00e9cembre. Alors, qui succ\u00e8dera \u00e0 <a href=\"https:\/\/www.estrepublicain.fr\/societe\/2024\/10\/13\/miss-lorraine-2024-revivez-le-sacre-d-assia-roosz-tomenti-a-amneville-en-images\" target=\"_blank\" rel=\"noopener\">la Meurthe-et-Mosellane Assia Roosz-Tomenti, Miss Lorraine 2024<\/a>\u00a0?<\/p>\n<ul class=\"galerieContent carousel-wrapper__slides\" id=\"bc21f2b9-70a5-4fcb-9842-b32e3652cbd7\">        &#13;<\/p>\n<li class=\"carousel-wrapper__slides--slide item\" id=\"slide-1\">&#13;<br \/>\n                                    &#13;<br \/>\n                        <a class=\"chocolat-image GA-tracking\" data-ga_type=\"click\" data-ga_category=\"D\u00e9tail\" data-ga_action=\"zoomer\" data-ga_label=\"aggrandir image\" href=\"https:\/\/cdn-s-www.estrepublicain.fr\/images\/c612f52b-8168-4d8e-b664-fdec24947c97\/NW_raw\/la-villeruptienne-assia-roosz-tomenti-25-ans-elue-miss-lorraine-2024-photo-frederic-lecocq-1728877402.jpg\" title=\"La Villeruptienne Assia Roosz-Tomenti, 25 ans, \u00e9lue Miss Lorraine 2024. Photo Fr\u00e9d\u00e9ric Lecocq\" target=\"_blank\" rel=\"noopener\">&#13;<br \/>\n                            <img decoding=\"async\" src=\"https:\/\/www.europesays.com\/fr\/wp-content\/uploads\/2025\/09\/la-villeruptienne-assia-roosz-tomenti-25-ans-elue-miss-lorraine-2024-photo-frederic-lecocq-174341319.jpeg\"   alt=\"La Villeruptienne Assia Roosz-Tomenti, 25 ans, \u00e9lue Miss Lorraine 2024. Photo Fr\u00e9d\u00e9ric Lecocq\" fetchpriority=\"high\" data-mobile=\"NW_listA_M|1728877402\" data-base=\"NW_listA|1743413192\"\/>&#13;<br \/>\n                        <\/a>&#13;<\/p>\n<p>La Villeruptienne Assia Roosz-Tomenti, 25 ans, \u00e9lue Miss Lorraine 2024. Photo Fr\u00e9d\u00e9ric Lecocq<\/p>\n<p>                        &#13;<br \/>\n                                           &#13;\n                <\/li>\n<p>&#13;<br \/>\n            &#13;<\/p>\n<li class=\"carousel-wrapper__slides--slide item slideWithPub\" id=\"slide-2\">&#13;<br \/>\n                        &#13;<br \/>\n                            <a class=\"chocolat-image\" title=\"Publicit\u00e9\" href=\"data:image\/gif;base64,R0lGODlhAQABAAD\/ACwAAAAAAQABAAACADs=\">&#13;<br \/>\n                                <img decoding=\"async\" src=\"data:image\/gif;base64,R0lGODlhAQABAAD\/ACwAAAAAAQABAAACADs=\" alt=\"Publicit\u00e9\" loading=\"lazy\" fetchpriority=\"low\"\/>&#13;<br \/>\n                            <\/a>&#13;<br \/>\n                        &#13;\n                    <\/li>\n<p>&#13;<\/p>\n<li class=\"carousel-wrapper__slides--slide item\" id=\"slide-3\">&#13;<br \/>\n                                    &#13;<br \/>\n                        <a class=\"chocolat-image GA-tracking\" data-ga_type=\"click\" data-ga_category=\"D\u00e9tail\" data-ga_action=\"zoomer\" data-ga_label=\"aggrandir image\" href=\"https:\/\/cdn-s-www.estrepublicain.fr\/images\/34f7f331-f3f9-4ef9-b822-5eb6ebdfaa00\/NW_raw\/la-villeruptienne-assia-roosz-tomenti-25-ans-elue-miss-lorraine-2024-photo-frederic-lecocq-page-4-1734030226.jpg\" title=\"La Villeruptienne Assia Roosz-Tomenti, 25 ans, \u00e9lue Miss Lorraine 2024. Photo\u00a0Fr\u00e9d\u00e9ric Lecocq Page\u00a04\" target=\"_blank\" rel=\"noopener\">&#13;<br \/>\n                            <img decoding=\"async\" src=\"https:\/\/www.europesays.com\/fr\/wp-content\/uploads\/2025\/09\/la-villeruptienne-assia-roosz-tomenti-25-ans-elue-miss-lorraine-2024-photo-frederic-lecocq-page-4-17.jpeg\"   alt=\"La Villeruptienne Assia Roosz-Tomenti, 25 ans, \u00e9lue Miss Lorraine 2024. Photo\u00a0Fr\u00e9d\u00e9ric Lecocq Page\u00a04\" loading=\"lazy\" fetchpriority=\"low\" data-mobile=\"NW_listA_M|1734030226\" data-base=\"NW_listA|1743413192\"\/>&#13;<br \/>\n                        <\/a>&#13;<\/p>\n<p>La Villeruptienne Assia Roosz-Tomenti, 25 ans, \u00e9lue Miss Lorraine 2024. Photo\u00a0Fr\u00e9d\u00e9ric Lecocq Page\u00a04<\/p>\n<p>                        &#13;<br \/>\n                                           &#13;\n                <\/li>\n<p>&#13;<br \/>\n            &#13;\n                <\/ul>\n<p>  Les Nancy Jazz Pulsations<\/p>\n<p>Oxmo Puccino, Deluxe, Groundation, Morcheeba, Solann et Ad\u00e8le Castillon&#8230;\u00a0Le festival iconique de Nancy<a href=\"https:\/\/www.estrepublicain.fr\/culture-loisirs\/2025\/06\/12\/nancy-jazz-pulsations-2025-la-programmation-est-devoilee\" target=\"_blank\" rel=\"noopener\"> revient\u00a0du 5 au 18 octobre 2025<\/a>. Entre habitu\u00e9s et nouvelles t\u00eates,\u00a0les NJP proposeront\u00a0plus de 150 concerts dans un m\u00e9lange de styles et de genres qui caract\u00e9rise l\u2019\u00e9v\u00e9nement.<\/p>\n<ul class=\"galerieContent carousel-wrapper__slides\" id=\"bfc28794-707e-44bc-af14-c109bd04937e\">        &#13;<\/p>\n<li class=\"carousel-wrapper__slides--slide item\" id=\"slide-1\">&#13;<br \/>\n                                    &#13;<br \/>\n                        <a class=\"chocolat-image GA-tracking\" data-ga_type=\"click\" data-ga_category=\"D\u00e9tail\" data-ga_action=\"zoomer\" data-ga_label=\"aggrandir image\" href=\"https:\/\/cdn-s-www.estrepublicain.fr\/images\/ac9cf4ce-1ab0-4a73-9e89-4e2e9cfa0d51\/NW_raw\/oxmo-puccino-etait-venu-aux-njp-en-2009-photo-patrice-saucourt-1506439716.jpg\" title=\"Oxmo Puccino \u00e9tait venu aux NJP en 2009. Photo Patrice Saucourt\" target=\"_blank\" rel=\"noopener\">&#13;<br \/>\n                            <img decoding=\"async\" src=\"https:\/\/www.europesays.com\/fr\/wp-content\/uploads\/2025\/09\/oxmo-puccino-etait-venu-aux-njp-en-2009-photo-patrice-saucourt-1743413192.jpg\"   alt=\"Oxmo Puccino \u00e9tait venu aux NJP en 2009. Photo Patrice Saucourt\" fetchpriority=\"high\" data-mobile=\"NW_listA_M|1506439716\" data-base=\"NW_listA|1743413192\"\/>&#13;<br \/>\n                        <\/a>&#13;<\/p>\n<p>Oxmo Puccino \u00e9tait venu aux NJP en 2009. Photo Patrice Saucourt<\/p>\n<p>                        &#13;<br \/>\n                                           &#13;\n                <\/li>\n<p>&#13;<br \/>\n            &#13;<\/p>\n<li class=\"carousel-wrapper__slides--slide item slideWithPub\" id=\"slide-2\">&#13;<br \/>\n                        &#13;<br \/>\n                            <a class=\"chocolat-image\" title=\"Publicit\u00e9\" href=\"data:image\/gif;base64,R0lGODlhAQABAAD\/ACwAAAAAAQABAAACADs=\">&#13;<br \/>\n                                <img decoding=\"async\" src=\"data:image\/gif;base64,R0lGODlhAQABAAD\/ACwAAAAAAQABAAACADs=\" alt=\"Publicit\u00e9\" loading=\"lazy\" fetchpriority=\"low\"\/>&#13;<br \/>\n                            <\/a>&#13;<br \/>\n                        &#13;\n                    <\/li>\n<p>&#13;<\/p>\n<li class=\"carousel-wrapper__slides--slide item\" id=\"slide-3\">&#13;<br \/>\n                                    &#13;<br \/>\n                        <a class=\"chocolat-image GA-tracking\" data-ga_type=\"click\" data-ga_category=\"D\u00e9tail\" data-ga_action=\"zoomer\" data-ga_label=\"aggrandir image\" href=\"https:\/\/cdn-s-www.estrepublicain.fr\/images\/7d25cb86-b2d6-41dd-ab6e-569b30b19ec1\/NW_raw\/le-groupe-pop-electro-funk-deluxe-s-etait-produit-au-njp-en-2019-photo-er-cedric-jacquot-1686411685.jpg\" title=\"Le groupe pop-\u00e9lectro-funk Deluxe s\u2019\u00e9tait produit au NJP en 2019.\u00a0 Photo ER \/Cedric JACQUOT\" target=\"_blank\" rel=\"noopener\">&#13;<br \/>\n                            <img decoding=\"async\" src=\"https:\/\/www.europesays.com\/fr\/wp-content\/uploads\/2025\/09\/le-groupe-pop-electro-funk-deluxe-s-etait-produit-au-njp-en-2019-photo-er-cedric-jacquot-1743413192..jpeg\"   alt=\"Le groupe pop-\u00e9lectro-funk Deluxe s\u2019\u00e9tait produit au NJP en 2019.\u00a0 Photo ER \/Cedric JACQUOT\" loading=\"lazy\" fetchpriority=\"low\" data-mobile=\"NW_listA_M|1686411685\" data-base=\"NW_listA|1743413192\"\/>&#13;<br \/>\n                        <\/a>&#13;<\/p>\n<p>Le groupe pop-\u00e9lectro-funk Deluxe s\u2019\u00e9tait produit au NJP en 2019.\u00a0 Photo ER \/Cedric JACQUOT<\/p>\n<p>                        &#13;<br \/>\n                                           &#13;\n                <\/li>\n<p>&#13;<br \/>\n            &#13;<\/p>\n<li class=\"carousel-wrapper__slides--slide item\" id=\"slide-4\">&#13;<br \/>\n                                    &#13;<br \/>\n                        <a class=\"chocolat-image GA-tracking\" data-ga_type=\"click\" data-ga_category=\"D\u00e9tail\" data-ga_action=\"zoomer\" data-ga_label=\"aggrandir image\" href=\"https:\/\/cdn-s-www.estrepublicain.fr\/images\/6797d4d0-ae7d-46fe-8e35-6882a459e6f5\/NW_raw\/etoile-montante-de-la-pop-francaise-solann-a-recu-la-victoire-de-la-musique-de-la-revelation-feminine-en-2025-photo-lionel-vadam-1756807102.jpg\" title=\"Etoile montante de la pop fran\u00e7aise, Solann a re\u00e7u la Victoire de la musique de la r\u00e9v\u00e9lation f\u00e9minine en 2025.\u00a0Photo Lionel Vadam\" target=\"_blank\" rel=\"noopener\">&#13;<br \/>\n                            <img decoding=\"async\" src=\"https:\/\/www.europesays.com\/fr\/wp-content\/uploads\/2025\/09\/etoile-montante-de-la-pop-francaise-solann-a-recu-la-victoire-de-la-musique-de-la-revelation-feminin.jpeg\"   alt=\"Etoile montante de la pop fran\u00e7aise, Solann a re\u00e7u la Victoire de la musique de la r\u00e9v\u00e9lation f\u00e9minine en 2025.\u00a0Photo Lionel Vadam\" loading=\"lazy\" fetchpriority=\"low\" data-mobile=\"NW_listA_M|1756807102\" data-base=\"NW_listA|1756807102\"\/>&#13;<br \/>\n                        <\/a>&#13;<\/p>\n<p>Etoile montante de la pop fran\u00e7aise, Solann a re\u00e7u la Victoire de la musique de la r\u00e9v\u00e9lation f\u00e9minine en 2025.\u00a0Photo Lionel Vadam<\/p>\n<p>                        &#13;<br \/>\n                                           &#13;\n                <\/li>\n<p>&#13;<br \/>\n            &#13;\n                <\/ul>\n<p>        &#13;<br \/>\n          <a href=\"https:\/\/cdn-s-www.estrepublicain.fr\/images\/e6d780d4-b403-4bde-bdeb-cd75032cc030\/NW_raw\/vue-aerienne-du-jardin-ephemere-sur-le-theme-terre-ou-desert-en-2020-photo-er-c2images-1600376051.jpg\" title=\"Vue a\u00e9rienne du jardin \u00e9ph\u00e9m\u00e8re sur le th\u00e8me Terre ou D\u00e9sert ? en 2020. Photo ER\/C2IMAGES\" class=\"chocolat-image GA-tracking\" data-ga_type=\"click\" data-ga_category=\"D\u00e9tail\" data-ga_action=\"zoomer\" data-ga_label=\"agrandir image\" target=\"_blank\" rel=\"noopener\">&#13;<br \/>\n            <img loading=\"lazy\" decoding=\"async\" src=\"https:\/\/www.europesays.com\/fr\/wp-content\/uploads\/2025\/09\/vue-aerienne-du-jardin-ephemere-sur-le-theme-terre-ou-desert-en-2020-photo-er-c2images-1600376051.jp.jpeg\" alt=\"Vue a\u00e9rienne du jardin \u00e9ph\u00e9m\u00e8re sur le th\u00e8me Terre ou D\u00e9sert ? en 2020. Photo ER\/C2IMAGES\"\/>&#13;<br \/>\n          <\/a>&#13;<br \/>\n          &#13;<\/p>\n<p class=\"insetTitle\">Les jardins \u00e9ph\u00e9m\u00e8res de la place Stanislas et de la place de la Com\u00e9die \u00e0 Nancy et Metz<\/p>\n<p>Qui dit octobre, dit jardin \u00e9ph\u00e9m\u00e8re.\u00a0Tous les ans, pendant un mois,\u00a0la <a href=\"https:\/\/www.estrepublicain.fr\/p\/place-stanislas\" target=\"_blank\" rel=\"noopener\">place Stanislas<\/a> de <strong>Nancy<\/strong> se transforme en havre de verdure pendant le Jardin Eph\u00e9m\u00e8re. L&rsquo;art d\u00e9co sera <a href=\"https:\/\/www.estrepublicain.fr\/culture-loisirs\/2023\/09\/27\/nancy-jardin-ephemere-la-place-stanislas-nancy-les-6-choses-a-savoir\" target=\"_blank\" rel=\"noopener\">au centre de la sc\u00e9nographie du 22e jardin<\/a>.\u00a0<strong>Du\u00a03 octobre au 2 novembre 2025.<\/strong><\/p>\n<p>A <strong>Metz<\/strong>, le jardin \u00e9ph\u00e9m\u00e8re de la place de la Com\u00e9die s&rsquo;inscrit dans le cadre du festival Constellations. Il est donc d\u00e9j\u00e0 visible,\u00a0<strong>depuis\u00a0le 25 juin jusqu&rsquo;\u00e0 la mi-octobre 2025<\/strong>.\u00a0Cette ann\u00e9e, les jardiniers\u00a0ont ont cr\u00e9\u00e9 <a href=\"https:\/\/www.republicain-lorrain.fr\/culture-loisirs\/2025\/06\/25\/avec-le-jardin-ephemere-la-place-de-la-comedie-devient-un-lieu-verdoyant-et-rafraichissant\" target=\"_blank\" rel=\"noopener\">un jardin qui joue avec les \u00e9motions<\/a>.\u00a0<\/p>\n<p>\u00a0<\/p>\n<p>  Le proc\u00e8s XXL Aristophil, la plus grande escroquerie \u00e0 l&rsquo;\u00e9pargne en France cr\u00e9\u00e9 par un Lorrain<\/p>\n<p><a href=\"https:\/\/www.estrepublicain.fr\/faits-divers-justice\/2025\/08\/31\/aristophil-avant-un-proces-hors-norme-l-histoire-de-la-plus-grande-escroquerie-a-l-epargne-en-france-creee-par-le-lorrain-gerard-lheritier\" target=\"_blank\" rel=\"noopener\">Le proc\u00e8s hors norme du plus grand scandale \u00e0 l\u2019\u00e9pargne<\/a> en France, touchant 32 000\u2002personnes dont 4 772 se sont constitu\u00e9es partie civile, aura lieu <strong>du 8 septembre au 3 octobre 2025<\/strong>.<\/p>\n<p>Si ce proc\u00e8s XXL se tiendra \u00e0 Paris, il met en cause un Lorrain, G\u00e9rard Lh\u00e9ritier, fondateur et pr\u00e9sident de la soci\u00e9t\u00e9\u00a0Aristophil,\u00a0qui proposait aux particuliers d\u2019investir dans des manuscrits et lettres historiques avec la promesse d\u2019importantes plus-values. Il est accus\u00e9 de pratiques commerciales frauduleuses voire, pour certains, d\u2019escroquerie en bande organis\u00e9e. Le pr\u00e9judice d\u00e9passe le milliard d\u2019euros.<\/p>\n<p>    &#13;<br \/>\n    &#13;<br \/>\n    &#13;<br \/>\n    <a href=\"https:\/\/cdn-s-www.estrepublicain.fr\/images\/5721ed79-c150-4dd3-bd6a-b36b6d3baa10\/NW_raw\/le-marche-des-lettres-et-manuscrits-est-au-coeur-du-dossier-1756815761.jpg\" title=\"Le march\u00e9 des lettres et manuscrits est au c\u0153ur du dossier.\" class=\"chocolat-image GA-tracking\" data-ga_type=\"click\" data-ga_category=\"D\u00e9tail\" data-ga_action=\"zoomer\" data-ga_label=\"aggrandir image\" target=\"_blank\" rel=\"noopener\">&#13;<br \/>\n        <img src=\"https:\/\/www.europesays.com\/fr\/wp-content\/uploads\/2025\/09\/le-marche-des-lettres-et-manuscrits-est-au-coeur-du-dossier-1756815761.jpg\"   alt=\"Le march\u00e9 des lettres et manuscrits est au c\u0153ur du dossier.\" fetchpriority=\"high\" decoding=\"async\" data-mobile=\"NW_listA_M|1756815761\" data-base=\"NW_listA|1756815761\"\/>&#13;<br \/>\n    <\/a>&#13;<\/p>\n<p>Le march\u00e9 des lettres et manuscrits est au c\u0153ur du dossier.<\/p>\n","protected":false},"excerpt":{"rendered":"Julien Dor\u00e9, Gims, Santa : les concerts \u00e0 Nancy et Amn\u00e9ville Au Z\u00e9nith de Nancy, ce sont les&hellip;\n","protected":false},"author":2,"featured_media":362394,"comment_status":"","ping_status":"","sticky":false,"template":"","format":"standard","meta":{"footnotes":""},"categories":[9635],"tags":[1111,11,1687,3602,1707,1704,14384,1705,10174,1777,674,107,1011,27,775,20065,3457,1702,12,3456,25],"class_list":{"0":"post-362393","1":"post","2":"type-post","3":"status-publish","4":"format-standard","5":"has-post-thumbnail","7":"category-nancy","8":"tag-actu","9":"tag-actualites","10":"tag-culture-loisirs","11":"tag-edition-bar-le-duc","12":"tag-edition-luneville","13":"tag-edition-nancy-et-agglomeration","14":"tag-edition-pontarlier-haut-doubs","15":"tag-edition-toul","16":"tag-edition-verdun","17":"tag-eu","18":"tag-europe","19":"tag-fil-info","20":"tag-fr","21":"tag-france","22":"tag-grand-est","23":"tag-magazine-tourisme-et-patrimoine","24":"tag-meurthe-et-moselle","25":"tag-nancy","26":"tag-news","27":"tag-region-lorraine","28":"tag-republique-francaise"},"share_on_mastodon":{"url":"https:\/\/pubeurope.com\/@fr\/115138458743070418","error":""},"_links":{"self":[{"href":"https:\/\/www.europesays.com\/fr\/wp-json\/wp\/v2\/posts\/362393","targetHints":{"allow":["GET"]}}],"collection":[{"href":"https:\/\/www.europesays.com\/fr\/wp-json\/wp\/v2\/posts"}],"about":[{"href":"https:\/\/www.europesays.com\/fr\/wp-json\/wp\/v2\/types\/post"}],"author":[{"embeddable":true,"href":"https:\/\/www.europesays.com\/fr\/wp-json\/wp\/v2\/users\/2"}],"replies":[{"embeddable":true,"href":"https:\/\/www.europesays.com\/fr\/wp-json\/wp\/v2\/comments?post=362393"}],"version-history":[{"count":0,"href":"https:\/\/www.europesays.com\/fr\/wp-json\/wp\/v2\/posts\/362393\/revisions"}],"wp:featuredmedia":[{"embeddable":true,"href":"https:\/\/www.europesays.com\/fr\/wp-json\/wp\/v2\/media\/362394"}],"wp:attachment":[{"href":"https:\/\/www.europesays.com\/fr\/wp-json\/wp\/v2\/media?parent=362393"}],"wp:term":[{"taxonomy":"category","embeddable":true,"href":"https:\/\/www.europesays.com\/fr\/wp-json\/wp\/v2\/categories?post=362393"},{"taxonomy":"post_tag","embeddable":true,"href":"https:\/\/www.europesays.com\/fr\/wp-json\/wp\/v2\/tags?post=362393"}],"curies":[{"name":"wp","href":"https:\/\/api.w.org\/{rel}","templated":true}]}}