{"id":362395,"date":"2025-09-03T04:23:22","date_gmt":"2025-09-03T04:23:22","guid":{"rendered":"https:\/\/www.europesays.com\/fr\/362395\/"},"modified":"2025-09-03T04:23:22","modified_gmt":"2025-09-03T04:23:22","slug":"nancy-marche-pour-gaza-samedi-6-septembre-%f0%9f%94%b4-info-libertaire","status":"publish","type":"post","link":"https:\/\/www.europesays.com\/fr\/362395\/","title":{"rendered":"[Nancy] Marche pour Gaza samedi 6 septembre \u2013 \ud83d\udd34 Info Libertaire"},"content":{"rendered":"<p>\ud83d\udccdRDV \u00e0 14h30 au Centre Commercial Les Nations \u00e0 Vandoeuvre, direction Place Stanislas \u00e0 Nancy, soit pr\u00e8s de 8km de trajet \ud83c\udfaf\ud83d\udc4c\ud83c\udffd<\/p>\n<p>Venons \u00e9quip\u00e9s : drapeaux \ud83c\uddf5\ud83c\uddf8, keffiehs, casseroles, panneaux, sans oublier notre d\u00e9termination et notre humanit\u00e9 \u2026 \ud83c\udf49\ud83e\udd0d<\/p>\n<p>Avec @afpssud54 @baf_nancy @jeunesinsoumisdenancy @lfi.nancy.haussonville @bdsnancy54 @npa.nancy54 @melp_54000 @blousesblanchesgaza @bdsnancy54 @npa.nancy54 @federationsyndicaleunitaire54 @ancrage_nancy et Collectif Toulois contre la statue Bigeard<\/p>\n<p> <a href=\"https:\/\/manif-est.info\/IMG\/jpg\/post540386364_17913485559178677_4680848693246185544_n.jpg\" class=\"fond mediabox\" data-photo-w=\"480\" data-photo-h=\"854\" rel=\"nofollow noopener\" target=\"_blank\"> <img decoding=\"async\" alt=\"\" src=\"IMG\/jpg\/post540386364_17913485559178677_4680848693246185544_n.jpg\" data-l=\"480\" data-h=\"854\" data-tailles=\"[\" data-autorisees=\"{\" class=\"image_responsive\" style=\"max-width:500px;max-height:10000px\" data-pagespeed-url-hash=\"3511690351\" onload=\"pagespeed.CriticalImages.checkImageForCriticality(this);\"\/> <\/a> <\/p>\n","protected":false},"excerpt":{"rendered":"\ud83d\udccdRDV \u00e0 14h30 au Centre Commercial Les Nations \u00e0 Vandoeuvre, direction Place Stanislas \u00e0 Nancy, soit pr\u00e8s de&hellip;\n","protected":false},"author":2,"featured_media":362396,"comment_status":"","ping_status":"","sticky":false,"template":"","format":"standard","meta":{"footnotes":""},"categories":[9635],"tags":[1111,11,1777,674,1011,27,775,1702,12,25],"class_list":{"0":"post-362395","1":"post","2":"type-post","3":"status-publish","4":"format-standard","5":"has-post-thumbnail","7":"category-nancy","8":"tag-actu","9":"tag-actualites","10":"tag-eu","11":"tag-europe","12":"tag-fr","13":"tag-france","14":"tag-grand-est","15":"tag-nancy","16":"tag-news","17":"tag-republique-francaise"},"share_on_mastodon":{"url":"https:\/\/pubeurope.com\/@fr\/115138462020968837","error":""},"_links":{"self":[{"href":"https:\/\/www.europesays.com\/fr\/wp-json\/wp\/v2\/posts\/362395","targetHints":{"allow":["GET"]}}],"collection":[{"href":"https:\/\/www.europesays.com\/fr\/wp-json\/wp\/v2\/posts"}],"about":[{"href":"https:\/\/www.europesays.com\/fr\/wp-json\/wp\/v2\/types\/post"}],"author":[{"embeddable":true,"href":"https:\/\/www.europesays.com\/fr\/wp-json\/wp\/v2\/users\/2"}],"replies":[{"embeddable":true,"href":"https:\/\/www.europesays.com\/fr\/wp-json\/wp\/v2\/comments?post=362395"}],"version-history":[{"count":0,"href":"https:\/\/www.europesays.com\/fr\/wp-json\/wp\/v2\/posts\/362395\/revisions"}],"wp:featuredmedia":[{"embeddable":true,"href":"https:\/\/www.europesays.com\/fr\/wp-json\/wp\/v2\/media\/362396"}],"wp:attachment":[{"href":"https:\/\/www.europesays.com\/fr\/wp-json\/wp\/v2\/media?parent=362395"}],"wp:term":[{"taxonomy":"category","embeddable":true,"href":"https:\/\/www.europesays.com\/fr\/wp-json\/wp\/v2\/categories?post=362395"},{"taxonomy":"post_tag","embeddable":true,"href":"https:\/\/www.europesays.com\/fr\/wp-json\/wp\/v2\/tags?post=362395"}],"curies":[{"name":"wp","href":"https:\/\/api.w.org\/{rel}","templated":true}]}}