{"id":362401,"date":"2025-09-03T04:26:21","date_gmt":"2025-09-03T04:26:21","guid":{"rendered":"https:\/\/www.europesays.com\/fr\/362401\/"},"modified":"2025-09-03T04:26:21","modified_gmt":"2025-09-03T04:26:21","slug":"il-venait-de-faire-une-livraison-par-drone-a-la-prison-de-villeneuve-les-maguelone-les-gendarmes-linterpellent-en-pleine-nuit","status":"publish","type":"post","link":"https:\/\/www.europesays.com\/fr\/362401\/","title":{"rendered":"Il venait de faire une livraison par drone \u00e0 la prison de Villeneuve-l\u00e8s-Maguelone\u00a0: les gendarmes l\u2019interpellent en pleine nuit"},"content":{"rendered":"<p>\n                                                                Dans la nuit de dimanche \u00e0 lundi 1er\u00a0septembre, les gendarmes de la compagnie de Castelnau-le-Lez ont aper\u00e7u un drone volant au-dessus de la maison d\u2019arr\u00eat de Villeneuve-l\u00e8s-Maguelone, pr\u00e8s de Montpellier. En le suivant, ils ont retrouv\u00e9 et interpell\u00e9 son pilote.\n                            <\/p>\n<p>Un individu qui effectuait des livraisons par drone pour des d\u00e9tenus de la maison d\u2019arr\u00eat de Villeneuve-l\u00e8s-Maguelone, aux portes de Montpellier, a \u00e9t\u00e9 interpell\u00e9 par les gendarmes dans la nuit de dimanche \u00e0 lundi 1er\u00a0septembre peu avant 1 h du matin.<\/p>\n<p>Les gendarmes suivent le vol retour du drone<\/p>\n<p>Une patrouille de nuit de la compagnie de Castelnau-le-Lez a rep\u00e9r\u00e9 l\u2019engin volant au-dessus de la prison et apportant un colis. En suivant son itin\u00e9raire retour, en voiture puis \u00e0 pied dans un chemin, les militaires sont parvenus jusqu\u2019au pilote.<\/p>\n<p>Cigarettes, t\u00e9l\u00e9phones<\/p>\n<p>Celui-ci avait dissimul\u00e9, dans un buisson, son drone et des batteries qui ont \u00e9t\u00e9 saisis. Il \u00e9tait aussi en possession de six autres paquets contenant des cigarettes et des t\u00e9l\u00e9phones portables destin\u00e9s \u00e0 \u00eatre achemin\u00e9s aupr\u00e8s de prisonniers.<\/p>\n<p>Ce Montpelli\u00e9rain de 19 ans a reconnu les faits.\u00a0Il a \u00e9t\u00e9 d\u00e9f\u00e9r\u00e9 ce mardi 2\u00a0septembre au tribunal judiciaire de Montpellier. Laiss\u00e9 libre, il est convoqu\u00e9 ce mercredi 3\u00a0septembre devant le tribunal correctionnel en vue d\u2019une comparution imm\u00e9diate.<\/p>\n<p>Dans la nuit de samedi \u00e0 dimanche 31\u00a0ao\u00fbt, <a href=\"https:\/\/www.midilibre.fr\/2025\/08\/29\/deux-individus-interpelles-avec-des-drones-a-proximite-de-la-maison-darret-de-villeneuve-les-maguelone-12898423.php\" target=\"_blank\" rel=\"nofollow noopener\">les gendarmes avaient d\u00e9j\u00e0 interpell\u00e9, \u00e0 proximit\u00e9 du centre p\u00e9nitentiaire de Villeneuve-l\u00e8s-Maguelone<\/a>, deux individus qui semblaient en rep\u00e9rage en vue de futures livraisons par drone.<\/p>\n","protected":false},"excerpt":{"rendered":"Dans la nuit de dimanche \u00e0 lundi 1er\u00a0septembre, les gendarmes de la compagnie de Castelnau-le-Lez ont aper\u00e7u un&hellip;\n","protected":false},"author":2,"featured_media":362402,"comment_status":"","ping_status":"","sticky":false,"template":"","format":"standard","meta":{"footnotes":""},"categories":[9599],"tags":[1111,11,1777,674,1011,27,2208,12,2680,25],"class_list":{"0":"post-362401","1":"post","2":"type-post","3":"status-publish","4":"format-standard","5":"has-post-thumbnail","7":"category-montpellier","8":"tag-actu","9":"tag-actualites","10":"tag-eu","11":"tag-europe","12":"tag-fr","13":"tag-france","14":"tag-montpellier","15":"tag-news","16":"tag-occitanie","17":"tag-republique-francaise"},"share_on_mastodon":{"url":"https:\/\/pubeurope.com\/@fr\/115138473776177982","error":""},"_links":{"self":[{"href":"https:\/\/www.europesays.com\/fr\/wp-json\/wp\/v2\/posts\/362401","targetHints":{"allow":["GET"]}}],"collection":[{"href":"https:\/\/www.europesays.com\/fr\/wp-json\/wp\/v2\/posts"}],"about":[{"href":"https:\/\/www.europesays.com\/fr\/wp-json\/wp\/v2\/types\/post"}],"author":[{"embeddable":true,"href":"https:\/\/www.europesays.com\/fr\/wp-json\/wp\/v2\/users\/2"}],"replies":[{"embeddable":true,"href":"https:\/\/www.europesays.com\/fr\/wp-json\/wp\/v2\/comments?post=362401"}],"version-history":[{"count":0,"href":"https:\/\/www.europesays.com\/fr\/wp-json\/wp\/v2\/posts\/362401\/revisions"}],"wp:featuredmedia":[{"embeddable":true,"href":"https:\/\/www.europesays.com\/fr\/wp-json\/wp\/v2\/media\/362402"}],"wp:attachment":[{"href":"https:\/\/www.europesays.com\/fr\/wp-json\/wp\/v2\/media?parent=362401"}],"wp:term":[{"taxonomy":"category","embeddable":true,"href":"https:\/\/www.europesays.com\/fr\/wp-json\/wp\/v2\/categories?post=362401"},{"taxonomy":"post_tag","embeddable":true,"href":"https:\/\/www.europesays.com\/fr\/wp-json\/wp\/v2\/tags?post=362401"}],"curies":[{"name":"wp","href":"https:\/\/api.w.org\/{rel}","templated":true}]}}