{"id":362403,"date":"2025-09-03T04:27:12","date_gmt":"2025-09-03T04:27:12","guid":{"rendered":"https:\/\/www.europesays.com\/fr\/362403\/"},"modified":"2025-09-03T04:27:12","modified_gmt":"2025-09-03T04:27:12","slug":"evacuation-du-bidonville-de-la-jasse-de-maurin","status":"publish","type":"post","link":"https:\/\/www.europesays.com\/fr\/362403\/","title":{"rendered":"\u00e9vacuation du bidonville de la Jasse de Maurin\u00a0"},"content":{"rendered":"<p>\n\t\t\t\t\t\t\t\tJeudi dernier, le bidonville install\u00e9 sur le site de la Jasse de Maurin, en zone inondable \u00e0 Montpellier, a \u00e9t\u00e9 \u00e9vacu\u00e9. Hier, le pr\u00e9fet de l\u2019H\u00e9rault et le maire de la ville ont rappel\u00e9 la feuille de route commune visant la disparition de l\u2019ensemble des bidonvilles d\u2019ici dix ans.\n\t\t\t\t\t\t\t<\/p>\n<p>Implant\u00e9 en zone inondable, le site dit de la Jasse de Maurin pr\u00e9sentait des dangers pour ses occupants. L\u2019\u00e9vacuation a \u00e9t\u00e9 men\u00e9e jeudi dernier sous l\u2019autorit\u00e9 de la pr\u00e9fecture. En tout, 91 personnes, dont 36 enfants, y vivaient encore.<\/p>\n<p><strong>Des solutions de logement transitoires<\/strong><\/p>\n<p>Selon la pr\u00e9fecture, l\u2019ensemble des habitants a pu b\u00e9n\u00e9ficier d\u2019une solution de logement transitoire. Ces h\u00e9bergements doivent permettre une stabilisation de la situation des familles en attendant la mise en place d\u2019une solution durable, annonc\u00e9e dans un d\u00e9lai maximum de 24 mois.<\/p>\n<p><img loading=\"lazy\" decoding=\"async\" width=\"1536\" height=\"2048\" src=\"https:\/\/www.europesays.com\/fr\/wp-content\/uploads\/2025\/09\/540921399_1082010187438483_6057628194873897469_n.webp.webp\" alt=\"540921399 1082010187438483 6057628194873897469 n\" class=\"wp-image-237530\"  \/><\/p>\n<p><strong>Une strat\u00e9gie sur dix ans<\/strong><\/p>\n<p>Le pr\u00e9fet de l\u2019H\u00e9rault et le maire de Montpellier ont soulign\u00e9 leur volont\u00e9 commune de r\u00e9sorber l\u2019ensemble des bidonvilles pr\u00e9sents sur la commune \u00e0 horizon de dix ans. Ce travail s\u2019appuie sur la mobilisation de l\u2019\u00c9tat, de la ville et d\u2019associations locales.<\/p>\n<p><strong>Un tiers du chemin parcouru<\/strong><\/p>\n<p>D\u2019apr\u00e8s les chiffres communiqu\u00e9s, il reste actuellement 12 bidonvilles \u00e0 r\u00e9sorber, regroupant 441 personnes. La pr\u00e9fecture estime qu\u2019un tiers du travail est d\u00e9j\u00e0 accompli. Les autorit\u00e9s ont insist\u00e9 sur la poursuite de l\u2019action dans un esprit de partenariat et de continuit\u00e9.<\/p>\n<p><img loading=\"lazy\" decoding=\"async\" width=\"1536\" height=\"2048\" src=\"https:\/\/www.europesays.com\/fr\/wp-content\/uploads\/2025\/09\/541146191_1082010170771818_1348362860267814427_n.webp.webp\" alt=\"541146191 1082010170771818 1348362860267814427 n\" class=\"wp-image-237531\"  \/><\/p>\n","protected":false},"excerpt":{"rendered":"Jeudi dernier, le bidonville install\u00e9 sur le site de la Jasse de Maurin, en zone inondable \u00e0 Montpellier,&hellip;\n","protected":false},"author":2,"featured_media":362404,"comment_status":"","ping_status":"","sticky":false,"template":"","format":"standard","meta":{"footnotes":""},"categories":[9599],"tags":[1111,11,1777,674,1011,27,2208,12,2680,25],"class_list":{"0":"post-362403","1":"post","2":"type-post","3":"status-publish","4":"format-standard","5":"has-post-thumbnail","7":"category-montpellier","8":"tag-actu","9":"tag-actualites","10":"tag-eu","11":"tag-europe","12":"tag-fr","13":"tag-france","14":"tag-montpellier","15":"tag-news","16":"tag-occitanie","17":"tag-republique-francaise"},"share_on_mastodon":{"url":"https:\/\/pubeurope.com\/@fr\/115138477750812714","error":""},"_links":{"self":[{"href":"https:\/\/www.europesays.com\/fr\/wp-json\/wp\/v2\/posts\/362403","targetHints":{"allow":["GET"]}}],"collection":[{"href":"https:\/\/www.europesays.com\/fr\/wp-json\/wp\/v2\/posts"}],"about":[{"href":"https:\/\/www.europesays.com\/fr\/wp-json\/wp\/v2\/types\/post"}],"author":[{"embeddable":true,"href":"https:\/\/www.europesays.com\/fr\/wp-json\/wp\/v2\/users\/2"}],"replies":[{"embeddable":true,"href":"https:\/\/www.europesays.com\/fr\/wp-json\/wp\/v2\/comments?post=362403"}],"version-history":[{"count":0,"href":"https:\/\/www.europesays.com\/fr\/wp-json\/wp\/v2\/posts\/362403\/revisions"}],"wp:featuredmedia":[{"embeddable":true,"href":"https:\/\/www.europesays.com\/fr\/wp-json\/wp\/v2\/media\/362404"}],"wp:attachment":[{"href":"https:\/\/www.europesays.com\/fr\/wp-json\/wp\/v2\/media?parent=362403"}],"wp:term":[{"taxonomy":"category","embeddable":true,"href":"https:\/\/www.europesays.com\/fr\/wp-json\/wp\/v2\/categories?post=362403"},{"taxonomy":"post_tag","embeddable":true,"href":"https:\/\/www.europesays.com\/fr\/wp-json\/wp\/v2\/tags?post=362403"}],"curies":[{"name":"wp","href":"https:\/\/api.w.org\/{rel}","templated":true}]}}