{"id":362407,"date":"2025-09-03T04:32:25","date_gmt":"2025-09-03T04:32:25","guid":{"rendered":"https:\/\/www.europesays.com\/fr\/362407\/"},"modified":"2025-09-03T04:32:25","modified_gmt":"2025-09-03T04:32:25","slug":"municipales-2026-jean-noel-beviere-est-candidat-a-sa-succession","status":"publish","type":"post","link":"https:\/\/www.europesays.com\/fr\/362407\/","title":{"rendered":"Municipales 2026. Jean-No\u00ebl B\u00e9vi\u00e8re est candidat \u00e0 sa succession"},"content":{"rendered":"<p>Le courrier est parti lundi 25\u00a0ao\u00fbt 2025. Les 1\u00a0800\u00a0foyers d\u2019Argentr\u00e9-du-Plessis (Ille-et-Vilaine) ont \u00e9t\u00e9 inform\u00e9s de la volont\u00e9 de l\u2019actuel maire, Jean-No\u00ebl B\u00e9vi\u00e8re, de pr\u00e9senter une liste aux \u00e9lections municipales de mars\u00a02026. <strong>\u00ab\u00a0Cette d\u00e9cision a \u00e9t\u00e9 le fruit d\u2019une r\u00e9flexion pendant l\u2019\u00e9t\u00e9, je pense que c\u2019est sain de l\u2019avoir\u00a0\u00bb,<\/strong> explique celui qui occupe le si\u00e8ge de maire depuis octobre\u00a02015, et <a href=\"http:\/\/www.vitre.maville.com\/actu\/actudet_-argentre-du-plessis-daniel-bausson-le-maire-demissionne_52704-2808856_actu.Htm\" target=\"_blank\" rel=\"nofollow noopener\">la d\u00e9mission du pr\u00e9c\u00e9dent maire en cours de mandat<\/a>.<\/p>\n<p>\u00c2g\u00e9 de 55\u00a0ans et directeur de l\u2019\u00e9cole Jean-XXIII de Vitr\u00e9, depuis quinze ans, il est<strong> \u00ab\u00a0motiv\u00e9 \u00e0 continuer l\u2019action engag\u00e9e \u00e0 Argentr\u00e9-du-Plessis ces derni\u00e8res ann\u00e9es. <\/strong> <strong>Il reste beaucoup \u00e0 faire et \u00e0 am\u00e9liorer pour embellir notre commune\u00a0\u00bb.<\/strong><\/p>\n<p>Une \u00e9quipe \u00ab\u00a0ouverte et sans \u00e9tiquette\u00a0\u00bb<\/p>\n<p>Le candidat a pr\u00e9vu d\u2019organiser dans les prochaines semaines des ateliers th\u00e9matiques avec les habitants pour co-construire son programme. <strong>\u00ab\u00a0J\u2019ai envie de prendre les propositions des habitants sur des sujets comme la s\u00e9curit\u00e9 et la tranquillit\u00e9 publique, l\u2019acc\u00e8s \u00e0 la sant\u00e9, l\u2019am\u00e9nagement urbain ou encore la pr\u00e9servation de l\u2019environnement. C\u2019est le moment du dialogue. Je resterai bien s\u00fbr soucieux des finances.\u00a0\u00bb<\/strong><\/p>\n<p>C\u2019est la premi\u00e8re fois que Jean-No\u00ebl B\u00e9vi\u00e8re propose ce format de campagne. <strong>\u00ab\u00a0En 2020, je n\u2019avais pas fait d\u2019ateliers ouverts au public. J\u2019ai envie de construire un projet ensemble. <\/strong>  <strong>En d\u00e9but d\u2019ann\u00e9e, je pr\u00e9senterai ce qui a \u00e9t\u00e9 retenu, et ensuite seulement je constituerai une liste avec des gens qui adh\u00e8rent au programme.\u00a0\u00bb <\/strong> Une liste qu\u2019il souhaite <strong>\u00ab\u00a0ouverte et sans \u00e9tiquette\u00a0\u00bb<\/strong>. <strong>\u00ab\u00a0Ce sera une \u00e9quipe renouvel\u00e9e puisque certains \u00e9lus ont d\u00e9j\u00e0 fait part de leur souhait d\u2019arr\u00eater.\u00a0\u00bb<\/strong><\/p>\n<p>\u00a0<\/p>\n","protected":false},"excerpt":{"rendered":"Le courrier est parti lundi 25\u00a0ao\u00fbt 2025. Les 1\u00a0800\u00a0foyers d\u2019Argentr\u00e9-du-Plessis (Ille-et-Vilaine) ont \u00e9t\u00e9 inform\u00e9s de la volont\u00e9 de&hellip;\n","protected":false},"author":2,"featured_media":362408,"comment_status":"","ping_status":"","sticky":false,"template":"","format":"standard","meta":{"footnotes":""},"categories":[2821],"tags":[5734,1111,11,49748,829,426,1777,674,1011,27,6286,3554,12,584,25,16667],"class_list":{"0":"post-362407","1":"post","2":"type-post","3":"status-publish","4":"format-standard","5":"has-post-thumbnail","7":"category-rennes","8":"tag-5734","9":"tag-actu","10":"tag-actualites","11":"tag-beviere","12":"tag-bretagne","13":"tag-candidat","14":"tag-eu","15":"tag-europe","16":"tag-fr","17":"tag-france","18":"tag-jean-noel","19":"tag-municipales","20":"tag-news","21":"tag-rennes","22":"tag-republique-francaise","23":"tag-succession"},"share_on_mastodon":{"url":"https:\/\/pubeurope.com\/@fr\/115138497324560934","error":""},"_links":{"self":[{"href":"https:\/\/www.europesays.com\/fr\/wp-json\/wp\/v2\/posts\/362407","targetHints":{"allow":["GET"]}}],"collection":[{"href":"https:\/\/www.europesays.com\/fr\/wp-json\/wp\/v2\/posts"}],"about":[{"href":"https:\/\/www.europesays.com\/fr\/wp-json\/wp\/v2\/types\/post"}],"author":[{"embeddable":true,"href":"https:\/\/www.europesays.com\/fr\/wp-json\/wp\/v2\/users\/2"}],"replies":[{"embeddable":true,"href":"https:\/\/www.europesays.com\/fr\/wp-json\/wp\/v2\/comments?post=362407"}],"version-history":[{"count":0,"href":"https:\/\/www.europesays.com\/fr\/wp-json\/wp\/v2\/posts\/362407\/revisions"}],"wp:featuredmedia":[{"embeddable":true,"href":"https:\/\/www.europesays.com\/fr\/wp-json\/wp\/v2\/media\/362408"}],"wp:attachment":[{"href":"https:\/\/www.europesays.com\/fr\/wp-json\/wp\/v2\/media?parent=362407"}],"wp:term":[{"taxonomy":"category","embeddable":true,"href":"https:\/\/www.europesays.com\/fr\/wp-json\/wp\/v2\/categories?post=362407"},{"taxonomy":"post_tag","embeddable":true,"href":"https:\/\/www.europesays.com\/fr\/wp-json\/wp\/v2\/tags?post=362407"}],"curies":[{"name":"wp","href":"https:\/\/api.w.org\/{rel}","templated":true}]}}