{"id":362409,"date":"2025-09-03T04:33:11","date_gmt":"2025-09-03T04:33:11","guid":{"rendered":"https:\/\/www.europesays.com\/fr\/362409\/"},"modified":"2025-09-03T04:33:11","modified_gmt":"2025-09-03T04:33:11","slug":"a-rennes-cette-nouvelle-pratique-est-adoptee-par-les-chauffeurs-de-bus-pour-la-rentree","status":"publish","type":"post","link":"https:\/\/www.europesays.com\/fr\/362409\/","title":{"rendered":"\u00c0 Rennes, cette nouvelle pratique est adopt\u00e9e par les chauffeurs de bus pour la rentr\u00e9e"},"content":{"rendered":"<p>            Par<br \/>\n        <strong><br \/>\n            <a href=\"https:\/\/actu.fr\/auteur\/brian-legoff\" title=\"Consulter tous les articles de Brian Le Goff\" target=\"_blank\" rel=\"noopener\">Brian Le Goff<\/a><br \/>\n        <\/strong><\/p>\n<p>        Publi\u00e9 le<\/p>\n<p>            3 sept. 2025 \u00e0 6h02        <\/p>\n<p>Vous l\u2019avez peut-\u00eatre remarqu\u00e9, ou le remarquerez la prochaine fois que vous serez \u00e0 un arr\u00eat de bus. Depuis lundi 1\u1d49\u02b3 septembre, il n\u2019est<strong> plus n\u00e9cessaire de faire signe aux chauffeurs<\/strong>. Auparavant, il fallait en effet signifier d\u2019un geste de la main sa volont\u00e9 de monter dans le bus. C\u2019est une nouveaut\u00e9 sur le <a href=\"https:\/\/actu.fr\/tag\/reseau-star\" target=\"_blank\" rel=\"noopener\">r\u00e9seau Star<\/a> \u00e0 Rennes. Le but ? Rendre toujours plus accessible le service, avance Keolis.\u00a0<\/p>\n<p class=\" wall-content\">Chaque bus marquera ainsi syst\u00e9matiquement l\u2019arr\u00eat d\u00e8s lors qu\u2019un usager sera pr\u00e9sent \u00e0 la station.<\/p>\n<p>\u00ab\u00a0Pr\u00e9parer l\u2019arriv\u00e9e des trambus\u00a0\u00bb<\/p>\n<p class=\" wall-content\">\u00ab\u00a0C\u2019\u00e9tait une<strong> demande des associations repr\u00e9sentant les personnes en situation de handicap<\/strong> avec qui l\u2019on travaille. Cette mise en place de l\u2019arr\u00eat syst\u00e9matique permet par exemple de rendre service aux personnes malvoyantes\u00a0\u00bb, d\u00e9veloppe <strong>Ronan Kerloc\u2019h, directeur g\u00e9n\u00e9ral de Keolis Rennes,<\/strong> gestionnaire du r\u00e9seau de transports en commun m\u00e9tropolitain.<\/p>\n<blockquote class=\"ac-article-quote wall-content\">\n<p>On a d\u00fb relever des difficult\u00e9s techniques et op\u00e9rationnelles. C&rsquo;est un nouveau r\u00e9flexe pour les chauffeurs. On commence aussi \u00e0 pr\u00e9parer l&rsquo;arriv\u00e9e des trambus o\u00f9 les arr\u00eats seront syst\u00e9matiques.<\/p>\n<p>    <strong>Ronan Kerloc&rsquo;h<\/strong><br \/>\n        Directeur g\u00e9n\u00e9ral de Keolis Rennes    <\/p><\/blockquote>\n<p class=\" wall-content\"><strong>Cette nouveaut\u00e9 <\/strong>fait \u00e9cho \u00e0 une autre : celle des <a href=\"https:\/\/actu.fr\/bretagne\/rennes_35238\/rennes-c-est-quoi-ces-nouveaux-pictogrammes-visibles-sur-les-panneaux-du-metro_62911129.html\" target=\"_blank\" rel=\"noopener\">pictogrammes install\u00e9s sur les panneaux du m\u00e9tro<\/a>, qui ont pour but de <strong>faciliter l\u2019information \u00e0 destination de certains voyageurs<\/strong>.<\/p>\n<p class=\" wall-content\">Personnalisez votre actualit\u00e9 en ajoutant vos villes et m\u00e9dias en favori avec <a href=\"https:\/\/moncompte.actu.fr\" title=\"D\u00e9couvez Mon Actu\" rel=\"nofollow noopener\" data-trk=\"{&quot;cta&quot;:{&quot;action&quot;:&quot;https:\\\/\\\/moncompte.actu.fr&quot;,&quot;category&quot;:&quot;mon compte&quot;,&quot;from&quot;:&quot;article footer&quot;,&quot;name&quot;:&quot;Mon actu&quot;,&quot;type&quot;:&quot;cta&quot;}}\" target=\"_blank\">Mon Actu<\/a>.<\/p>\n","protected":false},"excerpt":{"rendered":"Par Brian Le Goff Publi\u00e9 le 3 sept. 2025 \u00e0 6h02 Vous l\u2019avez peut-\u00eatre remarqu\u00e9, ou le remarquerez&hellip;\n","protected":false},"author":2,"featured_media":362410,"comment_status":"","ping_status":"","sticky":false,"template":"","format":"standard","meta":{"footnotes":""},"categories":[2821],"tags":[1111,11,829,1777,674,1011,27,1943,12,584,25,5001,104,2803],"class_list":{"0":"post-362409","1":"post","2":"type-post","3":"status-publish","4":"format-standard","5":"has-post-thumbnail","7":"category-rennes","8":"tag-actu","9":"tag-actualites","10":"tag-bretagne","11":"tag-eu","12":"tag-europe","13":"tag-fr","14":"tag-france","15":"tag-handicap","16":"tag-news","17":"tag-rennes","18":"tag-republique-francaise","19":"tag-reseau-star","20":"tag-societe","21":"tag-transport"},"share_on_mastodon":{"url":"https:\/\/pubeurope.com\/@fr\/115138501349314120","error":""},"_links":{"self":[{"href":"https:\/\/www.europesays.com\/fr\/wp-json\/wp\/v2\/posts\/362409","targetHints":{"allow":["GET"]}}],"collection":[{"href":"https:\/\/www.europesays.com\/fr\/wp-json\/wp\/v2\/posts"}],"about":[{"href":"https:\/\/www.europesays.com\/fr\/wp-json\/wp\/v2\/types\/post"}],"author":[{"embeddable":true,"href":"https:\/\/www.europesays.com\/fr\/wp-json\/wp\/v2\/users\/2"}],"replies":[{"embeddable":true,"href":"https:\/\/www.europesays.com\/fr\/wp-json\/wp\/v2\/comments?post=362409"}],"version-history":[{"count":0,"href":"https:\/\/www.europesays.com\/fr\/wp-json\/wp\/v2\/posts\/362409\/revisions"}],"wp:featuredmedia":[{"embeddable":true,"href":"https:\/\/www.europesays.com\/fr\/wp-json\/wp\/v2\/media\/362410"}],"wp:attachment":[{"href":"https:\/\/www.europesays.com\/fr\/wp-json\/wp\/v2\/media?parent=362409"}],"wp:term":[{"taxonomy":"category","embeddable":true,"href":"https:\/\/www.europesays.com\/fr\/wp-json\/wp\/v2\/categories?post=362409"},{"taxonomy":"post_tag","embeddable":true,"href":"https:\/\/www.europesays.com\/fr\/wp-json\/wp\/v2\/tags?post=362409"}],"curies":[{"name":"wp","href":"https:\/\/api.w.org\/{rel}","templated":true}]}}