{"id":362413,"date":"2025-09-03T04:35:32","date_gmt":"2025-09-03T04:35:32","guid":{"rendered":"https:\/\/www.europesays.com\/fr\/362413\/"},"modified":"2025-09-03T04:35:32","modified_gmt":"2025-09-03T04:35:32","slug":"34-jours-apres-son-arrivee-a-strasbourg-il-retourne-a-chelsea-et-est-envoye-en-pret-france-rc-strasbourg","status":"publish","type":"post","link":"https:\/\/www.europesays.com\/fr\/362413\/","title":{"rendered":"34 jours apr\u00e8s son arriv\u00e9e \u00e0 Strasbourg, il retourne \u00e0 Chelsea et est envoy\u00e9 en pr\u00eat &#8211; France &#8211; RC Strasbourg"},"content":{"rendered":"<p>Oh, et puis c\u2019est quoi 7,5 millions d\u2019euros ?<\/p>\n<p>D\u00e9barqu\u00e9 \u00e0 Strasbourg fin juillet en provenance de Chelsea, <a target=\"_blank\" href=\"https:\/\/www.sofoot.com\/breves\/mercato-le-rc-strasbourg-pioche-un-lateral-gauche-chez-un-club-de-premier-league-inattendu\" rel=\"nofollow noopener\">contre un ch\u00e8que de 7,5 millions d\u2019euros<\/a>, Ish\u00e9 Samuels-Smith retourne d\u00e9j\u00e0 chez les Blues, comme l\u2019a annonc\u00e9 le RCSA ce mardi. Le s\u00e9jour du jeune d\u00e9fenseur anglais (19 ans) en Alsace n\u2019aura donc dur\u00e9 que 34 jours, pour 0 minute de jeu. Mais Samuels-Smith ne restera pas \u00e0 Londres, puisqu\u2019il a directement \u00e9t\u00e9 envoy\u00e9 en pr\u00eat \u00e0 Swansea, pensionnaire du Championship. \u00ab\u202fL\u2019ensemble du Racing remercie Ish\u00e9 pour son engagement durant son passage au club et lui souhaite pleine r\u00e9ussite pour la suite de sa carri\u00e8re\u202f\u00bb, a \u00e9crit Strasbourg dans son communiqu\u00e9.<\/p>\n<p><a class=\"tti\" href=\"https:\/\/twitter.com\/SwansOfficial\/status\/1962810237292794334\" target=\"_blank\" rel=\"noopener nofollow\"><img decoding=\"async\" loading=\"lazy\" src=\"https:\/\/www.europesays.com\/fr\/wp-content\/uploads\/2025\/09\/grande.jpg\" alt=\"Tweet\"\/><\/a><br \/>\nSon maillot floqu\u00e9 est collector d\u00e9sormais.<\/p>\n<p>\t\t\t\t\t\t\t\t\t\t<a class=\"lien-connexe\" href=\"https:\/\/www.sofoot.com\/breves\/pour-florian-maurice-le-mercato-de-logc-nice-a-ete-difficile\" rel=\"nofollow noopener\" target=\"_blank\">Pour Florian Maurice, le mercato de l&rsquo;OGC Nice a \u00e9t\u00e9 \u00ab\u202fdifficile\u202f\u00bb<\/a>\t\t\t\t\t<script async src=\"https:\/\/platform.twitter.com\/widgets.js\" charset=\"utf-8\"><\/script><\/p>\n","protected":false},"excerpt":{"rendered":"Oh, et puis c\u2019est quoi 7,5 millions d\u2019euros ? D\u00e9barqu\u00e9 \u00e0 Strasbourg fin juillet en provenance de Chelsea,&hellip;\n","protected":false},"author":2,"featured_media":362414,"comment_status":"","ping_status":"","sticky":false,"template":"","format":"standard","meta":{"footnotes":""},"categories":[2820],"tags":[1111,47,11,61,69,65,64,1777,674,63,1011,27,775,68,66,12,62,70,25,67,640],"class_list":{"0":"post-362413","1":"post","2":"type-post","3":"status-publish","4":"format-standard","5":"has-post-thumbnail","7":"category-strasbourg","8":"tag-actu","9":"tag-actualite","10":"tag-actualites","11":"tag-actus-football","12":"tag-bundesliga","13":"tag-championnats-europeens","14":"tag-equipe-de-france","15":"tag-eu","16":"tag-europe","17":"tag-football","18":"tag-fr","19":"tag-france","20":"tag-grand-est","21":"tag-ligua","22":"tag-ligue-1","23":"tag-news","24":"tag-news-foot","25":"tag-premier-league","26":"tag-republique-francaise","27":"tag-serie-a","28":"tag-strasbourg"},"share_on_mastodon":{"url":"https:\/\/pubeurope.com\/@fr\/115138509478477790","error":""},"_links":{"self":[{"href":"https:\/\/www.europesays.com\/fr\/wp-json\/wp\/v2\/posts\/362413","targetHints":{"allow":["GET"]}}],"collection":[{"href":"https:\/\/www.europesays.com\/fr\/wp-json\/wp\/v2\/posts"}],"about":[{"href":"https:\/\/www.europesays.com\/fr\/wp-json\/wp\/v2\/types\/post"}],"author":[{"embeddable":true,"href":"https:\/\/www.europesays.com\/fr\/wp-json\/wp\/v2\/users\/2"}],"replies":[{"embeddable":true,"href":"https:\/\/www.europesays.com\/fr\/wp-json\/wp\/v2\/comments?post=362413"}],"version-history":[{"count":0,"href":"https:\/\/www.europesays.com\/fr\/wp-json\/wp\/v2\/posts\/362413\/revisions"}],"wp:featuredmedia":[{"embeddable":true,"href":"https:\/\/www.europesays.com\/fr\/wp-json\/wp\/v2\/media\/362414"}],"wp:attachment":[{"href":"https:\/\/www.europesays.com\/fr\/wp-json\/wp\/v2\/media?parent=362413"}],"wp:term":[{"taxonomy":"category","embeddable":true,"href":"https:\/\/www.europesays.com\/fr\/wp-json\/wp\/v2\/categories?post=362413"},{"taxonomy":"post_tag","embeddable":true,"href":"https:\/\/www.europesays.com\/fr\/wp-json\/wp\/v2\/tags?post=362413"}],"curies":[{"name":"wp","href":"https:\/\/api.w.org\/{rel}","templated":true}]}}