{"id":362415,"date":"2025-09-03T04:36:12","date_gmt":"2025-09-03T04:36:12","guid":{"rendered":"https:\/\/www.europesays.com\/fr\/362415\/"},"modified":"2025-09-03T04:36:12","modified_gmt":"2025-09-03T04:36:12","slug":"la-colere-monte-contre-vinci-autoroutes","status":"publish","type":"post","link":"https:\/\/www.europesays.com\/fr\/362415\/","title":{"rendered":"la col\u00e8re monte contre Vinci Autoroutes"},"content":{"rendered":"<p>            Par<br \/>\n        <strong><br \/>\n            <a href=\"https:\/\/actu.fr\/auteur\/manon-reinhardt\" title=\"Consulter tous les articles de Manon Reinhardt\" target=\"_blank\" rel=\"noopener\">Manon Reinhardt<\/a><br \/>\n        <\/strong><\/p>\n<p>        Publi\u00e9 le<\/p>\n<p>            3 sept. 2025 \u00e0 6h10        <\/p>\n<p>La pilule a du mal \u00e0 passer. Depuis cette derni\u00e8re semaine d\u2019ao\u00fbt, Ulys, filiale de Vinci Autoroutes en charge des t\u00e9l\u00e9p\u00e9ages, a contact\u00e9 ses clients par e-mail afin de les informer de <strong>\u00ab\u2009l\u2019\u00e9volution des conditions g\u00e9n\u00e9rales de [leur] formule\u2009\u00bb<\/strong>. Prix de l\u2019abonnement en hausse, remises sur les trajets pr\u00e9f\u00e9rentiels limit\u00e9es voire supprim\u00e9es, ces modifications entreront en vigueur \u00e0 partir du 1er\u00a0octobre 2025. Ce qui ne semble pas tr\u00e8s bien accueilli par certains usagers qui empruntent quotidiennement l\u2019autoroute A8 \u00e0 <a href=\"https:\/\/actu.fr\/provence-alpes-cote-d-azur\/nice_06088\" target=\"_blank\" rel=\"noopener\">Nice<\/a> (<a href=\"https:\/\/actu.fr\/provence-alpes-cote-d-azur\/alpes-maritimes_06\" target=\"_blank\" rel=\"noopener\">Alpes-Maritimes<\/a>).<\/p>\n<p>\u00ab\u2009Mon abonnement a augment\u00e9\u2009\u00bb<\/p>\n<p class=\" wall-content\">\u00ab\u2009Nous vous informons qu\u2019\u00e0 compter du 1er\u00a0octobre 2025, les conditions de votre formule \u00e9voluent.\u2009\u00bb C\u2019est ce que des centaines d\u2019usagers, titulaires d\u2019un abonnement t\u00e9l\u00e9p\u00e9age Ulys, ont re\u00e7u il y a quelques jours. Filiale de Vinci Autoroutes, l\u2019entreprise a pr\u00e9venu, par voie \u00e9lectronique, que des modifications seront bient\u00f4t op\u00e9r\u00e9es sur les tarifs et les trajets pr\u00e9f\u00e9rentiels.<\/p>\n<p class=\" wall-content\">La goutte de trop pour certains automobilistes azur\u00e9ens, qui n\u2019ont pas h\u00e9sit\u00e9 <strong>\u00e0 exprimer leur col\u00e8re<\/strong> sur les r\u00e9seaux sociaux. \u00ab\u2009Coup de gueule contre Vinci Autoroutes qui supprime les avantages du t\u00e9l\u00e9p\u00e9age sans modifier les tarifs bien s\u00fbr. Autoroute toujours satur\u00e9e, jamais tous les p\u00e9ages ouverts. Une honte\u2009\u00bb, \u00e9crit Julien sur le groupe Facebook <a href=\"https:\/\/www.facebook.com\/groups\/2387696448122239\" target=\"_blank\" rel=\"noopener\">Trafic et perturbations 06<\/a>. La page cumule plus de 33\u2009000 abonn\u00e9s.<\/p>\n<p>    <img   decoding=\"async\" loading=\"lazy\" src=\"https:\/\/www.europesays.com\/fr\/wp-content\/uploads\/2025\/09\/ulys-nice-2321-960x640.jpg\" alt=\"Le mail en question re\u00e7u par un abonn\u00e9 Ulys.\" width=\"960\" height=\"640\"\/><br \/>\n    Le mail en question re\u00e7u par un abonn\u00e9 Ulys. (\u00a9Document remis \u00e0 actu Nice)<\/p>\n<p class=\" wall-content\">\u00ab\u2009Moi aussi re\u00e7u, <strong>une honte<\/strong>. J\u2019ai le pass 30\u2009%, je n\u2019ai le droit plus qu\u2019\u00e0 46 passages \u00e0 30\u2009% de r\u00e9duction. Avant c\u2019\u00e9tait illimit\u00e9. Et ils ont augment\u00e9 mon abonnement de 50 centimes, je suis pass\u00e9 \u00e0 3,50\u00a0euros par mois et je bosse \u00e0 Nice. Cannes-Nice tous les jours\u2009\u00bb, fustige un autre internaute.<\/p>\n<p>\u00ab\u2009V\u00e9ritable foutage de gueule\u2009\u00bb<\/p>\n<p class=\" wall-content\">Globalement, ces derniers pointent le \u00ab\u2009p\u00e9age racket\u2009\u00bb de Saint-Isidore \u2013 que <a href=\"https:\/\/actu.fr\/provence-alpes-cote-d-azur\/nice_06088\/nice-le-peage-de-saint-isidore-bientot-supprime-cette-etude-qui-pourrait-tout-changer_54988479.html\" target=\"_blank\" rel=\"noopener\">Christian Estrosi souhaite supprimer depuis de nombreuses ann\u00e9es<\/a> \u2013 \u00ab\u2009l\u2019augmentation r\u00e9guli\u00e8re\u2009\u00bb du prix des p\u00e9ages, <strong>\u00ab\u2009les embouteillages permanents\u2009\u00bb<\/strong>, ou encore \u00ab\u2009le blocage d\u2019une heure au p\u00e9age d\u2019Antibes quasiment tous les soirs\u2009\u00bb.<\/p>\n<p class=\" wall-content\">\u00ab\u2009Que pouvons-nous faire\u2009? Avez-vous des id\u00e9es de manifestations\u2009?\u2009\u00bb, demande m\u00eame un abonn\u00e9. \u00ab\u2009La suppression de la remise entre 10 et 65\u00a0euros est absolument scandaleuse. C\u2019est du v\u00e9ritable foutage de gueule, surtout combin\u00e9 \u00e0 l\u2019augmentation du prix de l\u2019abonnement\u2009\u00bb, lui r\u00e9pond Alex.<\/p>\n<p>Votre r\u00e9gion, votre actu !<\/p>\n<p>Recevez chaque jour les infos qui comptent pour vous.<\/p>\n<p>\t<a href=\"https:\/\/actu.fr\/newsletter\" class=\"ac-btn ac-btn--corner ac-btn--medium ac-btn--blue800\" target=\"_blank\" rel=\"noopener\">S&rsquo;incrire<\/a><br \/>\nDes formules sans \u00e9volution \u00ab\u2009depuis des ann\u00e9es\u2009\u00bb, se d\u00e9fend Ulys<\/p>\n<p class=\" wall-content\">Contact\u00e9s par actu Nice \u00e0 ce sujet, les services d\u2019Ulys apportent quelques pr\u00e9cisions.<\/p>\n<p class=\" wall-content\">B\u00e9atrice Picard, directrice marketing de la filiale, confirme les modifications \u00e0 venir. \u00ab\u2009Effectivement, certaines des formules t\u00e9l\u00e9p\u00e9age \u00e0 r\u00e9duction Ulys connaissent des \u00e9volutions sur les frais de gestion et dans certains cas sur les remises. Elles n\u2019avaient pas \u00e9volu\u00e9 depuis plusieurs ann\u00e9es\u2009\u00bb, nous explique-t-elle.<\/p>\n<p class=\" wall-content\">Et assure\u2009: \u00ab\u2009Ces \u00e9volutions ne remettent pas en cause les formules en elles-m\u00eames qui continuent de permettre de<strong> b\u00e9n\u00e9ficier de r\u00e9ductions importantes chaque mois<\/strong>. Les formules d\u2019abonnement restent en ce sens tr\u00e8s int\u00e9ressantes \u00e0 d\u00e9tenir pour b\u00e9n\u00e9ficier de remises sur des trajets r\u00e9guliers du quotidien sur autoroute\u2009\u00bb.<\/p>\n<p class=\" wall-content\">La porte-parole d\u2019Ulys rappelle \u00e9galement que \u00ab\u2009chaque abonn\u00e9 peut analyser sa situation avec notre service client et v\u00e9rifier si une autre offre serait plus adapt\u00e9e. Le cas \u00e9ch\u00e9ant, ils pourraient <strong>changer d\u2019offre ou se d\u00e9sabonner<\/strong> sans frais\u2009\u00bb.<\/p>\n<p class=\" wall-content\">Personnalisez votre actualit\u00e9 en ajoutant vos villes et m\u00e9dias en favori avec <a href=\"https:\/\/moncompte.actu.fr\" title=\"D\u00e9couvez Mon Actu\" rel=\"nofollow noopener\" data-trk=\"{&quot;cta&quot;:{&quot;action&quot;:&quot;https:\\\/\\\/moncompte.actu.fr&quot;,&quot;category&quot;:&quot;mon compte&quot;,&quot;from&quot;:&quot;article footer&quot;,&quot;name&quot;:&quot;Mon actu&quot;,&quot;type&quot;:&quot;cta&quot;}}\" target=\"_blank\">Mon Actu<\/a>.<\/p>\n","protected":false},"excerpt":{"rendered":"Par Manon Reinhardt Publi\u00e9 le 3 sept. 2025 \u00e0 6h10 La pilule a du mal \u00e0 passer. Depuis&hellip;\n","protected":false},"author":2,"featured_media":362416,"comment_status":"","ping_status":"","sticky":false,"template":"","format":"standard","meta":{"footnotes":""},"categories":[2819],"tags":[1111,11,1261,5397,3542,33,1777,674,1011,27,12,2401,882,25],"class_list":{"0":"post-362415","1":"post","2":"type-post","3":"status-publish","4":"format-standard","5":"has-post-thumbnail","7":"category-nice","8":"tag-actu","9":"tag-actualites","10":"tag-argent","11":"tag-autoroute-8-a8","12":"tag-circulation","13":"tag-economie","14":"tag-eu","15":"tag-europe","16":"tag-fr","17":"tag-france","18":"tag-news","19":"tag-nice","20":"tag-provence-alpes-cote-dazur","21":"tag-republique-francaise"},"share_on_mastodon":{"url":"https:\/\/pubeurope.com\/@fr\/115138513130258307","error":""},"_links":{"self":[{"href":"https:\/\/www.europesays.com\/fr\/wp-json\/wp\/v2\/posts\/362415","targetHints":{"allow":["GET"]}}],"collection":[{"href":"https:\/\/www.europesays.com\/fr\/wp-json\/wp\/v2\/posts"}],"about":[{"href":"https:\/\/www.europesays.com\/fr\/wp-json\/wp\/v2\/types\/post"}],"author":[{"embeddable":true,"href":"https:\/\/www.europesays.com\/fr\/wp-json\/wp\/v2\/users\/2"}],"replies":[{"embeddable":true,"href":"https:\/\/www.europesays.com\/fr\/wp-json\/wp\/v2\/comments?post=362415"}],"version-history":[{"count":0,"href":"https:\/\/www.europesays.com\/fr\/wp-json\/wp\/v2\/posts\/362415\/revisions"}],"wp:featuredmedia":[{"embeddable":true,"href":"https:\/\/www.europesays.com\/fr\/wp-json\/wp\/v2\/media\/362416"}],"wp:attachment":[{"href":"https:\/\/www.europesays.com\/fr\/wp-json\/wp\/v2\/media?parent=362415"}],"wp:term":[{"taxonomy":"category","embeddable":true,"href":"https:\/\/www.europesays.com\/fr\/wp-json\/wp\/v2\/categories?post=362415"},{"taxonomy":"post_tag","embeddable":true,"href":"https:\/\/www.europesays.com\/fr\/wp-json\/wp\/v2\/tags?post=362415"}],"curies":[{"name":"wp","href":"https:\/\/api.w.org\/{rel}","templated":true}]}}