{"id":362418,"date":"2025-09-03T04:38:43","date_gmt":"2025-09-03T04:38:43","guid":{"rendered":"https:\/\/www.europesays.com\/fr\/362418\/"},"modified":"2025-09-03T04:38:43","modified_gmt":"2025-09-03T04:38:43","slug":"le-chef-de-file-rn-revele","status":"publish","type":"post","link":"https:\/\/www.europesays.com\/fr\/362418\/","title":{"rendered":"Le chef de file RN r\u00e9v\u00e9l\u00e9"},"content":{"rendered":"<p>                            <strong>Le Rassemblement National vient de d\u00e9signer sa t\u00eate de liste pour les Municipales 2026 \u00e0 Nantes. Jean-Claude Hulot est haut-fonctionnaire parisien et tient un r\u00f4le de conseiller aupr\u00e8s de Marine Le Pen.<\/strong><\/p>\n<p>\u00ab Pour une Nantes s\u00fbre \u00bb est le nom de la liste qui sera conduite par Jean-Claude Hulot, candidat Rassemblement National lors des Municipales de Nantes en 2026. Ce haut-fonctionnaire n\u00e9 \u00e0 Paris a \u00e9t\u00e9 d\u00e9sign\u00e9 par la commission nationale d\u2019investiture du parti.\u00a0<\/p>\n<p>Jean-Claude Hulot contr\u00f4leur g\u00e9n\u00e9ral \u00e9conomique et financier (CGEF) depuis 2011 et adh\u00e9rent au RN depuis avril dernier fait partie d\u2019un des groupes de conseillers de Marine Le Pen pour le domaine de l\u2019\u00e9nergie.<\/p>\n<p>L\u2019Enarque encore tr\u00e8s peu connu des Nantais et Nantaises tiendra une conf\u00e9rence de presse le 6 septembre prochain afin de pr\u00e9senter les premiers axes de son projet municipal et ses premiers colistiers.<\/p>\n<p>Photo (DR): Jean-Claude Hulot, chef de file RN pour les Municipales de Nantes 2026<\/p>\n<p>A lire \u00e9galement : <strong><a href=\"https:\/\/hellogazettenantes.fr\/municipales-nantes-foulques-chombart-de-lauwe-remporte-la-primaire-lr\/\" rel=\"nofollow noopener\" target=\"_blank\">Foulques Chombart de Lauwe remporte la Primaire LR<\/a><\/strong>            <\/p>\n<p><img decoding=\"async\" alt=\"Advertisement\" src=\"data:image\/svg+xml,%3Csvg%20xmlns=\" http:=\"\" data-lazy-src=\"https:\/\/www.europesays.com\/fr\/wp-content\/uploads\/2025\/04\/Application-mobile-hello-gazette-nantes.gif\"\/><\/p>\n","protected":false},"excerpt":{"rendered":"Le Rassemblement National vient de d\u00e9signer sa t\u00eate de liste pour les Municipales 2026 \u00e0 Nantes. Jean-Claude Hulot&hellip;\n","protected":false},"author":2,"featured_media":362419,"comment_status":"","ping_status":"","sticky":false,"template":"","format":"standard","meta":{"footnotes":""},"categories":[2818],"tags":[1111,11,1777,674,1011,27,766,12,2636,25],"class_list":{"0":"post-362418","1":"post","2":"type-post","3":"status-publish","4":"format-standard","5":"has-post-thumbnail","7":"category-nantes","8":"tag-actu","9":"tag-actualites","10":"tag-eu","11":"tag-europe","12":"tag-fr","13":"tag-france","14":"tag-nantes","15":"tag-news","16":"tag-pays-de-la-loire","17":"tag-republique-francaise"},"share_on_mastodon":{"url":"https:\/\/pubeurope.com\/@fr\/115138520927678212","error":""},"_links":{"self":[{"href":"https:\/\/www.europesays.com\/fr\/wp-json\/wp\/v2\/posts\/362418","targetHints":{"allow":["GET"]}}],"collection":[{"href":"https:\/\/www.europesays.com\/fr\/wp-json\/wp\/v2\/posts"}],"about":[{"href":"https:\/\/www.europesays.com\/fr\/wp-json\/wp\/v2\/types\/post"}],"author":[{"embeddable":true,"href":"https:\/\/www.europesays.com\/fr\/wp-json\/wp\/v2\/users\/2"}],"replies":[{"embeddable":true,"href":"https:\/\/www.europesays.com\/fr\/wp-json\/wp\/v2\/comments?post=362418"}],"version-history":[{"count":0,"href":"https:\/\/www.europesays.com\/fr\/wp-json\/wp\/v2\/posts\/362418\/revisions"}],"wp:featuredmedia":[{"embeddable":true,"href":"https:\/\/www.europesays.com\/fr\/wp-json\/wp\/v2\/media\/362419"}],"wp:attachment":[{"href":"https:\/\/www.europesays.com\/fr\/wp-json\/wp\/v2\/media?parent=362418"}],"wp:term":[{"taxonomy":"category","embeddable":true,"href":"https:\/\/www.europesays.com\/fr\/wp-json\/wp\/v2\/categories?post=362418"},{"taxonomy":"post_tag","embeddable":true,"href":"https:\/\/www.europesays.com\/fr\/wp-json\/wp\/v2\/tags?post=362418"}],"curies":[{"name":"wp","href":"https:\/\/api.w.org\/{rel}","templated":true}]}}