{"id":362422,"date":"2025-09-03T04:40:29","date_gmt":"2025-09-03T04:40:29","guid":{"rendered":"https:\/\/www.europesays.com\/fr\/362422\/"},"modified":"2025-09-03T04:40:29","modified_gmt":"2025-09-03T04:40:29","slug":"plus-de-colleges-moins-de-collegiens-une-operation-gagnante","status":"publish","type":"post","link":"https:\/\/www.europesays.com\/fr\/362422\/","title":{"rendered":"plus de coll\u00e8ges, moins de coll\u00e9giens, une op\u00e9ration gagnante\u00a0?"},"content":{"rendered":"<p>C\u2019est dans le coll\u00e8ge Francisco-Goya, petit \u00e9tablissement (environ 300 \u00e9l\u00e8ves) du centre de Bordeaux, que Jean-Luc Gleyze a choisi de faire son premier d\u00e9placement de la rentr\u00e9e, ce lundi 1er\u00a0septembre, accompagn\u00e9 entre autres \u00e9lus et officiels du nouveau recteur de l\u2019acad\u00e9mie Nouvelle-Aquitaine, Jean-Marc Huart.<\/p>\n<p>        <img decoding=\"async\" id=\"25750045\" src=\"https:\/\/www.europesays.com\/fr\/wp-content\/uploads\/2025\/09\/20250901155020-a14a6515.jpg\" alt=\"Rentr\u00e9e au coll\u00e8ge Francisco Goya, lundi 1er\u00a0septembre. Le pr\u00e9sident du D\u00e9partement Jean-Luc Gleyze et le recteur de Nouvelle-Aquitaine Jean-Marc Huart (au centre) \u00e9coutent le principal, Franck Martin.\" itemprop=\"contentURL\"\/><\/p>\n<p>    Rentr\u00e9e au coll\u00e8ge Francisco Goya, lundi 1er\u00a0septembre. Le pr\u00e9sident du D\u00e9partement Jean-Luc Gleyze et le recteur de Nouvelle-Aquitaine Jean-Marc Huart (au centre) \u00e9coutent le principal, Franck Martin.<\/p>\n<p>GUILLAUME BONNAUD\/SO<\/p>\n<p>L\u2019occasion pour le patron du D\u00e9partement, qui prend \u00e0 sa charge la construction et le fonctionnement des coll\u00e8ges, de pr\u00e9senter le nouveau patio de l\u2019\u00e9tablissement, illustration du<a href=\"https:\/\/www.gironde.fr\/actualites\/libre-cour-des-colleges-plus-verts-et-plus-accueillants-pour-tous\" target=\"_blank\" rel=\"nofollow noopener\"> programme Libre cour<\/a>. Les travaux, pens\u00e9s \u00ab\u00a0en concertation avec les \u00e9l\u00e8ves, les parents, les enseignants\u00a0\u00bb, ont relook\u00e9 ce petit rectangle b\u00e9tonn\u00e9 (200\u00a0m2), en un espace color\u00e9 et v\u00e9g\u00e9talis\u00e9, parsem\u00e9 d\u2019arbustes en pots, de plantes grimpantes, ainsi que d\u2019un mobilier \u00ab\u00a0inclusif\u00a0\u00bb, favorisant les activit\u00e9s mixtes et non genr\u00e9es (fini, le terrain de foot et la domination territoriale masculine\u00a0!).<\/p>\n<p>Les travaux ont \u00e9t\u00e9 chiffr\u00e9s 110\u00a0000\u00a0euros. Une paille si on la ram\u00e8ne au Plan coll\u00e8ge et ses 607\u00a0millions d\u2019euros investis depuis 2017 par le D\u00e9partement, qui a sorti de terre neuf \u00e9tablissements en cinq ans \u2013 le dernier en date,<a href=\"https:\/\/www.sudouest.fr\/gironde\/montussan\/toitures-et-surfaces-vegetales-nichoirs-microforets-pres-de-bordeaux-un-nouveau-college-avec-la-biodiversite-dans-le-cartable-25706639.php\" rel=\"nofollow noopener\" target=\"_blank\"> \u00e0 Montussan, est op\u00e9rationnel ce jour<\/a> \u2013 ce qui porte \u00e0 113 le nombre de coll\u00e8ges publics en Gironde. Le 114e est attendu pour 2026, au Taillan-M\u00e9doc.<\/p>\n<p>Mais ce plan se d\u00e9ploie d\u00e9sormais dans un contexte in\u00e9dit \u2013 quoique pas surprenant, du point de vue de la d\u00e9mographie \u2013 de baisse des effectifs. \u00ab\u00a0Il avait \u00e9t\u00e9 con\u00e7u dans une perspective de forte progression, avec 1\u00a0000 coll\u00e9giens de plus chaque ann\u00e9e en Gironde, rappelle le pr\u00e9sident. Aujourd\u2019hui, la courbe s\u2019est invers\u00e9e.\u00a0\u00bb<\/p>\n<p>Quelle est l\u2019ampleur de la baisse\u00a0? Elle a d\u00e9but\u00e9 en 2022 (-200 \u00e9l\u00e8ves) et 2023 (-300) et s\u2019est accentu\u00e9e cette ann\u00e9e. Pour 2025-2026, le D\u00e9partement table sur une d\u00e9crue de 900 t\u00eates, soit 64\u00a0947 coll\u00e9giens. L\u2019acad\u00e9mie va plus loin et avance une baisse de 2000 \u00e9l\u00e8ves, toujours dans le public (63\u00a0674). Comment expliquer ces diff\u00e9rences\u00a0? \u00ab\u00a0Le D\u00e9partement s\u2019appuie sur d\u2019autres sources, dont les mairies. Mais ce ne sont que des projections et les chiffres seront consolid\u00e9s en octobre\u00a0\u00bb, insiste le rectorat.<\/p>\n<p>        <img decoding=\"async\" id=\"25758156\" src=\"https:\/\/www.europesays.com\/fr\/wp-content\/uploads\/2025\/09\/infog-gir-colleges-3.jpeg\" itemprop=\"contentURL\"\/><\/p>\n<p>    Le priv\u00e9 moins affect\u00e9<\/p>\n<p>\u00c0 noter que l\u2019enseignement priv\u00e9 sous contrat ne semble pas subir cette tendance baissi\u00e8re. Le nombre de coll\u00e9giens y progresse l\u00e9g\u00e8rement chaque ann\u00e9e, et \u00e7a devrait \u00eatre le cas cette rentr\u00e9e\u00a0: 13\u00a0574 inscrits projet\u00e9s.<\/p>\n<p>Les cons\u00e9quences de cette d\u00e9crue\u00a0? Le plan girondin, qui pr\u00e9voyait 14 coll\u00e8ges neufs, sera revu \u00e0 la baisse, expose le pr\u00e9sident. \u00ab\u00a0Deux projets avaient \u00e9t\u00e9 envisag\u00e9s, \u00e0 M\u00e9rignac et au sud de la m\u00e9tropole. Ils ne seront pas r\u00e9alis\u00e9s.\u00a0\u00bb Le 12e coll\u00e8ge pr\u00e9vu \u00e0 Saint-Caprais-de-Bordeaux, dans le Cr\u00e9onnais, devrait \u00eatre le dernier. Autre cons\u00e9quence, il y aura \u00ab\u00a0plus de place et de meilleures conditions d\u2019accueil\u00a0\u00bb pour les \u00e9l\u00e8ves\u00a0: \u00ab\u00a0On passe de 89\u00a0% de taux d\u2019occupation dans les coll\u00e8ges \u00e0 85\u00a0% en trois ans.\u00a0\u00bb Et puis, la carte scolaire sera revue, dans une logique \u00ab\u00a0d\u2019\u00e9quilibre territorial.\u00a0\u00bb \u00ab\u00a0C\u2019est un travail qui se fera en concertation avec les parents d\u2019\u00e9l\u00e8ves\u00a0\u00bb, dit le pr\u00e9sident, qui sait que le sujet est sensible.<\/p>\n<p>        <img decoding=\"async\" id=\"25750041\" src=\"https:\/\/www.europesays.com\/fr\/wp-content\/uploads\/2025\/09\/20250901155025-a14a6792.jpg\" alt=\"Cours de SVT au coll\u00e8ge Francisco Goya, lundi 1er\u00a0septembre.\" itemprop=\"contentURL\"\/><\/p>\n<p>    Cours de SVT au coll\u00e8ge Francisco Goya, lundi 1er\u00a0septembre.<\/p>\n<p>GUILLAUME BONNAUD\/SO<\/p>\n<p>    Plus de moyens\u00a0?<\/p>\n<p>Plus de place, mais aussi plus de moyens\u00a0? Jean-Luc Gleyze veut le croire, mais il pr\u00e9f\u00e8re passer la parole \u00e0 Jean-Marc Huart, qui confirme que la tendance devrait s\u2019installer. \u00ab\u00a0Dans l\u2019acad\u00e9mie, on perd cette ann\u00e9e 1\u00a0300 \u00e9l\u00e8ves dans le second degr\u00e9 et 3\u00a0700 dans le premier degr\u00e9 [\u2026] Et d\u2019ici 10\u00a0ans, d\u2019apr\u00e8s l\u2019Insee, la Nouvelle-Aquitaine devrait perdre 50\u00a0000 jeunes de moins de 15\u00a0ans.\u00a0\u00bb<\/p>\n<p>Mais cette d\u00e9croissance aurait des avantages\u00a0: \u00ab\u00a0Les conditions accueil et d\u2019enseignement s\u2019am\u00e9liorent\u00a0\u00bb, affirme le recteur, qui avance \u00ab\u00a0des moyens globalement stables\u00a0\u00bb du c\u00f4t\u00e9 des enseignants. En Gironde, le minist\u00e8re a certes proc\u00e9d\u00e9 \u00e0 quelques suppressions de poste cette rentr\u00e9e, conc\u00e8de-t-il, m\u00eame si sur <a href=\"https:\/\/www.sudouest.fr\/gironde\/rentree-en-gironde-pour-les-syndicats-la-baisse-des-effectifs-ne-se-traduit-pas-par-une-hausse-des-moyens-25755105.php\" rel=\"nofollow noopener\" target=\"_blank\">ce point les calculs du rectorat diff\u00e8rent de ceux des syndicats.<\/a> Et puis, l\u2019am\u00e9lioration serait math\u00e9matique\u00a0: \u00ab\u00a0Cette baisse de moyens est en proportion bien plus faible que celle des effectifs de coll\u00e9giens. Et c\u2019est vrai pour le premier degr\u00e9 aussi.\u00a0\u00bb Le taux d\u2019encadrement devrait s\u2019am\u00e9liorer, \u00e0 moins de 26 \u00e9l\u00e8ves par classe. Le recteur ajoute que, c\u00f4t\u00e9 postes vacants pour maladie ou cong\u00e9s, \u00ab\u00a0on a renforc\u00e9 les moyens de remplacement. On couvre 97\u00a0% des remplacements de longue dur\u00e9e \u00e0 l\u2019ann\u00e9e. Il y a des ajustements \u00e0 faire \u00e7\u00e0 et l\u00e0. Mais tous les indicateurs sont positifs et je suis serein.\u00a0\u00bb<\/p>\n<p>    Et dans les lyc\u00e9es et \u00e9coles\u00a0?<br \/>\nD\u2019apr\u00e8s les projections de la R\u00e9gion, les effectifs dans les \u00e9tablissements publics de Gironde (LGT et lyc\u00e9es professionnels) sont l\u00e9g\u00e8rement en hausse\u00a0: 43\u00a0957 lyc\u00e9ens cette ann\u00e9e, contre 43\u00a0662 en 2024-2025. Si la baisse n\u2019est pas pour aujourd\u2019hui, elle para\u00eet in\u00e9luctable pour les prochaines ann\u00e9es.<br \/>D\u2019autant que, plus bas dans la pyramide des \u00e2ges, la d\u00e9croissance s\u2019annonce. Dans le premier degr\u00e9, le rectorat table cette ann\u00e9e scolaire sur 130\u00a0434 \u00e9coliers (\u00e9l\u00e9mentaires et maternelles) dans le public contre 132\u00a0141 l\u2019an dernier. Dans l\u2019enseignement priv\u00e9 sous contrat, il devrait rester stable (environ 13\u00a0440 \u00e9l\u00e8ves).<\/p>\n","protected":false},"excerpt":{"rendered":"C\u2019est dans le coll\u00e8ge Francisco-Goya, petit \u00e9tablissement (environ 300 \u00e9l\u00e8ves) du centre de Bordeaux, que Jean-Luc Gleyze a&hellip;\n","protected":false},"author":2,"featured_media":362423,"comment_status":"","ping_status":"","sticky":false,"template":"","format":"standard","meta":{"footnotes":""},"categories":[2817],"tags":[1111,11,1997,1777,674,1011,27,12,2219,25],"class_list":{"0":"post-362422","1":"post","2":"type-post","3":"status-publish","4":"format-standard","5":"has-post-thumbnail","7":"category-bordeaux","8":"tag-actu","9":"tag-actualites","10":"tag-bordeaux","11":"tag-eu","12":"tag-europe","13":"tag-fr","14":"tag-france","15":"tag-news","16":"tag-nouvelle-aquitaine","17":"tag-republique-francaise"},"share_on_mastodon":{"url":"https:\/\/pubeurope.com\/@fr\/115138528920272657","error":""},"_links":{"self":[{"href":"https:\/\/www.europesays.com\/fr\/wp-json\/wp\/v2\/posts\/362422","targetHints":{"allow":["GET"]}}],"collection":[{"href":"https:\/\/www.europesays.com\/fr\/wp-json\/wp\/v2\/posts"}],"about":[{"href":"https:\/\/www.europesays.com\/fr\/wp-json\/wp\/v2\/types\/post"}],"author":[{"embeddable":true,"href":"https:\/\/www.europesays.com\/fr\/wp-json\/wp\/v2\/users\/2"}],"replies":[{"embeddable":true,"href":"https:\/\/www.europesays.com\/fr\/wp-json\/wp\/v2\/comments?post=362422"}],"version-history":[{"count":0,"href":"https:\/\/www.europesays.com\/fr\/wp-json\/wp\/v2\/posts\/362422\/revisions"}],"wp:featuredmedia":[{"embeddable":true,"href":"https:\/\/www.europesays.com\/fr\/wp-json\/wp\/v2\/media\/362423"}],"wp:attachment":[{"href":"https:\/\/www.europesays.com\/fr\/wp-json\/wp\/v2\/media?parent=362422"}],"wp:term":[{"taxonomy":"category","embeddable":true,"href":"https:\/\/www.europesays.com\/fr\/wp-json\/wp\/v2\/categories?post=362422"},{"taxonomy":"post_tag","embeddable":true,"href":"https:\/\/www.europesays.com\/fr\/wp-json\/wp\/v2\/tags?post=362422"}],"curies":[{"name":"wp","href":"https:\/\/api.w.org\/{rel}","templated":true}]}}