{"id":362424,"date":"2025-09-03T04:41:12","date_gmt":"2025-09-03T04:41:12","guid":{"rendered":"https:\/\/www.europesays.com\/fr\/362424\/"},"modified":"2025-09-03T04:41:12","modified_gmt":"2025-09-03T04:41:12","slug":"nauti-pro-2026-bordeaux-accueillera-le-premier-salon-100-professionnel-du-nautisme-en-france","status":"publish","type":"post","link":"https:\/\/www.europesays.com\/fr\/362424\/","title":{"rendered":"Nauti Pro 2026 : Bordeaux accueillera le premier salon 100 % professionnel du nautisme en France"},"content":{"rendered":"<p><strong>Une premi\u00e8re en France, inspir\u00e9e par les grands rendez-vous internationaux<\/strong><\/p>\n<p>Jusqu\u2019ici, les professionnels du nautisme devaient traverser les fronti\u00e8res pour participer au Metstrade d\u2019Amsterdam, r\u00e9f\u00e9rence mondiale qui r\u00e9unit chaque ann\u00e9e les \u00e9quipementiers et acteurs europ\u00e9ens et internationaux. Ce d\u00e9placement incontournable avait ses avantages mais impliquait aussi des co\u00fbts, du temps et une organisation lourde pour les entreprises fran\u00e7aises. Nauti Pro veut combler ce vide en proposant une alternative nationale, plus proche et plus accessible, pens\u00e9e pour concentrer les \u00e9changes au c\u0153ur de l\u2019Hexagone. <\/p>\n<p>Les organisateurs entendent r\u00e9unir plus de 80 marques du secteur, des agents aux distributeurs, en passant par les chantiers et les \u00e9quipementiers, sur un espace de 2 500 m2. Plus de 1 000 participants pourraient ainsi converger vers Bordeaux pour trois jours d\u2019\u00e9changes intensifs. Au-del\u00e0 de l\u2019exposition, il s\u2019agit aussi de donner de la visibilit\u00e9 aux innovations, de cr\u00e9er un espace o\u00f9 les professionnels pourront comparer, discuter, n\u00e9gocier et pr\u00e9parer leurs prochaines saisons.<\/p>\n<p><strong>Un format qui se veut efficace et rythm\u00e9<\/strong><\/p>\n<p>Pens\u00e9 comme un v\u00e9ritable acc\u00e9l\u00e9rateur de d\u00e9but d\u2019ann\u00e9e, le salon entend offrir en trois jours ce que les entreprises mettent souvent des semaines \u00e0 organiser. Les stands permettront aux marques de mettre en avant leurs nouveaut\u00e9s et leurs services, tandis que des conf\u00e9rences et ateliers aborderont des th\u00e9matiques vari\u00e9es : lancements de produits, formations sp\u00e9cialis\u00e9es, r\u00e9unions commerciales ou encore pr\u00e9sentations strat\u00e9giques. <br \/>Cette concentration des rendez-vous vise \u00e0 optimiser le temps des \u00e9quipes commerciales et \u00e0 renforcer la valeur de chaque rencontre. Les visiteurs disposeront \u00e9galement d\u2019espaces de travail et de restauration pour multiplier les \u00e9changes dans un cadre propice aux affaires. En cr\u00e9ant un environnement d\u00e9di\u00e9 et ma\u00eetris\u00e9, Nauti Pro veut donner aux professionnels toutes les conditions pour initier de nouveaux partenariats et consolider leurs relations existantes.<\/p>\n<p>Hangar 14 a Bordeaux\u00a9 Julien Fernandez<\/p>\n<p><strong>Un pari sur l\u2019avenir de la fili\u00e8re<\/strong><\/p>\n<p>En se positionnant en d\u00e9but d\u2019ann\u00e9e, Nauti Pro esp\u00e8re devenir un passage oblig\u00e9 pour les acteurs de la fili\u00e8re nautique fran\u00e7aise. Le calendrier, volontairement plac\u00e9 en janvier, r\u00e9pond \u00e0 un besoin strat\u00e9gique : pr\u00e9parer les collections, anticiper les saisons et donner de la visibilit\u00e9 aux projets \u00e0 venir. L\u2019\u00e9v\u00e9nement s\u2019inscrit \u00e9galement dans une d\u00e9marche responsable, en regroupant en un seul lieu l\u2019ensemble des rencontres professionnelles, afin de r\u00e9duire l\u2019empreinte carbone et les co\u00fbts logistiques. <\/p>\n<p>Mais en tant que premi\u00e8re \u00e9dition, ce rendez-vous reste un pari. Rien n\u2019est encore acquis : il faudra attendre de voir si le secteur r\u00e9pond \u00e0 l\u2019appel et s\u2019approprie ce nouveau format. Les organisateurs affichent leur ambition, mais c\u2019est bien la mobilisation des professionnels qui d\u00e9cidera de l\u2019avenir de ce rendez-vous.<\/p>\n<\/p>\n<p>Nauti Pro 2026 pourrait ainsi marquer le d\u00e9but d\u2019une nouvelle dynamique pour le nautisme professionnel en France. \u00c0 Bordeaux, tous les regards seront tourn\u00e9s vers cette premi\u00e8re \u00e9dition, qui s\u2019annonce comme un test grandeur nature, porteur d\u2019espoir mais aussi scrut\u00e9 avec attention par toute la fili\u00e8re. <\/p>\n","protected":false},"excerpt":{"rendered":"Une premi\u00e8re en France, inspir\u00e9e par les grands rendez-vous internationaux Jusqu\u2019ici, les professionnels du nautisme devaient traverser les&hellip;\n","protected":false},"author":2,"featured_media":362425,"comment_status":"","ping_status":"","sticky":false,"template":"","format":"standard","meta":{"footnotes":""},"categories":[2817],"tags":[1111,11,1997,1777,674,1011,27,12,2219,25],"class_list":{"0":"post-362424","1":"post","2":"type-post","3":"status-publish","4":"format-standard","5":"has-post-thumbnail","7":"category-bordeaux","8":"tag-actu","9":"tag-actualites","10":"tag-bordeaux","11":"tag-eu","12":"tag-europe","13":"tag-fr","14":"tag-france","15":"tag-news","16":"tag-nouvelle-aquitaine","17":"tag-republique-francaise"},"share_on_mastodon":{"url":"https:\/\/pubeurope.com\/@fr\/115138532741529674","error":""},"_links":{"self":[{"href":"https:\/\/www.europesays.com\/fr\/wp-json\/wp\/v2\/posts\/362424","targetHints":{"allow":["GET"]}}],"collection":[{"href":"https:\/\/www.europesays.com\/fr\/wp-json\/wp\/v2\/posts"}],"about":[{"href":"https:\/\/www.europesays.com\/fr\/wp-json\/wp\/v2\/types\/post"}],"author":[{"embeddable":true,"href":"https:\/\/www.europesays.com\/fr\/wp-json\/wp\/v2\/users\/2"}],"replies":[{"embeddable":true,"href":"https:\/\/www.europesays.com\/fr\/wp-json\/wp\/v2\/comments?post=362424"}],"version-history":[{"count":0,"href":"https:\/\/www.europesays.com\/fr\/wp-json\/wp\/v2\/posts\/362424\/revisions"}],"wp:featuredmedia":[{"embeddable":true,"href":"https:\/\/www.europesays.com\/fr\/wp-json\/wp\/v2\/media\/362425"}],"wp:attachment":[{"href":"https:\/\/www.europesays.com\/fr\/wp-json\/wp\/v2\/media?parent=362424"}],"wp:term":[{"taxonomy":"category","embeddable":true,"href":"https:\/\/www.europesays.com\/fr\/wp-json\/wp\/v2\/categories?post=362424"},{"taxonomy":"post_tag","embeddable":true,"href":"https:\/\/www.europesays.com\/fr\/wp-json\/wp\/v2\/tags?post=362424"}],"curies":[{"name":"wp","href":"https:\/\/api.w.org\/{rel}","templated":true}]}}