{"id":362426,"date":"2025-09-03T04:42:11","date_gmt":"2025-09-03T04:42:11","guid":{"rendered":"https:\/\/www.europesays.com\/fr\/362426\/"},"modified":"2025-09-03T04:42:11","modified_gmt":"2025-09-03T04:42:11","slug":"sorties-cinema-fils-de-et-exit-8-a-laffiche-cette-semaine","status":"publish","type":"post","link":"https:\/\/www.europesays.com\/fr\/362426\/","title":{"rendered":"Sorties cin\u00e9ma\u00a0: \u00ab\u00a0Fils de\u00a0\u00bb et \u00ab\u00a0Exit 8\u00a0\u00bb \u00e0 l\u2019affiche cette semaine"},"content":{"rendered":"<p>\n                                                                    l&rsquo;essentiel<br \/>\n                                                                Marc Van Maele, directeur du cin\u00e9ma ABC \u00e0 Toulouse, nous livre ses choix sur les films qui sortent cette semaine.\n                            <\/p>\n<p>\u00ab\u00a0Fils de \u00a0\u00bb<\/p>\n<p>\u00c0 la fois satire du monde politique et du n\u00e9potisme qui s\u00e9vit en France un peu dans tous les milieux, de la politique au cin\u00e9ma, \u00ab\u00a0Fils de\u00a0\u00bb se d\u00e9roule une semaine apr\u00e8s la pr\u00e9sidentielle, alors que la France cherche toujours son Premier ministre. Nino, jeune attach\u00e9 parlementaire ambitieux, est missionn\u00e9 pour convaincre son p\u00e8re d\u2019accepter le poste. Mais cet \u00e9ternel perdant, socialiste de la vieille \u00e9cole au pass\u00e9 r\u00e9volutionnaire, a coup\u00e9 les ponts avec la politique\u2026 et avec son fils.<\/p>\n<p class=\"std-elt__inline\">\n        <strong>\u00c0 lire aussi :<\/strong><br \/>\n        <a href=\"https:\/\/www.ladepeche.fr\/2025\/08\/30\/dans-mon-cinema-je-me-permets-tous-les-reves-pierre-richard-a-presente-son-dernier-film-a-toulouse-12899680.php\" rel=\"nofollow noopener\" target=\"_blank\">\u00ab\u00a0Dans mon cin\u00e9ma, je me permets tous les r\u00eaves\u00a0\u00bb\u00a0: Pierre Richard\u00a0a pr\u00e9sent\u00e9 son dernier film \u00e0 Toulouse<\/a>\n    <\/p>\n<p>Le r\u00e9alisateur Carlos Abascal Peiro dont c\u2019est l\u00e0 le premier film sait de quoi il parle puisqu\u00a0\u00bbavant de devenir cin\u00e9aste, il \u00e9tait journaliste pour plusieurs m\u00e9dias espagnols \u00e0 Madrid puis \u00e0 Paris\u2026 De facture assez classique, ce film sur l\u2019affrontement sans merci pour l\u2019accession au pouvoir est port\u00e9 par ses acteurs (Fran\u00e7ois Cluzet\/Karine Viard\/Alex Lutz\u2026) jouant avec malice dans ce panier de crabes. Sans oublier Jean Chevalier jeune pensionnaire de la Com\u00e9die Fran\u00e7aise, qui incarne Nino et dont c\u2019est l\u00e0 le premier grand r\u00f4le au cin\u00e9ma.<\/p>\n<p>\u00ab\u00a0Exit 8 \u00a0\u00bb<\/p>\n<p>Un homme pi\u00e9g\u00e9 dans un couloir de m\u00e9tro cherche la sortie num\u00e9ro\u00a08. Pour la trouver, il faut traquer les anomalies. S\u2019il en voit une, il fait demi-tour. S\u2019il n\u2019en voit aucune, il continue. S\u2019il se trompe, il est renvoy\u00e9 \u00e0 son point de d\u00e9part. Parviendra-t-il \u00e0 sortir de ce couloir sans fin\u00a0?<\/p>\n<p class=\"std-elt__inline\">\n        <strong>\u00c0 lire aussi :<\/strong><br \/>\n        <a href=\"https:\/\/www.ladepeche.fr\/2025\/08\/21\/fifigrot-a-toulouse-un-cinema-decale-avec-un-gout-pour-labsurde-qui-peut-secouer-12876064.php\" rel=\"nofollow noopener\" target=\"_blank\">Fifigrot \u00e0 Toulouse\u00a0: \u00ab\u00a0Un cin\u00e9ma d\u00e9cal\u00e9, avec un go\u00fbt pour l\u2019absurde, qui peut secouer\u00a0\u00bb<\/a>\n    <\/p>\n<p>Adaptation de Genki Kawamura d\u2019un jeu vid\u00e9o \u00e9ponyme \u00e0 succ\u00e8s sorti en 2023, pr\u00e9sent\u00e9 en S\u00e9ance de Minuit\u00a0cette\u00a0ann\u00e9e \u00e0 Cannes, est int\u00e9ressant car il nous fait entrer dans l\u2019univers du jeu vid\u00e9o par le biais du cin\u00e9ma. \u00c0 la fois ludique au 1er degr\u00e9, il \u00e9voque aussi, l\u2019air de rien, sur un mode m\u00e9taphorique, les angoisses de la soci\u00e9t\u00e9 japonaise. Pour le r\u00e9alisateur, en effet, en\u00a0jouant sur les peurs, tant primitives qu\u2019universelles, le jeu \u00ab\u00a0Exit 8\u00a0\u00bb r\u00e9v\u00e8le les p\u00e9ch\u00e9s et les peurs que les personnes portent au fond d\u2019elles-m\u00eames.<\/p>\n<p>    Avant-premi\u00e8re\u00a0: \u00ab\u00a0Nino\u00a0\u00bb lundi \u00e0 l\u2019ABC<\/p>\n<p>Lundi 8\u00a0septembre \u00e0 20\u00a0h\u00a030 \u00e0 l\u2019ABC, avant-premi\u00e8re (sortie en salles le 17\u00a0septembre) du film \u00ab\u00a0Nino\u00a0\u00bb de Pauline Loqu\u00e8s. Pr\u00e9sent\u00e9 cette ann\u00e9e \u00e0 Cannes \u00e0 la Semaine de la Critique et actuellement s\u00e9lectionn\u00e9 au festival de Toronto, le film raconte l\u2019histoire de Nino, 29 ans qui, alors qu\u2019il venait consulter pour un banal mal de gorge, apprend qu\u2019il a un cancer et que son traitement va commencer dans trois jours. D\u2019ici l\u00e0, les m\u00e9decins lui ont donn\u00e9 deux imp\u00e9ratifs qui vont mener le jeune homme, \u00e0 travers Paris, a\u0300 refaire corps avec les autres et avec lui-m\u00eame. Pour affronter, ensemble, la plus grande \u00e9preuve de sa jeune vie\u2026 Un premier film qui touche au c\u0153ur dans lequel le com\u00e9dien Th\u00e9odore Pellerin, qui interpr\u00e8te Nino, rayonne d\u2019intensit\u00e9.<\/p>\n<p>\u00a0<\/p>\n","protected":false},"excerpt":{"rendered":"l&rsquo;essentiel Marc Van Maele, directeur du cin\u00e9ma ABC \u00e0 Toulouse, nous livre ses choix sur les films qui&hellip;\n","protected":false},"author":2,"featured_media":362427,"comment_status":"","ping_status":"","sticky":false,"template":"","format":"standard","meta":{"footnotes":""},"categories":[2816],"tags":[1111,11,1777,674,1011,27,12,2680,25,2312],"class_list":{"0":"post-362426","1":"post","2":"type-post","3":"status-publish","4":"format-standard","5":"has-post-thumbnail","7":"category-toulouse","8":"tag-actu","9":"tag-actualites","10":"tag-eu","11":"tag-europe","12":"tag-fr","13":"tag-france","14":"tag-news","15":"tag-occitanie","16":"tag-republique-francaise","17":"tag-toulouse"},"share_on_mastodon":{"url":"https:\/\/pubeurope.com\/@fr\/115138536719385671","error":""},"_links":{"self":[{"href":"https:\/\/www.europesays.com\/fr\/wp-json\/wp\/v2\/posts\/362426","targetHints":{"allow":["GET"]}}],"collection":[{"href":"https:\/\/www.europesays.com\/fr\/wp-json\/wp\/v2\/posts"}],"about":[{"href":"https:\/\/www.europesays.com\/fr\/wp-json\/wp\/v2\/types\/post"}],"author":[{"embeddable":true,"href":"https:\/\/www.europesays.com\/fr\/wp-json\/wp\/v2\/users\/2"}],"replies":[{"embeddable":true,"href":"https:\/\/www.europesays.com\/fr\/wp-json\/wp\/v2\/comments?post=362426"}],"version-history":[{"count":0,"href":"https:\/\/www.europesays.com\/fr\/wp-json\/wp\/v2\/posts\/362426\/revisions"}],"wp:featuredmedia":[{"embeddable":true,"href":"https:\/\/www.europesays.com\/fr\/wp-json\/wp\/v2\/media\/362427"}],"wp:attachment":[{"href":"https:\/\/www.europesays.com\/fr\/wp-json\/wp\/v2\/media?parent=362426"}],"wp:term":[{"taxonomy":"category","embeddable":true,"href":"https:\/\/www.europesays.com\/fr\/wp-json\/wp\/v2\/categories?post=362426"},{"taxonomy":"post_tag","embeddable":true,"href":"https:\/\/www.europesays.com\/fr\/wp-json\/wp\/v2\/tags?post=362426"}],"curies":[{"name":"wp","href":"https:\/\/api.w.org\/{rel}","templated":true}]}}