{"id":362428,"date":"2025-09-03T04:43:12","date_gmt":"2025-09-03T04:43:12","guid":{"rendered":"https:\/\/www.europesays.com\/fr\/362428\/"},"modified":"2025-09-03T04:43:12","modified_gmt":"2025-09-03T04:43:12","slug":"affaire-jubillar-un-temoin-rarissime-cite-au-proces-lex-procureur-de-la-republique-de-toulouse-sera-entendu-quatre-ans-apres-la-polemique","status":"publish","type":"post","link":"https:\/\/www.europesays.com\/fr\/362428\/","title":{"rendered":"Affaire Jubillar : un t\u00e9moin rarissime cit\u00e9 au proc\u00e8s&#8230; l\u2019ex-procureur de la R\u00e9publique de Toulouse sera entendu, quatre ans apr\u00e8s la pol\u00e9mique"},"content":{"rendered":"<p>\n                                                                    l&rsquo;essentiel<br \/>\n                                                                Fait rare dans un proc\u00e8s d\u2019assises, un ancien procureur de la R\u00e9publique, en l\u2019occurrence Dominique Alz\u00e9ari, ex-chef du parquet, \u00e0 Toulouse, est cit\u00e9 parmi les t\u00e9moins lors du proc\u00e8s Jubillar. Selon la d\u00e9fense du peintre plaquiste, la conf\u00e9rence de presse du 18\u00a0juin 2021 d\u00e9taillait des \u00e9l\u00e9ments \u00ab\u00a0biais\u00e9s et parcellaires\u00a0\u00bb.\n                            <\/p>\n<p>Ce sera \u00e0 coup s\u00fbr l\u2019un des moments forts du proc\u00e8s Jubillar. Ils ne sont pas nombreux, magistrats du parquet ou juges d\u2019instruction, \u00e0 se trouver de l\u2019autre c\u00f4t\u00e9 de la barre pour t\u00e9moigner devant une cour d\u2019assises. Ce sera pourtant le cas dans moins de trois semaines.<\/p>\n<p>        <img decoding=\"async\" class=\"std-img__img responsive-img\" src=\"https:\/\/www.europesays.com\/fr\/wp-content\/uploads\/2025\/09\/1756874592_960_image.jpg\" alt=\"AFFAIRE JUBILLAR\"\/><\/p>\n<p>                AFFAIRE JUBILLAR<br \/>\n                                    DDM &#8211; NATHALIE SAINT-AFFRE<\/p>\n<p>L\u2019ex-procureur de la R\u00e9publique de Toulouse, Dominique Alz\u00e9ari (2018-2021), est cit\u00e9 par la d\u00e9fense pour t\u00e9moigner lors du proc\u00e8s de C\u00e9dric Jubillar qui doit se tenir \u00e0 partir du 22\u00a0septembre devant la cour d\u2019assises du Tarn, \u00e0 Albi. Le peintre plaquiste de 38 ans est accus\u00e9 d\u2019avoir tu\u00e9 son \u00e9pouse, Delphine Jubillar, dans la nuit du 15 au 16\u00a0d\u00e9cembre 2020, \u00e0 Cagnac-les-Mines. Son corps n\u2019a jamais \u00e9t\u00e9 retrouv\u00e9. Il se dit toujours innocent.<\/p>\n<p>Le 18\u00a0juin 2021, Dominique Alz\u00e9ari, alors Procureur\u00a0de la R\u00e9publique de Toulouse, donne une conf\u00e9rence de presse, tr\u00e8s attendue, sur les suites de cette affaire criminelle. Devant de tr\u00e8s nombreux m\u00e9dias, <a href=\"https:\/\/www.ladepeche.fr\/2021\/06\/19\/il-surveillait-son-epouse-9616398.php\" target=\"_self\" rel=\"nofollow noopener\">le chef du parquet livre\u00a0moult\u00a0d\u00e9tails<\/a> r\u00e9v\u00e9lant les charges qui p\u00e8sent alors sur le principal suspect\u00a0mis en examen, le jour m\u00eame, pour \u00ab\u00a0meurtre sur conjoint\u00a0\u00bb.<\/p>\n<p>\u00ab\u00a0P\u00e9ch\u00e9 originel\u00a0\u00bb<\/p>\n<p>Son intervention avait suscit\u00e9 de nombreuses r\u00e9actions. Tant au niveau de la sph\u00e8re judiciaire elle-m\u00eame, que parmi les d\u00e9fenseurs de la pr\u00e9somption d\u2019innocence et au premier rang d\u2019entre-eux, les avocats de C\u00e9dric Jubillar. \u00ab\u00a0Il\u00a0a pass\u00e9 son temps \u00e0 donner des informations biais\u00e9es, parcellaires et parfois mensong\u00e8res\u00a0\u00bb, s\u2019insurgent, \u00e0 cette \u00e9poque, Mes Martin, Franck et Alary.<\/p>\n<p class=\"std-elt__inline\">\n        <strong>\u00c0 lire aussi :<\/strong><br \/>\n        <a href=\"https:\/\/www.ladepeche.fr\/2025\/06\/07\/decryptage-affaire-jubillar-rien-ne-va-comment-la-conference-de-presse-ratee-du-procureur-alzeari-a-affaibli-laccusation-12733675.php\" rel=\"nofollow noopener\" target=\"_blank\">DECRYPTAGE. Affaire Jubillar : \u00ab\u00a0Rien ne va&#8230;\u00a0\u00bb Comment la conf\u00e9rence de presse rat\u00e9e du procureur Alz\u00e9ari a affaibli l\u2019accusation<\/a>\n    <\/p>\n<p>La d\u00e9fense\u00a0a toujours consid\u00e9r\u00e9 que le magistrat, sous- couvert de l\u2019article\u00a011-3 du Code de proc\u00e9dure p\u00e9nale l\u2019autorisant \u00e0 communiquer, a \u00ab\u00a0outrepass\u00e9\u00a0\u00bb son r\u00f4le. V\u00e9ritable point de bascule dans l\u2019affaire, cette conf\u00e9rence de presse constitue pour certains \u00ab\u00a0le p\u00e9ch\u00e9 originel\u00a0\u00bb de ce feuilleton judiciaire interminable. La cause\u00a0? Des \u00e9l\u00e9ments d\u2019enqu\u00eate trop fragiles et impr\u00e9cis qui, selon la d\u00e9fense, ont\u00a0orient\u00e9 l\u2019opinion, \u00e9gratignant le principe de la pr\u00e9somption d\u2019innocence.<\/p>\n<p>\u00ab\u00a0Violente dispute\u00a0\u00bb<\/p>\n<p>Ainsi le procureur Alz\u00e9ari \u00e9voque la pr\u00e9sence d\u2019une couette dans la machine \u00e0 laver\u00a0d\u00e9clench\u00e9e\u2026 Or, ce n\u2019est pas la couette mais la housse de couette \u00e0 rayures blanches et bleues qui s\u00e9chait sur un \u00e9tendoir que les gendarmes ont vu d\u00e8s leur arriv\u00e9e dans la maison des Jubillar. Premi\u00e8re impr\u00e9cision. Il y a ensuite ses \u00ab\u00a040 pas\u00a0\u00bb qu\u2019aurait fait C\u00e9dric pour chercher sa femme, entre 4h09 (appel gendarmerie) et 4h50 (arriv\u00e9e des gendarmes). Des recherches qualifi\u00e9es de \u00ab\u00a0sommaires\u00a0\u00bb. L\u2019enqu\u00eate \u00e9tablit en r\u00e9alit\u00e9 que sur le cr\u00e9neau horaire 5h-6h, le podom\u00e8tre affiche 275 pas, soit une distance de 181 m\u00e8tres parcourus.<\/p>\n<p>Entre autres \u00e9l\u00e9ments, le chef du parquet de Toulouse qualifie \u00e9galement de \u00ab\u00a0violente\u00a0\u00bb la dispute qu\u2019aurait entendu Louis, 6 ans, l\u2019enfant du couple (Cf, seconde audition du 20\u00a0janvier 2021). Or, lors de son premier t\u00e9moignage, le 16\u00a0d\u00e9cembre 2020, l\u2019enfant n\u2019\u00e9voque aucun signe de dispute entre ses parents. Mais cet \u00e9l\u00e9ment n\u2019est pas communiqu\u00e9 par le magistrat\u00a0qui \u00e9tait alors encadr\u00e9 du patron de la Section de recherches et du commandant du groupement de la gendarmerie du Tarn.<\/p>\n<p>Dominique Alz\u00e9ari a quitt\u00e9 le parquet de Toulouse \u00e0 l\u2019\u00e9t\u00e9 2021. Il est\u00a0aujourd\u2019hui\u00a0avocat g\u00e9n\u00e9ral \u00e0 la cour d\u2019appel de Paris.<\/p>\n","protected":false},"excerpt":{"rendered":"l&rsquo;essentiel Fait rare dans un proc\u00e8s d\u2019assises, un ancien procureur de la R\u00e9publique, en l\u2019occurrence Dominique Alz\u00e9ari, ex-chef&hellip;\n","protected":false},"author":2,"featured_media":362429,"comment_status":"","ping_status":"","sticky":false,"template":"","format":"standard","meta":{"footnotes":""},"categories":[2816],"tags":[1111,11,1777,674,1011,27,12,2680,25,2312],"class_list":{"0":"post-362428","1":"post","2":"type-post","3":"status-publish","4":"format-standard","5":"has-post-thumbnail","7":"category-toulouse","8":"tag-actu","9":"tag-actualites","10":"tag-eu","11":"tag-europe","12":"tag-fr","13":"tag-france","14":"tag-news","15":"tag-occitanie","16":"tag-republique-francaise","17":"tag-toulouse"},"share_on_mastodon":{"url":"https:\/\/pubeurope.com\/@fr\/115138540989005163","error":""},"_links":{"self":[{"href":"https:\/\/www.europesays.com\/fr\/wp-json\/wp\/v2\/posts\/362428","targetHints":{"allow":["GET"]}}],"collection":[{"href":"https:\/\/www.europesays.com\/fr\/wp-json\/wp\/v2\/posts"}],"about":[{"href":"https:\/\/www.europesays.com\/fr\/wp-json\/wp\/v2\/types\/post"}],"author":[{"embeddable":true,"href":"https:\/\/www.europesays.com\/fr\/wp-json\/wp\/v2\/users\/2"}],"replies":[{"embeddable":true,"href":"https:\/\/www.europesays.com\/fr\/wp-json\/wp\/v2\/comments?post=362428"}],"version-history":[{"count":0,"href":"https:\/\/www.europesays.com\/fr\/wp-json\/wp\/v2\/posts\/362428\/revisions"}],"wp:featuredmedia":[{"embeddable":true,"href":"https:\/\/www.europesays.com\/fr\/wp-json\/wp\/v2\/media\/362429"}],"wp:attachment":[{"href":"https:\/\/www.europesays.com\/fr\/wp-json\/wp\/v2\/media?parent=362428"}],"wp:term":[{"taxonomy":"category","embeddable":true,"href":"https:\/\/www.europesays.com\/fr\/wp-json\/wp\/v2\/categories?post=362428"},{"taxonomy":"post_tag","embeddable":true,"href":"https:\/\/www.europesays.com\/fr\/wp-json\/wp\/v2\/tags?post=362428"}],"curies":[{"name":"wp","href":"https:\/\/api.w.org\/{rel}","templated":true}]}}