{"id":362430,"date":"2025-09-03T04:44:09","date_gmt":"2025-09-03T04:44:09","guid":{"rendered":"https:\/\/www.europesays.com\/fr\/362430\/"},"modified":"2025-09-03T04:44:09","modified_gmt":"2025-09-03T04:44:09","slug":"lille-nouveaux-sites-thematique-2025-reservation-tout-savoir-pour-preparer-les-journees-du-patrimoine","status":"publish","type":"post","link":"https:\/\/www.europesays.com\/fr\/362430\/","title":{"rendered":"Lille. Nouveaux sites, th\u00e9matique 2025, r\u00e9servation\u2026 Tout savoir pour pr\u00e9parer les Journ\u00e9es du patrimoine"},"content":{"rendered":"<p>            Par<br \/>\n        <strong><br \/>\n            <a href=\"https:\/\/actu.fr\/auteur\/amandine-vachez\" title=\"Consulter tous les articles de Amandine Vachez\" rel=\"nofollow noopener\" target=\"_blank\">Amandine Vachez<\/a><br \/>\n        <\/strong><\/p>\n<p>        Publi\u00e9 le<\/p>\n<p>            3 sept. 2025 \u00e0 6h20        <\/p>\n<p>Trois jours pour (re) d\u00e9couvrir le <a href=\"https:\/\/actu.fr\/tag\/patrimoine\" rel=\"nofollow noopener\" target=\"_blank\">patrimoine<\/a> proche (ou pas) de chez vous\u2009: c\u2019est ce qui vous attend pour les <b>\u00ab\u2009JEP\u2009\u00bb<\/b>, <a href=\"https:\/\/actu.fr\/tag\/journees-europeennes-du-patrimoine\" rel=\"nofollow noopener\" target=\"_blank\">Journ\u00e9es europ\u00e9ennes du patrimoine<\/a> le 3e week-end de septembre. Nouveaut\u00e9s, th\u00e9matique, infos pratiques\u2026 Zoom sur ce qui vous attend \u00e0 <a href=\"https:\/\/actu.fr\/lille\/\" rel=\"nofollow noopener\" target=\"_blank\">Lille<\/a> (Nord) pour cette 42e \u00e9dition de l\u2019\u00e9v\u00e9nement, qui se d\u00e9clinera les <b>vendredi\u00a019, samedi\u00a020 et dimanche 21\u00a0septembre 2025<\/b>.<\/p>\n<p>Les lieux \u00ab\u2009confidentiels\u2009\u00bb tr\u00e8s pris\u00e9s<\/p>\n<p class=\" wall-content\">\u00ab\u2009Pour nous c\u2019est un week-end important, dans une p\u00e9riode d\u00e9j\u00e0 tr\u00e8s charg\u00e9e\u2009\u00bb, confie le responsable promotion S\u00e9lic Lenne. Car <b>Lille est une destination id\u00e9ale pour un \u00ab\u2009city break\u2009\u00bb<\/b>, particuli\u00e8rement pl\u00e9biscit\u00e9 \u00e0 cette p\u00e9riode.<b\/><\/p>\n<p class=\" wall-content\">Vous vous demandez peut-\u00eatre \u00e0 ce stade quels sont les sites les plus demand\u00e9s, lors des Journ\u00e9es du patrimoine\u2009: l\u2019<b>Op\u00e9ra de Lille<\/b>, la <b>pr\u00e9fecture<\/b>, le <b>Palais de la bourse<\/b>, l\u2019<b>H\u00f4tel de R\u00e9gion<\/b> ou encore la<b> Citadelle<\/b>, qui <a href=\"https:\/\/actu.fr\/hauts-de-france\/lille_59350\/ouverture-de-la-citadelle-de-lille-apres-un-franc-succes-larmee-de-terre-promet-une-prochaine-edition_62783457.html\" rel=\"nofollow noopener\" target=\"_blank\">n\u2019ouvre ses portes que tr\u00e8s rarement au public<\/a>.<\/p>\n<p class=\" wall-content\">Plus que les monuments ouverts toute l\u2019ann\u00e9e, ce sont logiquement ceux qui n\u2019ouvrent leur porte qu\u2019une fois l\u2019an ou rarement qui attirent le plus. Parmi eux les h\u00f4tels particuliers\u2009: l\u2019<b>H\u00f4tel Scrive<\/b> (qui abrite la Drac) ou l\u2019<b>H\u00f4tel d\u2019Aigremont<\/b>, rue de Roubaix (qui appartient \u00e0 l\u2019arm\u00e9e). Le <b>canal Saint-Pierre<\/b>, qui vous emm\u00e8ne sur les traces des origines de la ville, fait aussi partie des incontournables. La visite sera propos\u00e9e par l\u2019association Renaissance du Lille ancien, qui a notamment lanc\u00e9 <a href=\"https:\/\/actu.fr\/hauts-de-france\/lille_59350\/patrimoine-vieux-lille-des-niches-et-groupes-sculptes-en-peril-entrent-en-phase-de-restauration_61725670.html\" rel=\"nofollow noopener\" target=\"_blank\">un grand projet de restauration de niches du Vieux-Lille en p\u00e9ril<\/a>.<\/p>\n<p class=\" wall-content\">Ailleurs dans la m\u00e9tropole, les curieux pourront sauter sur l\u2019occasion de visiter des sites tels que\u00a0l\u2019<b>ESAT<\/b> de Roubaix, le<b> ch\u00e2teau de la Fontaine <\/b>\u00e0 Croix ou encore le <b>Palais de justice<\/b> de Roubaix, pr\u00e9cise notre guide.<\/p>\n<p>Nouveaut\u00e9s et th\u00e9matique g\u00e9n\u00e9rale de l\u2019ann\u00e9e<\/p>\n<p class=\" wall-content\">Cette ann\u00e9e, de nouveaux sites ouvriront leurs portes, nous indique Hello Lille\u2009: le <a href=\"https:\/\/actu.fr\/hauts-de-france\/lille_59350\/lille-le-palais-rameau-renove-entame-sa-nouvelle-vie-avec-les-etudiants-de-junia_61939472.html\" rel=\"nofollow noopener\" target=\"_blank\">flambant neuf<\/a> <b>Palais Rameau<\/b>, et l\u2019<b>IRA<\/b>, Institut R\u00e9gional d\u2019Administration, \u00e0 Moulins. Pour la 2e ann\u00e9e cons\u00e9cutive, le quotidien r\u00e9gional <b>La Voix du Nord<\/b> invite aussi \u00e0 d\u00e9couvrir ses coulisses, au travers d\u2019un programme de visites immersives.<\/p>\n<p class=\" wall-content\">Pour cette \u00e9dition, le maire de Lille <a href=\"https:\/\/actu.fr\/hauts-de-france\/lille_59350\/demission-de-martine-aubry-qui-est-le-nouveau-maire-de-lille_62406681.html\" rel=\"nofollow noopener\" target=\"_blank\">Arnaud Deslandes<\/a> annonce \u00ab\u2009une programmation dense et diversifi\u00e9e\u2009\u00bb, autour de la <b>th\u00e9matique nationale\u2009: l\u2019architecture<\/b>.\u00a0<\/p>\n<p>Votre r\u00e9gion, votre actu !<\/p>\n<p>Recevez chaque jour les infos qui comptent pour vous.<\/p>\n<p>\t<a href=\"https:\/\/actu.fr\/newsletter\" class=\"ac-btn ac-btn--corner ac-btn--medium ac-btn--blue800\" rel=\"nofollow noopener\" target=\"_blank\">S&rsquo;incrire<\/a><br \/>\nLes g\u00e9ants mis \u00e0 l\u2019honneur par la Ville et ses partenaires<\/p>\n<p class=\" wall-content\">\u00c0 c\u00f4t\u00e9 de \u00e7a, <b>les g\u00e9ants<\/b>, symboles cl\u00e9s du patrimoine culturel r\u00e9gional, seront <b>mis \u00e0 l\u2019honneur<\/b>, en \u00e9cho \u00e0 l\u2019<a href=\"https:\/\/actu.fr\/hauts-de-france\/lille_59350\/a-lille-apres-les-fetes-flamandes-les-geants-mis-en-avant-dans-une-expo-au-palais-des-beaux-arts_62909511.html\" rel=\"nofollow noopener\" target=\"_blank\">exposition cibl\u00e9e du Palais des Beaux-arts<\/a>. Le samedi, l\u2019H\u00f4tel de Ville accueille une programmation sur-mesure, avec divers temps forts, entre contes, ateliers, spectacle, exposition et concert. Le lieu est bien choisi, puisque 2025 marque les 20\u00a0ans de l\u2019entr\u00e9e du beffroi de l\u2019H\u00f4tel de ville (le plus haut d\u2019Europe) au patrimoine mondial de l\u2019UNESCO.<\/p>\n<p>Pour r\u00e9server votre visite pour les \u00ab\u2009JEP\u2009\u00bb, ne tardez pas\u2009! Vous pouvez le faire d\u00e8s ce 3\u00a0septembre. Le lien et le programme complet sont disponibles <a href=\"https:\/\/www.lille.fr\/Journees-europeennes-du-Patrimoine\/Actualites\/Journees-du-patrimoine-2025\" rel=\"nofollow noopener\" target=\"_blank\">sur le site de la Ville<\/a>.<\/p>\n<p class=\" wall-content\">Personnalisez votre actualit\u00e9 en ajoutant vos villes et m\u00e9dias en favori avec <a href=\"https:\/\/moncompte.actu.fr\" title=\"D\u00e9couvez Mon Actu\" rel=\"nofollow noopener\" data-trk=\"{&quot;cta&quot;:{&quot;action&quot;:&quot;https:\\\/\\\/moncompte.actu.fr&quot;,&quot;category&quot;:&quot;mon compte&quot;,&quot;from&quot;:&quot;article footer&quot;,&quot;name&quot;:&quot;Mon actu&quot;,&quot;type&quot;:&quot;cta&quot;}}\" target=\"_blank\">Mon Actu<\/a>.<\/p>\n","protected":false},"excerpt":{"rendered":"Par Amandine Vachez Publi\u00e9 le 3 sept. 2025 \u00e0 6h20 Trois jours pour (re) d\u00e9couvrir le patrimoine proche&hellip;\n","protected":false},"author":2,"featured_media":362431,"comment_status":"","ping_status":"","sticky":false,"template":"","format":"standard","meta":{"footnotes":""},"categories":[2815],"tags":[1111,11,1777,674,1011,27,811,47275,1307,1652,12,2551,25],"class_list":{"0":"post-362430","1":"post","2":"type-post","3":"status-publish","4":"format-standard","5":"has-post-thumbnail","7":"category-lille","8":"tag-actu","9":"tag-actualites","10":"tag-eu","11":"tag-europe","12":"tag-fr","13":"tag-france","14":"tag-hauts-de-france","15":"tag-journees-europeennes-du-patrimoine","16":"tag-lille","17":"tag-loisirs-culture","18":"tag-news","19":"tag-patrimoine","20":"tag-republique-francaise"},"share_on_mastodon":{"url":"https:\/\/pubeurope.com\/@fr\/115138544558716651","error":""},"_links":{"self":[{"href":"https:\/\/www.europesays.com\/fr\/wp-json\/wp\/v2\/posts\/362430","targetHints":{"allow":["GET"]}}],"collection":[{"href":"https:\/\/www.europesays.com\/fr\/wp-json\/wp\/v2\/posts"}],"about":[{"href":"https:\/\/www.europesays.com\/fr\/wp-json\/wp\/v2\/types\/post"}],"author":[{"embeddable":true,"href":"https:\/\/www.europesays.com\/fr\/wp-json\/wp\/v2\/users\/2"}],"replies":[{"embeddable":true,"href":"https:\/\/www.europesays.com\/fr\/wp-json\/wp\/v2\/comments?post=362430"}],"version-history":[{"count":0,"href":"https:\/\/www.europesays.com\/fr\/wp-json\/wp\/v2\/posts\/362430\/revisions"}],"wp:featuredmedia":[{"embeddable":true,"href":"https:\/\/www.europesays.com\/fr\/wp-json\/wp\/v2\/media\/362431"}],"wp:attachment":[{"href":"https:\/\/www.europesays.com\/fr\/wp-json\/wp\/v2\/media?parent=362430"}],"wp:term":[{"taxonomy":"category","embeddable":true,"href":"https:\/\/www.europesays.com\/fr\/wp-json\/wp\/v2\/categories?post=362430"},{"taxonomy":"post_tag","embeddable":true,"href":"https:\/\/www.europesays.com\/fr\/wp-json\/wp\/v2\/tags?post=362430"}],"curies":[{"name":"wp","href":"https:\/\/api.w.org\/{rel}","templated":true}]}}