{"id":362432,"date":"2025-09-03T04:45:39","date_gmt":"2025-09-03T04:45:39","guid":{"rendered":"https:\/\/www.europesays.com\/fr\/362432\/"},"modified":"2025-09-03T04:45:39","modified_gmt":"2025-09-03T04:45:39","slug":"mbemba-retrouve-les-terrains-a-lille-france-lille-osc","status":"publish","type":"post","link":"https:\/\/www.europesays.com\/fr\/362432\/","title":{"rendered":"Mbemba retrouve les terrains \u00e0 Lille &#8211; France &#8211; Lille OSC"},"content":{"rendered":"<p>La saison du loft est finie.<\/p>\n<p>Apr\u00e8s avoir pass\u00e9 un an sans jouer du c\u00f4t\u00e9 de l\u2019Olympique de Marseille, <strong>Chancel Mbemba va retrouver les terrains de football du c\u00f4t\u00e9 de Lille<\/strong>. Libre de tout contrat depuis la fin de son aventure phoc\u00e9enne, le capitaine de la R\u00e9publique d\u00e9mocratique du Congo se serait engag\u00e9 <strong>pour une ann\u00e9e chez les Dogues<\/strong>. <a target=\"_blank\" href=\"https:\/\/www.losc.fr\/actualites\/2025-09-01\/chancel-mbemba-un-roc-defensif-chez-les-dogues\" rel=\"nofollow noopener\">Dans son communiqu\u00e9<\/a>, le LOSC le pr\u00e9sente comme un joueur \u00ab\u202fsolide dans les duels au sol comme dans les airs, Chancel Mbemba est bien plus qu\u2019un d\u00e9fenseur d\u2019impact. Sa lecture du jeu, son sens de l\u2019anticipation et sa qualit\u00e9 de relance associ\u00e9s \u00e0 sa grande exp\u00e9rience du football europ\u00e9en (7 campagnes europ\u00e9ennes, dont 6 en Ligue des champions) lui conf\u00e8rent du leadership, alors qu\u2019il est \u00e9galement capable de se montrer d\u00e9cisif dans le jeu a\u00e9rien offensif. Polyvalent, Chancel peut \u00e9galement \u00e9voluer dans les couloirs en cas de besoin.\u00a0\u00bb<\/p>\n<p>Une saison en enfer<\/p>\n<p>Apr\u00e8s avoir \u00e9t\u00e9 \u00e9tiquet\u00e9 comme ind\u00e9sirable l\u2019\u00e9t\u00e9 dernier du c\u00f4t\u00e9 de Marseille pour avoir refus\u00e9 de prolonger son contrat, il avait finalement \u00e9t\u00e9 \u00e9cart\u00e9 du club \u00e0 la suite de sa mise \u00e0 pied <a target=\"_blank\" href=\"https:\/\/www.sofoot.com\/breves\/chancel-mbemba-sanctionne-financierement-par-lom\" rel=\"nofollow noopener\">pour son altercation avec Ali Zarrak<\/a>. Souhaitant aller au bout de son contrat au club, le d\u00e9fenseur de 31 ans, grand artisan de l\u2019\u00e9pop\u00e9e europ\u00e9enne olympienne en Ligue Europa lors de la saison 2023-2024, <strong>n\u2019a donc plus jamais port\u00e9 la tunique ciel et blanc<\/strong>\u00a0avant de quitter le club libre au 30 juin dernier. Il a en revanche toujours conserv\u00e9 la confiance de son s\u00e9lectionneur chez les L\u00e9opards et son brassard de capitaine.<\/p>\n<p>\u00c0 voir si \u00e0 Lille on le surnommera \u00ab\u202fcousin\u202f\u00bb.<\/p>\n<p>\t\t\t\t\t\t\t\t\t\t<a class=\"lien-connexe\" href=\"https:\/\/www.sofoot.com\/breves\/la-ligue-1-va-perdre-un-de-ses-plus-grands-artistes\" rel=\"nofollow noopener\" target=\"_blank\">La Ligue 1 va perdre un de ses plus grands artistes<\/a>\t\t\t\t\t<\/p>\n","protected":false},"excerpt":{"rendered":"La saison du loft est finie. Apr\u00e8s avoir pass\u00e9 un an sans jouer du c\u00f4t\u00e9 de l\u2019Olympique de&hellip;\n","protected":false},"author":2,"featured_media":362433,"comment_status":"","ping_status":"","sticky":false,"template":"","format":"standard","meta":{"footnotes":""},"categories":[2815],"tags":[1111,47,11,61,69,65,64,1777,674,63,1011,27,811,68,66,1307,12,62,70,25,67],"class_list":{"0":"post-362432","1":"post","2":"type-post","3":"status-publish","4":"format-standard","5":"has-post-thumbnail","7":"category-lille","8":"tag-actu","9":"tag-actualite","10":"tag-actualites","11":"tag-actus-football","12":"tag-bundesliga","13":"tag-championnats-europeens","14":"tag-equipe-de-france","15":"tag-eu","16":"tag-europe","17":"tag-football","18":"tag-fr","19":"tag-france","20":"tag-hauts-de-france","21":"tag-ligua","22":"tag-ligue-1","23":"tag-lille","24":"tag-news","25":"tag-news-foot","26":"tag-premier-league","27":"tag-republique-francaise","28":"tag-serie-a"},"share_on_mastodon":{"url":"https:\/\/pubeurope.com\/@fr\/115138548492845774","error":""},"_links":{"self":[{"href":"https:\/\/www.europesays.com\/fr\/wp-json\/wp\/v2\/posts\/362432","targetHints":{"allow":["GET"]}}],"collection":[{"href":"https:\/\/www.europesays.com\/fr\/wp-json\/wp\/v2\/posts"}],"about":[{"href":"https:\/\/www.europesays.com\/fr\/wp-json\/wp\/v2\/types\/post"}],"author":[{"embeddable":true,"href":"https:\/\/www.europesays.com\/fr\/wp-json\/wp\/v2\/users\/2"}],"replies":[{"embeddable":true,"href":"https:\/\/www.europesays.com\/fr\/wp-json\/wp\/v2\/comments?post=362432"}],"version-history":[{"count":0,"href":"https:\/\/www.europesays.com\/fr\/wp-json\/wp\/v2\/posts\/362432\/revisions"}],"wp:featuredmedia":[{"embeddable":true,"href":"https:\/\/www.europesays.com\/fr\/wp-json\/wp\/v2\/media\/362433"}],"wp:attachment":[{"href":"https:\/\/www.europesays.com\/fr\/wp-json\/wp\/v2\/media?parent=362432"}],"wp:term":[{"taxonomy":"category","embeddable":true,"href":"https:\/\/www.europesays.com\/fr\/wp-json\/wp\/v2\/categories?post=362432"},{"taxonomy":"post_tag","embeddable":true,"href":"https:\/\/www.europesays.com\/fr\/wp-json\/wp\/v2\/tags?post=362432"}],"curies":[{"name":"wp","href":"https:\/\/api.w.org\/{rel}","templated":true}]}}