{"id":362434,"date":"2025-09-03T04:46:16","date_gmt":"2025-09-03T04:46:16","guid":{"rendered":"https:\/\/www.europesays.com\/fr\/362434\/"},"modified":"2025-09-03T04:46:16","modified_gmt":"2025-09-03T04:46:16","slug":"158-eleves-de-plan-de-cuques-decouvrent-leur-kit-de-fournitures-scolaires","status":"publish","type":"post","link":"https:\/\/www.europesays.com\/fr\/362434\/","title":{"rendered":"158 \u00e9l\u00e8ves de Plan-de-Cuques d\u00e9couvrent leur kit de fournitures scolaires"},"content":{"rendered":"<p>Un parfum de No\u00ebl pour la rentr\u00e9e. \u00c0 Plan-de-Cuques, les 158 \u00e9l\u00e8ves de CP inscrits sur la commune ont re\u00e7u en cadeau un kit de fournitures scolaires d\u2019une valeur de 15\u00a0euros. Le maire (LR) Laurent Simon, <a href=\"https:\/\/www.laprovence.com\/article\/societe\/4464477631239314\/a-8-dans-le-van-cette-famille-de-plan-de-cuques-va-rallier-rome-pour-les-obseques-du-pape\" target=\"_blank\" rel=\"noopener\">qui a particip\u00e9 \u00e0 la distribution<\/a> dans les trois \u00e9coles de <a href=\"https:\/\/www.laprovence.com\/article\/region\/5358978865810214\/au-parc-du-bocage-les-chiens-prennent-ils-trop-de-libertes\" target=\"_blank\" rel=\"noopener\">Plan-de-Cuques<\/a> (Andr\u00e9 Malraux 1 et 2 ainsi que l\u2019\u00e9cole \u00e9l\u00e9mentaire Robert Debr\u00e9, NDLR) se f\u00e9licite d\u2019un tel geste financ\u00e9 par la collectivit\u00e9\u00a0: \u00ab\u00a0\u00c7a co\u00fbte moins cher \u00e0 une mairie que le prix pay\u00e9 en magasin par les parents, puisqu\u2019on ach\u00e8te en quantit\u00e9s importantes. Si des familles ont d\u00e9j\u00e0 fait leurs emplettes, d\u2019autres plus modestes comptent sur cette aide pour la rentr\u00e9e de septembre. Gr\u00e2ce \u00e0 cette action, tous les \u00e9l\u00e8ves ont strictement la m\u00eame chose\u00a0: c\u2019est l\u2019\u00e9galit\u00e9 r\u00e9publicaine\u00a0\u00bb, vante l\u2019\u00e9dile \u00e9lu en\u00a02020 et qui a fait le choix de r\u00e9p\u00e9ter pour la sixi\u00e8me ann\u00e9e <a href=\"https:\/\/www.laprovence.com\/article\/region\/1742831360142115\/allauch-et-plan-de-cuques-inaugurent-leur-nouvelle-caserne-de-pompiers\" target=\"_blank\" rel=\"noopener\">cette aide aux habitants<\/a>.<\/p>\n<p>Dans sa classe de CP, Livia, 6\u00a0ans, saute de joie en d\u00e9couvrant les feutres, les crayons de couleurs et le sac bleu ciel qu\u2019elle va utiliser durant l\u2019ann\u00e9e. \u00ab\u00a0Tout \u00e7a, c\u2019est pour moi\u00a0?\u00a0\u00bb, s\u2019\u00e9tonne la fillette, qui fait fondre les c\u0153urs de la ma\u00eetresse et de l\u2019\u00e9quipe municipale quand elle demande \u00ab\u00a0si elle peut ramener ses cadeaux \u00e0 la maiso&#8230;<\/p>\n","protected":false},"excerpt":{"rendered":"Un parfum de No\u00ebl pour la rentr\u00e9e. \u00c0 Plan-de-Cuques, les 158 \u00e9l\u00e8ves de CP inscrits sur la commune&hellip;\n","protected":false},"author":2,"featured_media":362435,"comment_status":"","ping_status":"","sticky":false,"template":"","format":"standard","meta":{"footnotes":""},"categories":[2814],"tags":[49749,17,1111,11,2511,1433,1121,1777,674,1011,27,884,33564,12,471,882,16,25,3585],"class_list":{"0":"post-362434","1":"post","2":"type-post","3":"status-publish","4":"format-standard","5":"has-post-thumbnail","7":"category-marseille","8":"tag-49749","9":"tag-17","10":"tag-actu","11":"tag-actualites","12":"tag-cest","13":"tag-ca","14":"tag-eleves","15":"tag-eu","16":"tag-europe","17":"tag-fr","18":"tag-france","19":"tag-marseille","20":"tag-moi","21":"tag-news","22":"tag-pour","23":"tag-provence-alpes-cote-dazur","24":"tag-region","25":"tag-republique-francaise","26":"tag-tout"},"share_on_mastodon":{"url":"https:\/\/pubeurope.com\/@fr\/115138552428569905","error":""},"_links":{"self":[{"href":"https:\/\/www.europesays.com\/fr\/wp-json\/wp\/v2\/posts\/362434","targetHints":{"allow":["GET"]}}],"collection":[{"href":"https:\/\/www.europesays.com\/fr\/wp-json\/wp\/v2\/posts"}],"about":[{"href":"https:\/\/www.europesays.com\/fr\/wp-json\/wp\/v2\/types\/post"}],"author":[{"embeddable":true,"href":"https:\/\/www.europesays.com\/fr\/wp-json\/wp\/v2\/users\/2"}],"replies":[{"embeddable":true,"href":"https:\/\/www.europesays.com\/fr\/wp-json\/wp\/v2\/comments?post=362434"}],"version-history":[{"count":0,"href":"https:\/\/www.europesays.com\/fr\/wp-json\/wp\/v2\/posts\/362434\/revisions"}],"wp:featuredmedia":[{"embeddable":true,"href":"https:\/\/www.europesays.com\/fr\/wp-json\/wp\/v2\/media\/362435"}],"wp:attachment":[{"href":"https:\/\/www.europesays.com\/fr\/wp-json\/wp\/v2\/media?parent=362434"}],"wp:term":[{"taxonomy":"category","embeddable":true,"href":"https:\/\/www.europesays.com\/fr\/wp-json\/wp\/v2\/categories?post=362434"},{"taxonomy":"post_tag","embeddable":true,"href":"https:\/\/www.europesays.com\/fr\/wp-json\/wp\/v2\/tags?post=362434"}],"curies":[{"name":"wp","href":"https:\/\/api.w.org\/{rel}","templated":true}]}}