{"id":362436,"date":"2025-09-03T04:47:13","date_gmt":"2025-09-03T04:47:13","guid":{"rendered":"https:\/\/www.europesays.com\/fr\/362436\/"},"modified":"2025-09-03T04:47:13","modified_gmt":"2025-09-03T04:47:13","slug":"lomerta-a-la-brigade-des-mineurs-de-marseille-pointee-au-proces-de-lancien-policier-accuse-de-viols-sur-enfants","status":"publish","type":"post","link":"https:\/\/www.europesays.com\/fr\/362436\/","title":{"rendered":"\u00ab\u00a0L&rsquo;omerta \u00e0 la brigade des mineurs\u00a0\u00bb de Marseille point\u00e9e au proc\u00e8s de l&rsquo;ancien policier accus\u00e9 de viols sur enfants"},"content":{"rendered":"<p>Ce mardi 2 septembre 2025, au deuxi\u00e8me jour du proc\u00e8s de l&rsquo;ancien policier accus\u00e9 de viols sur enfants, ses coll\u00e8gues et la direction de la brigade des mineurs ont t\u00e9moign\u00e9 devant la cour criminelle d&rsquo;Aix-en-Provence, dans les Bouches-du-Rh\u00f4ne. L&rsquo;audience a parfois vir\u00e9 \u00e0 un proc\u00e8s de la police.<\/p>\n<p><strong>D\u00e9poser \u00e0 la barre s&rsquo;est av\u00e9r\u00e9 difficile pour chacun des coll\u00e8gues de l&rsquo;accus\u00e9<\/strong>, l&rsquo;ancien\u00a0policier de la brigade des mineurs de Marseille,\u00a0\u00e2g\u00e9 de 46 ans aujourd&rsquo;hui, jug\u00e9 pour viols sur enfants. Ce mardi, il s&rsquo;agissait du deuxi\u00e8me jour de son proc\u00e8s\u00a0devant la cour criminelle d\u00e9partementale d&rsquo;Aix-en-Provence.\u00a0Il est reproch\u00e9 \u00e0 cet ancien brigadier, aussi pr\u00e9sident d&rsquo;une association de protection des enfants, d&rsquo;avoir\u00a0<a class=\"IciLink ici-link IciArticleLink g-ici-body-regular-1 underline brand svelte-lu7k6w\" href=\"https:\/\/www.francebleu.fr\/infos\/faits-divers-justice\/un-ancien-policier-de-la-brigade-des-mineurs-de-marseille-juge-pour-viols-sur-deux-jeunes-freres-aux-philippines-8840789\" rel=\"nofollow noopener\" target=\"_blank\">impos\u00e9 des fellations \u00e0 deux fr\u00e8res, \u00e2g\u00e9s de 11 et 15 ans \u00e0 l&rsquo;\u00e9poque des faits, lors d&rsquo;un voyage aux Philippines<\/a>\u00a0en 2018.<\/p>\n<p>La pr\u00e9sidente rappelle et mart\u00e8le\u00a0: \u00ab\u00a0C&rsquo;est bien le proc\u00e8s\u00a0\u00bb de l&rsquo;accus\u00e9. Mais Me Baptiste Bellet, l&rsquo;avocate de la Fondation pour l&rsquo;enfance qui s&rsquo;est port\u00e9e\u00a0partie civile, r\u00e9sume avec justesse. : \u00ab\u00a0Si \u00e0 un moment, on doit pointer les dysfonctionnements de la police, c&rsquo;est aujourd&rsquo;hui.\u00a0\u00bb <strong>L&rsquo;ancien coll\u00e8gue, qui a r\u00e9v\u00e9l\u00e9 l&rsquo;affaire, s&rsquo;avance, avec d\u00e9termination devant la cour<\/strong>, raconter comment il a enqu\u00eat\u00e9 seul, sa hi\u00e9rarchie contre lui. Il n&rsquo;a aucun doute quand l&rsquo;ancien brigadier, d\u00e9sormais \u00e0 la place de l&rsquo;accus\u00e9, \u00e9change des SMS inappropri\u00e9s avec un adolescent de 17 ans. \u00ab\u00a0Si on a un doute, on doit v\u00e9rifier.\u00a0\u00bb<\/p>\n<p>La brigade des mineurs divis\u00e9e entre deux camps<\/p>\n<p>Le commandant de la brigade des mineurs, la cheffe de groupe y voient de \u00ab\u00a0la drague\u00a0\u00bb. <strong>Dans la salle, quelques r\u00e9actions d&rsquo;indignation<\/strong> s&rsquo;\u00e9l\u00e8vent. Le chef de l&rsquo;unit\u00e9 pose\u00a0: \u00ab\u00a0Je ne voulais pas d&rsquo;une situation dans laquelle un homme innocent se retrouvait crucifi\u00e9. C&rsquo;est contrintuitif au possible de soup\u00e7onner celui qui se bat tous les jours contre la m\u00eame cause que la mienne.\u00a0\u00bb Au d\u00e9but de la suspicion de cet ancien coll\u00e8gue, la brigade des mineurs se divise alors en deux camps.<\/p>\n<p>Cet ancien coll\u00e8gue reprend son r\u00e9cit \u00e0 la barre. Il parle tr\u00e8s vite, il explique\u00a0: \u00ab\u00a0J&rsquo;ai d\u00fb me mettre en difficult\u00e9, en venir au coup d&rsquo;\u00e9clat\u00a0\u00bb, en l&rsquo;occurrence <strong>retourner le bureau de l&rsquo;ancien brigadier accus\u00e9<\/strong>. \u00ab\u00a0Retourner la table, au r\u00e9el comme au figur\u00e9\u00a0\u00bb, reprendront autant la pr\u00e9sidente que l&rsquo;avocat des parties civiles Me Joanny Moulin, repr\u00e9sentant des associations Parole de l&rsquo;enfant et Enfance et partage. L&rsquo;ancien coll\u00e8gue ralentit ensuite, tente au mieux de retenir les larmes qui le submergent.\u00a0\u00ab\u00a0Toute la hi\u00e9rarchie attendait que je passe \u00e0 autre chose, mais comment avec un p\u00e9dophile dans mon groupe\u00a0?\u00a0\u00bb, interpelle-t-il.<\/p>\n<p>\u00ab\u00a0Comme d\u00e9noncer un inceste dans une famille\u00a0\u00bb<\/p>\n<p>L&rsquo;inspection g\u00e9n\u00e9rale de la police (IGPN) finit par confirmer la d\u00e9tention de <strong>milliers de contenus p\u00e9dopornographiques<\/strong> et les viols sur au moins deux enfants. Mais l&rsquo;ancien coll\u00e8ge dit \u00eatre toujours vu comme \u00ab\u00a0un paria\u00a0\u00bb, \u00ab\u00a0un d\u00e9lateur\u00a0\u00bb \u00e0 la brigade des mineurs. Il d\u00e9m\u00e9nage dans les Pyr\u00e9n\u00e9es-Atlantiques. \u00c0 Marseille, \u00ab\u00a0je n&rsquo;\u00e9tais plus enqu\u00eateur, mais le miroir de cette affaire. J&rsquo;ai d\u00e9truit cette utopie dans laquelle tout allait bien \u00e0 la brigade des mineurs. Il y a comme une esp\u00e8ce d&rsquo;omerta et je suis comme celui qui d\u00e9nonce un inceste dans une famille\u00a0\u00bb, compare, <strong>avec encore beaucoup d&rsquo;amertume<\/strong>, l&rsquo;ancien coll\u00e8gue \u00e0 l&rsquo;origine de l&rsquo;affaire.<\/p>\n<p>Ce mercredi, au troisi\u00e8me jour du proc\u00e8s, doivent notamment <strong>\u00eatre entendus, \u00e0 huis clos, les deux fr\u00e8res philippins victimes de viols<\/strong>. Le verdict est attendu jeudi. Dans le d\u00e9tail, l&rsquo;ancien policier accus\u00e9\u00a0est jug\u00e9 pour viols et violences sexuelles sur mineurs de moins de 15 ans, ainsi que pour consultation, d\u00e9tention, enregistrement et diffusion de photos et de vid\u00e9os \u00e0 caract\u00e8re p\u00e9dopornographique. Contrairement \u00e0 la cour d&rsquo;assises, ce ne sont pas des jur\u00e9s populaires mais\u00a0cinq magistrats professionnels qui jugent en cour criminelle d\u00e9partementale.<\/p>\n<p>\u00c0 lire aussi   <img decoding=\"async\" src=\"https:\/\/www.europesays.com\/fr\/wp-content\/uploads\/2025\/09\/1756874832_945_560x315\" alt=\"Le proc\u00e8s de l'ancien brigadier pour viols sur enfants s'est ouvert devant la cour criminelle d\u00e9partementale d'Aix-en-Provence ce lundi 1er septembre 2025.\" style=\"--_image-preview:url('data:image\/jpeg;base64,\/9j\/2wBDACgcHiMeGSgjISMtKygwPGRBPDc3PHtYXUlkkYCZlo+AjIqgtObDoKrarYqMyP\/L2u71\/\/\/\/m8H\/\/\/\/6\/+b9\/\/j\/2wBDASstLTw1PHZBQXb4pYyl+Pj4+Pj4+Pj4+Pj4+Pj4+Pj4+Pj4+Pj4+Pj4+Pj4+Pj4+Pj4+Pj4+Pj4+Pj4+Pj4+Pj\/wAARCAAXACoDASIAAhEBAxEB\/8QAGAAAAwEBAAAAAAAAAAAAAAAAAAEEAgP\/xAAZEAEBAQEBAQAAAAAAAAAAAAAAARITAhH\/xAAWAQEBAQAAAAAAAAAAAAAAAAAAAQL\/xAAVEQEBAAAAAAAAAAAAAAAAAAAAEf\/aAAwDAQACEQMRAD8A10Laaez2lWKNntPothFPQ+iXZdAjhK3KAjR\/StAEZvpnQAP\/2Q==');\" loading=\"lazy\" fetchpriority=\"low\" aria-hidden=\"true\" class=\"svelte-1pnmlwx rounded\" onload=\"this.__e=event\" onerror=\"this.__e=event\"\/>\u00c0 lire aussi   <img decoding=\"async\" src=\"https:\/\/www.europesays.com\/fr\/wp-content\/uploads\/2025\/09\/1756874833_625_560x315\" alt=\"L'ancien policier jug\u00e9 pour viols sur mineurs \u00e0 partir de ce lundi 1er septembre 2025, travaillait \u00e0 la brigade des mineurs de Marseille au moment des faits.\" style=\"--_image-preview:url('data:image\/jpeg;base64,\/9j\/2wBDACgcHiMeGSgjISMtKygwPGRBPDc3PHtYXUlkkYCZlo+AjIqgtObDoKrarYqMyP\/L2u71\/\/\/\/m8H\/\/\/\/6\/+b9\/\/j\/2wBDASstLTw1PHZBQXb4pYyl+Pj4+Pj4+Pj4+Pj4+Pj4+Pj4+Pj4+Pj4+Pj4+Pj4+Pj4+Pj4+Pj4+Pj4+Pj4+Pj4+Pj\/wAARCAAXACoDASIAAhEBAxEB\/8QAGQAAAwEBAQAAAAAAAAAAAAAAAAIDAQQF\/8QAGBABAQEBAQAAAAAAAAAAAAAAAAIBAxH\/xAAWAQEBAQAAAAAAAAAAAAAAAAABAAL\/xAAUEQEAAAAAAAAAAAAAAAAAAAAA\/9oADAMBAAIRAxEAPwDvqkLou9ErsNM6U5r090hehErSNrS+lPR2yVYCKVUlWgIJ7pQEH\/\/Z');\" loading=\"lazy\" fetchpriority=\"low\" aria-hidden=\"true\" class=\"svelte-1pnmlwx rounded\" onload=\"this.__e=event\" onerror=\"this.__e=event\"\/><\/p>\n","protected":false},"excerpt":{"rendered":"Ce mardi 2 septembre 2025, au deuxi\u00e8me jour du proc\u00e8s de l&rsquo;ancien policier accus\u00e9 de viols sur enfants,&hellip;\n","protected":false},"author":2,"featured_media":362437,"comment_status":"","ping_status":"","sticky":false,"template":"","format":"standard","meta":{"footnotes":""},"categories":[2814],"tags":[1111,11,1777,674,1011,27,884,12,882,25],"class_list":{"0":"post-362436","1":"post","2":"type-post","3":"status-publish","4":"format-standard","5":"has-post-thumbnail","7":"category-marseille","8":"tag-actu","9":"tag-actualites","10":"tag-eu","11":"tag-europe","12":"tag-fr","13":"tag-france","14":"tag-marseille","15":"tag-news","16":"tag-provence-alpes-cote-dazur","17":"tag-republique-francaise"},"share_on_mastodon":{"url":"https:\/\/pubeurope.com\/@fr\/115138556394770736","error":""},"_links":{"self":[{"href":"https:\/\/www.europesays.com\/fr\/wp-json\/wp\/v2\/posts\/362436","targetHints":{"allow":["GET"]}}],"collection":[{"href":"https:\/\/www.europesays.com\/fr\/wp-json\/wp\/v2\/posts"}],"about":[{"href":"https:\/\/www.europesays.com\/fr\/wp-json\/wp\/v2\/types\/post"}],"author":[{"embeddable":true,"href":"https:\/\/www.europesays.com\/fr\/wp-json\/wp\/v2\/users\/2"}],"replies":[{"embeddable":true,"href":"https:\/\/www.europesays.com\/fr\/wp-json\/wp\/v2\/comments?post=362436"}],"version-history":[{"count":0,"href":"https:\/\/www.europesays.com\/fr\/wp-json\/wp\/v2\/posts\/362436\/revisions"}],"wp:featuredmedia":[{"embeddable":true,"href":"https:\/\/www.europesays.com\/fr\/wp-json\/wp\/v2\/media\/362437"}],"wp:attachment":[{"href":"https:\/\/www.europesays.com\/fr\/wp-json\/wp\/v2\/media?parent=362436"}],"wp:term":[{"taxonomy":"category","embeddable":true,"href":"https:\/\/www.europesays.com\/fr\/wp-json\/wp\/v2\/categories?post=362436"},{"taxonomy":"post_tag","embeddable":true,"href":"https:\/\/www.europesays.com\/fr\/wp-json\/wp\/v2\/tags?post=362436"}],"curies":[{"name":"wp","href":"https:\/\/api.w.org\/{rel}","templated":true}]}}