{"id":362440,"date":"2025-09-03T04:49:26","date_gmt":"2025-09-03T04:49:26","guid":{"rendered":"https:\/\/www.europesays.com\/fr\/362440\/"},"modified":"2025-09-03T04:49:26","modified_gmt":"2025-09-03T04:49:26","slug":"la-soeur-de-la-victime-bouleversee-par-le-drame-temoigne","status":"publish","type":"post","link":"https:\/\/www.europesays.com\/fr\/362440\/","title":{"rendered":"la s\u0153ur de la victime, \u00abboulevers\u00e9e\u00bb par le drame, t\u00e9moigne"},"content":{"rendered":"<p class=\"intro \">Un adolescent de 16 ans a \u00e9t\u00e9 tu\u00e9 \u00e0 l&rsquo;arme blanche, ce dimanche 31 ao\u00fbt, \u00e0 Caluire-et-Cuire, pr\u00e8s de Lyon. Le suspect, toujours en garde \u00e0 vue, est un mineur de 13 ans, qui aurait agress\u00e9 la victime pour voler son t\u00e9l\u00e9phone portable. Inconsolable, sa s\u0153ur de 18 ans, hurle \u00e0 l&rsquo;injustice au micro d&rsquo;Europe 1.<\/p>\n<p>Chems\u00e9dine, 16 ans, \u00e9tait le rayon de soleil de la famille. Cet adolescent a perdu la vie, ce dimanche 31 ao\u00fbt, apr\u00e8s avoir \u00e9t\u00e9 <a href=\"https:\/\/www.europe1.fr\/faits-divers\/lyon-un-lyceen-de-16-ans-poignarde-a-mort-dans-la-rue-lagresseur-toujours-recherche-770993\" rel=\"nofollow noopener\" target=\"_blank\">poignard\u00e9 \u00e0 mort par un mineur de 13 ans<\/a> qui aurait essay\u00e9 de lui voler son t\u00e9l\u00e9phone portable, \u00e0 Caluire-et-Cuire, pr\u00e8s de <a href=\"https:\/\/www.europe1.fr\/dossiers\/lyon\" rel=\"nofollow noopener\" target=\"_blank\">Lyon <\/a>(Rh\u00f4ne).<\/p>\n<p>    La suite apr\u00e8s cette publicit\u00e9<\/p>\n<p>    La suite apr\u00e8s cette publicit\u00e9<\/p>\n<p>Ce gar\u00e7on joyeux, mais \u00e9galement timide et introverti comme le d\u00e9crivent ses proches, aurait d\u00fb faire sa rentr\u00e9e en premi\u00e8re le lendemain du meurtre.<\/p>\n<p>Un agresseur jug\u00e9 mena\u00e7ant dans le quartier<\/p>\n<p>\u00ab\u00a0Je suis boulevers\u00e9e. Je ne sais pas si je vais r\u00e9ussir \u00e0 m&rsquo;en remettre. Parce que c&rsquo;\u00e9tait mon petit fr\u00e8re. Je voulais faire beaucoup de choses avec lui, dans la vie. Je le regrette beaucoup. C&rsquo;est injuste et je ne comprends pas comment on a pu en arriver l\u00e0\u00a0\u00bb, explique sa s\u0153ur de 18 ans, inconsolable.<\/p>\n<p>    La suite apr\u00e8s cette publicit\u00e9<\/p>\n<p>    La suite apr\u00e8s cette publicit\u00e9<\/p>\n<p>Depuis plusieurs mois, son fr\u00e8re subissait le racket de son agresseur. Un adolescent \u00e2g\u00e9 de seulement 13 ans mais tr\u00e8s mena\u00e7ant, selon elle.<\/p>\n<p>\u00ab\u00a0Une fois, il a essay\u00e9 de le racketter, de lui prendre sa casquette et son t\u00e9l\u00e9phone. Mais mon fr\u00e8re ne s&rsquo;est pas laiss\u00e9 faire, il lui a dit non. Tout le monde disait la m\u00eame chose de ce jeune en fait : qu&rsquo;il \u00e9tait mena\u00e7ant, qu&rsquo;on le regardait \u00e0 peine et qu&rsquo;il voulait directement s&#8217;embrouiller avec la personne qui l&rsquo;avait regard\u00e9. Il \u00e9tait violent en fait\u00a0\u00bb, a-t-elle ajout\u00e9.<\/p>\n<p>    La suite apr\u00e8s cette publicit\u00e9<\/p>\n<p>    La suite apr\u00e8s cette publicit\u00e9<\/p>\n<p>L&rsquo;agresseur, qui faisait partie du centre de formation de l&rsquo;Olympique Lyonnais, est toujours en garde \u00e0 vue ce mercredi 3 septembre.<\/p>\n<p>&gt;&gt; <a href=\"https:\/\/www.europe1.fr\/emissions\/Les-journaux-de-la-redaction\" rel=\"nofollow noopener\" target=\"_blank\">Retrouvez tous les journaux de la r\u00e9daction d&rsquo;Europe 1 en replay et en podcast ici<\/a><\/p>\n","protected":false},"excerpt":{"rendered":"Un adolescent de 16 ans a \u00e9t\u00e9 tu\u00e9 \u00e0 l&rsquo;arme blanche, ce dimanche 31 ao\u00fbt, \u00e0 Caluire-et-Cuire, pr\u00e8s&hellip;\n","protected":false},"author":2,"featured_media":362441,"comment_status":"","ping_status":"","sticky":false,"template":"","format":"standard","meta":{"footnotes":""},"categories":[1889],"tags":[1111,11,2430,1777,674,1011,27,2428,12,25],"class_list":{"0":"post-362440","1":"post","2":"type-post","3":"status-publish","4":"format-standard","5":"has-post-thumbnail","7":"category-lyon","8":"tag-actu","9":"tag-actualites","10":"tag-auvergne-rhone-alpes","11":"tag-eu","12":"tag-europe","13":"tag-fr","14":"tag-france","15":"tag-lyon","16":"tag-news","17":"tag-republique-francaise"},"share_on_mastodon":{"url":"https:\/\/pubeurope.com\/@fr\/115138564264163528","error":""},"_links":{"self":[{"href":"https:\/\/www.europesays.com\/fr\/wp-json\/wp\/v2\/posts\/362440","targetHints":{"allow":["GET"]}}],"collection":[{"href":"https:\/\/www.europesays.com\/fr\/wp-json\/wp\/v2\/posts"}],"about":[{"href":"https:\/\/www.europesays.com\/fr\/wp-json\/wp\/v2\/types\/post"}],"author":[{"embeddable":true,"href":"https:\/\/www.europesays.com\/fr\/wp-json\/wp\/v2\/users\/2"}],"replies":[{"embeddable":true,"href":"https:\/\/www.europesays.com\/fr\/wp-json\/wp\/v2\/comments?post=362440"}],"version-history":[{"count":0,"href":"https:\/\/www.europesays.com\/fr\/wp-json\/wp\/v2\/posts\/362440\/revisions"}],"wp:featuredmedia":[{"embeddable":true,"href":"https:\/\/www.europesays.com\/fr\/wp-json\/wp\/v2\/media\/362441"}],"wp:attachment":[{"href":"https:\/\/www.europesays.com\/fr\/wp-json\/wp\/v2\/media?parent=362440"}],"wp:term":[{"taxonomy":"category","embeddable":true,"href":"https:\/\/www.europesays.com\/fr\/wp-json\/wp\/v2\/categories?post=362440"},{"taxonomy":"post_tag","embeddable":true,"href":"https:\/\/www.europesays.com\/fr\/wp-json\/wp\/v2\/tags?post=362440"}],"curies":[{"name":"wp","href":"https:\/\/api.w.org\/{rel}","templated":true}]}}